{"id":2605,"date":"2013-05-24T12:19:09","date_gmt":"2013-05-24T10:19:09","guid":{"rendered":"https:\/\/www.europaskolan.se\/wordpress\/?p=2605"},"modified":"2019-05-28T09:07:47","modified_gmt":"2019-05-28T07:07:47","slug":"forsta-pris-for-basta-uf-foretag-for-fjarde-aret-i-rad","status":"publish","type":"post","link":"https:\/\/www.europaskolan.se\/strangnas\/forsta-pris-for-basta-uf-foretag-for-fjarde-aret-i-rad\/","title":{"rendered":"F\u00f6rsta pris f\u00f6r b\u00e4sta UF-f\u00f6retag \u2013 f\u00f6r fj\u00e4rde \u00e5ret i rad"},"content":{"rendered":"<p><a href=\"http:\/\/strangnas.europaskolan.org\/wp-content\/uploads\/2013\/05\/UF-vinnare.jpg\"><img fetchpriority=\"high\" decoding=\"async\" class=\"alignnone wp-image-2617 size-full\" src=\"https:\/\/www.europaskolan.se\/strangnas\/wp-content\/uploads\/sites\/2\/2013\/05\/UF-vinnare-1.jpg\" alt=\"UF-vinnare\" width=\"680\" height=\"220\" srcset=\"https:\/\/www.europaskolan.se\/strangnas\/wp-content\/uploads\/sites\/2\/2013\/05\/UF-vinnare-1.jpg 680w, https:\/\/www.europaskolan.se\/strangnas\/wp-content\/uploads\/sites\/2\/2013\/05\/UF-vinnare-1-300x97.jpg 300w\" sizes=\"(max-width: 680px) 100vw, 680px\" \/><\/a><\/p>\n<p>\u00c5rets regionala UF-m\u00e4ssa i Nyk\u00f6ping \u00e4r avslutad. Europaskolan Str\u00e4ngn\u00e4s kammade hem \u2013f\u00f6r fj\u00e4rde \u00e5ret i rad \u2013 f\u00f6rsta pris f\u00f6r b\u00e4sta UF-f\u00f6retag med Bake &amp; Break UF. Dessutom vann l\u00e4raren Robert Berg kategorin \u201d\u00c5rets UF-l\u00e4rare\u201d.<\/p>\n<p>Europaskolan Str\u00e4ngn\u00e4s elever vann f\u00f6rsta-, andra eller tredjepris i flera kategorier:<\/p>\n<p>1:a B\u00e4sta UF-f\u00f6retag: Bake &amp; Break UF<span style=\"font-family: Arial, sans-serif;\">\u00a0<\/span><span style=\"font-family: Arial, sans-serif;\"><br \/>\n1:a B\u00e4sta Innovation: F.E.A UF<\/span><span style=\"font-family: Arial, sans-serif;\">\u00a0<\/span><span style=\"font-family: Arial, sans-serif;\"><br \/>\n1:a Milj\u00f6priset: Power of Shower UF<\/span><span style=\"font-family: Arial, sans-serif;\">\u00a0<\/span><span style=\"font-family: Arial, sans-serif;\"><br \/>\n2:a B\u00e4sta S\u00e4ljare: M\u00e4rta Eriksson<\/span><span style=\"font-family: Arial, sans-serif;\">\u00a0<\/span><span style=\"font-family: Arial, sans-serif;\"><br \/>\n2:a B\u00e4sta Aff\u00e4rsplan: Bake &amp; Break UF<\/span><span style=\"font-family: Arial, sans-serif;\">\u00a0<\/span><span style=\"font-family: Arial, sans-serif;\"><br \/>\n2:a B\u00e4sta Vara: Power of shower UF<\/span><span style=\"font-family: Arial, sans-serif;\">\u00a0<\/span><span style=\"font-family: Arial, sans-serif;\"><br \/>\n2:a B\u00e4sta Innovation: Kitanzi UF<\/span><span style=\"font-family: Arial, sans-serif;\">\u00a0<\/span><span style=\"font-family: Arial, sans-serif;\"><br \/>\n3:a B\u00e4sta UF-f\u00f6retag: G.S\u00f6rml\u00e4ndsk Gourmet UF<\/span><span style=\"font-family: Arial, sans-serif;\">\u00a0<\/span><span style=\"font-family: Arial, sans-serif;\"><br \/>\n3:a B\u00e4sta Hantverk: G. S\u00f6rml\u00e4ndsk Gourmet UF<\/span><span style=\"font-family: Arial, sans-serif;\">\u00a0<\/span><span style=\"font-family: Arial, sans-serif;\"><br \/>\n3:a B\u00e4sta Aff\u00e4rsplan: Power of Shower UF<\/span><span style=\"font-family: Arial, sans-serif;\"><br \/>\n<\/span>1:a \u00c5rets UF-l\u00e4rare: Robert Berg, Europaskolan Str\u00e4ngn\u00e4s<\/p>\n<p>Europaskolan Str\u00e4ngn\u00e4s gratulerar elever och l\u00e4rare till enast\u00e5ende framg\u00e5ngar d\u00e4r vi vunnit 11 av 35 priser!<span style=\"font-family: Arial, sans-serif;\">\u00a0<\/span><\/p>\n<p>L\u00e4s artikeln i<span style=\"font-family: Arial, sans-serif;\">\u00a0<\/span><a href=\"http:\/\/ekuriren.se\/jobbpengar\/1.1727706-full-fart-pa-uf-massan\" target=\"_blank\" rel=\"noopener noreferrer\"><span style=\"font-family: Arial, sans-serif;\">ekuriren<\/span><\/a><\/p>\n","protected":false},"excerpt":{"rendered":"<p>\u00c5rets regionala UF-m\u00e4ssa i Nyk\u00f6ping \u00e4r avslutad. Europaskolan Str\u00e4ngn\u00e4s kammade hem \u2013f\u00f6r fj\u00e4rde \u00e5ret i rad \u2013 f\u00f6rsta pris f\u00f6r b\u00e4sta UF-f\u00f6retag med Bake &amp; Break UF. Dessutom vann l\u00e4raren Robert Berg kategorin \u201d\u00c5rets UF-l\u00e4rare\u201d. Europaskolan Str\u00e4ngn\u00e4s elever vann f\u00f6rsta-, andra eller tredjepris i flera kategorier: 1:a B\u00e4sta UF-f\u00f6retag: Bake &amp; Break UF\u00a0 1:a B\u00e4sta [&hellip;]<\/p>\n","protected":false},"author":2,"featured_media":2617,"comment_status":"closed","ping_status":"closed","sticky":false,"template":"","format":"standard","meta":{"footnotes":""},"categories":[11],"tags":[],"class_list":["post-2605","post","type-post","status-publish","format-standard","has-post-thumbnail","hentry","category-utmarkelser-europaskolan-strangnas"],"blocksy_meta":[],"rttpg_featured_image_url":{"full":["https:\/\/www.europaskolan.se\/strangnas\/wp-content\/uploads\/sites\/2\/2013\/05\/UF-vinnare-1.jpg",680,220,false],"landscape":["https:\/\/www.europaskolan.se\/strangnas\/wp-content\/uploads\/sites\/2\/2013\/05\/UF-vinnare-1.jpg",680,220,false],"portraits":["https:\/\/www.europaskolan.se\/strangnas\/wp-content\/uploads\/sites\/2\/2013\/05\/UF-vinnare-1.jpg",680,220,false],"thumbnail":["https:\/\/www.europaskolan.se\/strangnas\/wp-content\/uploads\/sites\/2\/2013\/05\/UF-vinnare-1-150x150.jpg",150,150,true],"medium":["https:\/\/www.europaskolan.se\/strangnas\/wp-content\/uploads\/sites\/2\/2013\/05\/UF-vinnare-1-300x97.jpg",300,97,true],"large":["https:\/\/www.europaskolan.se\/strangnas\/wp-content\/uploads\/sites\/2\/2013\/05\/UF-vinnare-1.jpg",680,220,false],"1536x1536":["https:\/\/www.europaskolan.se\/strangnas\/wp-content\/uploads\/sites\/2\/2013\/05\/UF-vinnare-1.jpg",680,220,false],"2048x2048":["https:\/\/www.europaskolan.se\/strangnas\/wp-content\/uploads\/sites\/2\/2013\/05\/UF-vinnare-1.jpg",680,220,false],"sow-carousel-default":["https:\/\/www.europaskolan.se\/strangnas\/wp-content\/uploads\/sites\/2\/2013\/05\/UF-vinnare-1.jpg",272,88,false]},"rttpg_author":{"display_name":"camilla","author_link":"https:\/\/www.europaskolan.se\/strangnas\/author\/camilla\/"},"rttpg_comment":0,"rttpg_category":"<a href=\"https:\/\/www.europaskolan.se\/strangnas\/category\/utmarkelser-europaskolan-strangnas\/\" rel=\"category tag\">Utm\u00e4rkelser \u2013 Europaskolan Str\u00e4ngn\u00e4s<\/a>","rttpg_excerpt":"\u00c5rets regionala UF-m\u00e4ssa i Nyk\u00f6ping \u00e4r avslutad. Europaskolan Str\u00e4ngn\u00e4s kammade hem \u2013f\u00f6r fj\u00e4rde \u00e5ret i rad \u2013 f\u00f6rsta pris f\u00f6r b\u00e4sta UF-f\u00f6retag med Bake &amp; Break UF. Dessutom vann l\u00e4raren Robert Berg kategorin \u201d\u00c5rets UF-l\u00e4rare\u201d. Europaskolan Str\u00e4ngn\u00e4s elever vann f\u00f6rsta-, andra eller tredjepris i flera kategorier: 1:a B\u00e4sta UF-f\u00f6retag: Bake &amp; Break UF\u00a0 1:a B\u00e4sta&hellip;","_links":{"self":[{"href":"https:\/\/www.europaskolan.se\/strangnas\/wp-json\/wp\/v2\/posts\/2605","targetHints":{"allow":["GET"]}}],"collection":[{"href":"https:\/\/www.europaskolan.se\/strangnas\/wp-json\/wp\/v2\/posts"}],"about":[{"href":"https:\/\/www.europaskolan.se\/strangnas\/wp-json\/wp\/v2\/types\/post"}],"author":[{"embeddable":true,"href":"https:\/\/www.europaskolan.se\/strangnas\/wp-json\/wp\/v2\/users\/2"}],"replies":[{"embeddable":true,"href":"https:\/\/www.europaskolan.se\/strangnas\/wp-json\/wp\/v2\/comments?post=2605"}],"version-history":[{"count":0,"href":"https:\/\/www.europaskolan.se\/strangnas\/wp-json\/wp\/v2\/posts\/2605\/revisions"}],"wp:featuredmedia":[{"embeddable":true,"href":"https:\/\/www.europaskolan.se\/strangnas\/wp-json\/wp\/v2\/media\/2617"}],"wp:attachment":[{"href":"https:\/\/www.europaskolan.se\/strangnas\/wp-json\/wp\/v2\/media?parent=2605"}],"wp:term":[{"taxonomy":"category","embeddable":true,"href":"https:\/\/www.europaskolan.se\/strangnas\/wp-json\/wp\/v2\/categories?post=2605"},{"taxonomy":"post_tag","embeddable":true,"href":"https:\/\/www.europaskolan.se\/strangnas\/wp-json\/wp\/v2\/tags?post=2605"}],"curies":[{"name":"wp","href":"https:\/\/api.w.org\/{rel}","templated":true}]}}