{"id":17197,"date":"2026-08-31T13:03:13","date_gmt":"2026-08-31T11:03:13","guid":{"rendered":"https:\/\/www.europaskolan.se\/strangnas\/?p=17197"},"modified":"2026-08-31T13:06:01","modified_gmt":"2026-08-31T11:06:01","slug":"nytt-lasar-pa-europaskolan-strangnas","status":"publish","type":"post","link":"https:\/\/www.europaskolan.se\/strangnas\/nytt-lasar-pa-europaskolan-strangnas\/","title":{"rendered":"Nytt l\u00e4s\u00e5r p\u00e5 Europaskolan Str\u00e4ngn\u00e4s"},"content":{"rendered":"<p><img fetchpriority=\"high\" decoding=\"async\" class=\"alignnone size-full wp-image-17198\" src=\"https:\/\/www.europaskolan.se\/strangnas\/wp-content\/uploads\/sites\/2\/2026\/08\/Skolstart-1-scaled.jpeg\" alt=\"\" width=\"2560\" height=\"1712\" srcset=\"https:\/\/www.europaskolan.se\/strangnas\/wp-content\/uploads\/sites\/2\/2026\/08\/Skolstart-1-scaled.jpeg 2560w, https:\/\/www.europaskolan.se\/strangnas\/wp-content\/uploads\/sites\/2\/2026\/08\/Skolstart-1-449x300.jpeg 449w, https:\/\/www.europaskolan.se\/strangnas\/wp-content\/uploads\/sites\/2\/2026\/08\/Skolstart-1-1024x685.jpeg 1024w, https:\/\/www.europaskolan.se\/strangnas\/wp-content\/uploads\/sites\/2\/2026\/08\/Skolstart-1-200x134.jpeg 200w, https:\/\/www.europaskolan.se\/strangnas\/wp-content\/uploads\/sites\/2\/2026\/08\/Skolstart-1-768x513.jpeg 768w, https:\/\/www.europaskolan.se\/strangnas\/wp-content\/uploads\/sites\/2\/2026\/08\/Skolstart-1-1536x1027.jpeg 1536w, https:\/\/www.europaskolan.se\/strangnas\/wp-content\/uploads\/sites\/2\/2026\/08\/Skolstart-1-2048x1369.jpeg 2048w, https:\/\/www.europaskolan.se\/strangnas\/wp-content\/uploads\/sites\/2\/2026\/08\/Skolstart-1-272x182.jpeg 272w\" sizes=\"(max-width: 2560px) 100vw, 2560px\" \/><\/p>\n<p>Nu \u00e4r vi \u00e4ntligen i g\u00e5ng med h\u00f6stterminen 2026 p\u00e5 Europaskolan Str\u00e4ngn\u00e4s. Under en intensiv men h\u00e4rlig skolstartsvecka har vi v\u00e4lkomnat och introducerat v\u00e5ra nya elever men \u00e4ven h\u00e4lsat v\u00e5ra tv\u00e5or och treor v\u00e4lkomna tillbaka. Veckan avslutades enligt tradition med den legendariska Sj\u00f6festen p\u00e5 \u00c5ngb\u00e5tsbron.<\/p>\n<p>F\u00f6rsta skoldagen startade med samling i Dj\u00e4knehallen, skolans aula. V\u00e5ra ettor v\u00e4lkomnades av Europaskolan Str\u00e4ngn\u00e4s rektor Marcus Lindvall. Sedan fick de ta del av grundl\u00e4ggande men nog s\u00e5 viktig information fr\u00e5n skolledningen. Eleverna fick dessutom med sig en hel del bra tips p\u00e5 hur man b\u00f6r planera sin tid p\u00e5 gymnasiet f\u00f6r att b\u00e5de n\u00e5 m\u00e5len och samtidigt ha roligt!<\/p>\n<p>D\u00e4refter f\u00f6ljde terminens f\u00f6rsta lunch och eleverna fick bekanta sig med skolans matsal som ligger i den tidigare j\u00e4rnhandeln, d\u00e4r det serverades hemlagad och delikat mat. Flera passade ocks\u00e5 p\u00e5 att bes\u00f6ka \u00c5ngb\u00e5tsbron, d\u00e4r det ut\u00f6ver fika med mera ocks\u00e5 erbjuds frukost varje morgon i skolans caf\u00e9.<\/p>\n<p>Sedan v\u00e4ntade en rundvandring p\u00e5 Stadscampus (som vi kallar skolans omr\u00e5de, d\u00e4r varje program har sitt eget hus) f\u00f6ljt av lite teambildande klasst\u00e4vlingar, allt f\u00f6r att eleverna skall l\u00e4ra k\u00e4nna b\u00e5de sin skolmilj\u00f6 och varandra b\u00e4ttre.<\/p>\n<p>P\u00e5 tisdagen var det sedan dags att h\u00e4lsa v\u00e5ra fina tv\u00e5or och treor v\u00e4lkomna tillbaka till skolan.<\/p>\n<p>Skolstartsveckan avslutades som tidigare n\u00e4mnts med den traditionsenliga Sj\u00f6festen. \u00c5rets kajakrace avgjordes under stor dramatik. Varje klass hade f\u00e5tt utse sina egna t\u00e4vlingsrepresentanter som det sedan entusiastiskt hejades p\u00e5.<\/p>\n<p>I \u00e5r gick den \u00e4rofyllda f\u00f6rstaplatsen till Viggo Scholtz i KFSCI24A. En mycket lyckad avslutning p\u00e5 terminens f\u00f6rsta vecka.<\/p>\n<p><img decoding=\"async\" class=\"alignnone wp-image-17200 size-large\" src=\"https:\/\/www.europaskolan.se\/strangnas\/wp-content\/uploads\/sites\/2\/2026\/08\/Skolstart-5-1024x1024.jpeg\" alt=\"\" width=\"1024\" height=\"1024\" srcset=\"https:\/\/www.europaskolan.se\/strangnas\/wp-content\/uploads\/sites\/2\/2026\/08\/Skolstart-5-1024x1024.jpeg 1024w, https:\/\/www.europaskolan.se\/strangnas\/wp-content\/uploads\/sites\/2\/2026\/08\/Skolstart-5-300x300.jpeg 300w, https:\/\/www.europaskolan.se\/strangnas\/wp-content\/uploads\/sites\/2\/2026\/08\/Skolstart-5-150x150.jpeg 150w, https:\/\/www.europaskolan.se\/strangnas\/wp-content\/uploads\/sites\/2\/2026\/08\/Skolstart-5-768x768.jpeg 768w, https:\/\/www.europaskolan.se\/strangnas\/wp-content\/uploads\/sites\/2\/2026\/08\/Skolstart-5.jpeg 1440w\" sizes=\"(max-width: 1024px) 100vw, 1024px\" \/> <img decoding=\"async\" class=\"alignnone wp-image-17201 size-large\" src=\"https:\/\/www.europaskolan.se\/strangnas\/wp-content\/uploads\/sites\/2\/2026\/08\/Skolstart-4-1024x685.jpeg\" alt=\"\" width=\"1024\" height=\"685\" srcset=\"https:\/\/www.europaskolan.se\/strangnas\/wp-content\/uploads\/sites\/2\/2026\/08\/Skolstart-4-1024x685.jpeg 1024w, https:\/\/www.europaskolan.se\/strangnas\/wp-content\/uploads\/sites\/2\/2026\/08\/Skolstart-4-449x300.jpeg 449w, https:\/\/www.europaskolan.se\/strangnas\/wp-content\/uploads\/sites\/2\/2026\/08\/Skolstart-4-200x134.jpeg 200w, https:\/\/www.europaskolan.se\/strangnas\/wp-content\/uploads\/sites\/2\/2026\/08\/Skolstart-4-768x513.jpeg 768w, https:\/\/www.europaskolan.se\/strangnas\/wp-content\/uploads\/sites\/2\/2026\/08\/Skolstart-4-1536x1027.jpeg 1536w, https:\/\/www.europaskolan.se\/strangnas\/wp-content\/uploads\/sites\/2\/2026\/08\/Skolstart-4-2048x1369.jpeg 2048w, https:\/\/www.europaskolan.se\/strangnas\/wp-content\/uploads\/sites\/2\/2026\/08\/Skolstart-4-272x182.jpeg 272w\" sizes=\"(max-width: 1024px) 100vw, 1024px\" \/> <img loading=\"lazy\" decoding=\"async\" class=\"alignnone wp-image-17202 size-large\" src=\"https:\/\/www.europaskolan.se\/strangnas\/wp-content\/uploads\/sites\/2\/2026\/08\/Skolstart-3-1024x688.jpeg\" alt=\"\" width=\"1024\" height=\"688\" srcset=\"https:\/\/www.europaskolan.se\/strangnas\/wp-content\/uploads\/sites\/2\/2026\/08\/Skolstart-3-1024x688.jpeg 1024w, https:\/\/www.europaskolan.se\/strangnas\/wp-content\/uploads\/sites\/2\/2026\/08\/Skolstart-3-447x300.jpeg 447w, https:\/\/www.europaskolan.se\/strangnas\/wp-content\/uploads\/sites\/2\/2026\/08\/Skolstart-3-200x134.jpeg 200w, https:\/\/www.europaskolan.se\/strangnas\/wp-content\/uploads\/sites\/2\/2026\/08\/Skolstart-3-768x516.jpeg 768w, https:\/\/www.europaskolan.se\/strangnas\/wp-content\/uploads\/sites\/2\/2026\/08\/Skolstart-3-1536x1031.jpeg 1536w, https:\/\/www.europaskolan.se\/strangnas\/wp-content\/uploads\/sites\/2\/2026\/08\/Skolstart-3-2048x1375.jpeg 2048w, https:\/\/www.europaskolan.se\/strangnas\/wp-content\/uploads\/sites\/2\/2026\/08\/Skolstart-3-272x182.jpeg 272w\" sizes=\"(max-width: 1024px) 100vw, 1024px\" \/> <img loading=\"lazy\" decoding=\"async\" class=\"alignnone wp-image-17203 size-large\" src=\"https:\/\/www.europaskolan.se\/strangnas\/wp-content\/uploads\/sites\/2\/2026\/08\/Skolstart-2-1024x685.jpeg\" alt=\"\" width=\"1024\" height=\"685\" srcset=\"https:\/\/www.europaskolan.se\/strangnas\/wp-content\/uploads\/sites\/2\/2026\/08\/Skolstart-2-1024x685.jpeg 1024w, https:\/\/www.europaskolan.se\/strangnas\/wp-content\/uploads\/sites\/2\/2026\/08\/Skolstart-2-449x300.jpeg 449w, https:\/\/www.europaskolan.se\/strangnas\/wp-content\/uploads\/sites\/2\/2026\/08\/Skolstart-2-200x134.jpeg 200w, https:\/\/www.europaskolan.se\/strangnas\/wp-content\/uploads\/sites\/2\/2026\/08\/Skolstart-2-768x513.jpeg 768w, https:\/\/www.europaskolan.se\/strangnas\/wp-content\/uploads\/sites\/2\/2026\/08\/Skolstart-2-1536x1027.jpeg 1536w, https:\/\/www.europaskolan.se\/strangnas\/wp-content\/uploads\/sites\/2\/2026\/08\/Skolstart-2-2048x1369.jpeg 2048w, https:\/\/www.europaskolan.se\/strangnas\/wp-content\/uploads\/sites\/2\/2026\/08\/Skolstart-2-272x182.jpeg 272w\" sizes=\"(max-width: 1024px) 100vw, 1024px\" \/><\/p>\n","protected":false},"excerpt":{"rendered":"<p>Nu \u00e4r vi \u00e4ntligen i g\u00e5ng med h\u00f6stterminen 2026 p\u00e5 Europaskolan Str\u00e4ngn\u00e4s. Under en intensiv men h\u00e4rlig skolstartsvecka har vi v\u00e4lkomnat och introducerat v\u00e5ra nya elever men \u00e4ven h\u00e4lsat v\u00e5ra tv\u00e5or och treor v\u00e4lkomna tillbaka. Veckan avslutades enligt tradition med den legendariska Sj\u00f6festen p\u00e5 \u00c5ngb\u00e5tsbron. F\u00f6rsta skoldagen startade med samling i Dj\u00e4knehallen, skolans aula. V\u00e5ra [&hellip;]<\/p>\n","protected":false},"author":1,"featured_media":17200,"comment_status":"closed","ping_status":"closed","sticky":false,"template":"","format":"standard","meta":{"footnotes":""},"categories":[3],"tags":[],"class_list":["post-17197","post","type-post","status-publish","format-standard","has-post-thumbnail","hentry","category-aktuellt-europaskolan-strangnas"],"blocksy_meta":[],"rttpg_featured_image_url":{"full":["https:\/\/www.europaskolan.se\/strangnas\/wp-content\/uploads\/sites\/2\/2026\/08\/Skolstart-5.jpeg",1440,1440,false],"landscape":["https:\/\/www.europaskolan.se\/strangnas\/wp-content\/uploads\/sites\/2\/2026\/08\/Skolstart-5.jpeg",1440,1440,false],"portraits":["https:\/\/www.europaskolan.se\/strangnas\/wp-content\/uploads\/sites\/2\/2026\/08\/Skolstart-5.jpeg",1440,1440,false],"thumbnail":["https:\/\/www.europaskolan.se\/strangnas\/wp-content\/uploads\/sites\/2\/2026\/08\/Skolstart-5-150x150.jpeg",150,150,true],"medium":["https:\/\/www.europaskolan.se\/strangnas\/wp-content\/uploads\/sites\/2\/2026\/08\/Skolstart-5-300x300.jpeg",300,300,true],"large":["https:\/\/www.europaskolan.se\/strangnas\/wp-content\/uploads\/sites\/2\/2026\/08\/Skolstart-5-1024x1024.jpeg",1024,1024,true],"1536x1536":["https:\/\/www.europaskolan.se\/strangnas\/wp-content\/uploads\/sites\/2\/2026\/08\/Skolstart-5.jpeg",1440,1440,false],"2048x2048":["https:\/\/www.europaskolan.se\/strangnas\/wp-content\/uploads\/sites\/2\/2026\/08\/Skolstart-5.jpeg",1440,1440,false],"sow-carousel-default":["https:\/\/www.europaskolan.se\/strangnas\/wp-content\/uploads\/sites\/2\/2026\/08\/Skolstart-5-272x182.jpeg",272,182,true]},"rttpg_author":{"display_name":"admin","author_link":"https:\/\/www.europaskolan.se\/strangnas\/author\/admin\/"},"rttpg_comment":0,"rttpg_category":"<a href=\"https:\/\/www.europaskolan.se\/strangnas\/category\/aktuellt-europaskolan-strangnas\/\" rel=\"category tag\">Aktuellt \u2013 Europaskolan Str\u00e4ngn\u00e4s<\/a>","rttpg_excerpt":"Nu \u00e4r vi \u00e4ntligen i g\u00e5ng med h\u00f6stterminen 2026 p\u00e5 Europaskolan Str\u00e4ngn\u00e4s. Under en intensiv men h\u00e4rlig skolstartsvecka har vi v\u00e4lkomnat och introducerat v\u00e5ra nya elever men \u00e4ven h\u00e4lsat v\u00e5ra tv\u00e5or och treor v\u00e4lkomna tillbaka. Veckan avslutades enligt tradition med den legendariska Sj\u00f6festen p\u00e5 \u00c5ngb\u00e5tsbron. F\u00f6rsta skoldagen startade med samling i Dj\u00e4knehallen, skolans aula. V\u00e5ra&hellip;","_links":{"self":[{"href":"https:\/\/www.europaskolan.se\/strangnas\/wp-json\/wp\/v2\/posts\/17197","targetHints":{"allow":["GET"]}}],"collection":[{"href":"https:\/\/www.europaskolan.se\/strangnas\/wp-json\/wp\/v2\/posts"}],"about":[{"href":"https:\/\/www.europaskolan.se\/strangnas\/wp-json\/wp\/v2\/types\/post"}],"author":[{"embeddable":true,"href":"https:\/\/www.europaskolan.se\/strangnas\/wp-json\/wp\/v2\/users\/1"}],"replies":[{"embeddable":true,"href":"https:\/\/www.europaskolan.se\/strangnas\/wp-json\/wp\/v2\/comments?post=17197"}],"version-history":[{"count":0,"href":"https:\/\/www.europaskolan.se\/strangnas\/wp-json\/wp\/v2\/posts\/17197\/revisions"}],"wp:featuredmedia":[{"embeddable":true,"href":"https:\/\/www.europaskolan.se\/strangnas\/wp-json\/wp\/v2\/media\/17200"}],"wp:attachment":[{"href":"https:\/\/www.europaskolan.se\/strangnas\/wp-json\/wp\/v2\/media?parent=17197"}],"wp:term":[{"taxonomy":"category","embeddable":true,"href":"https:\/\/www.europaskolan.se\/strangnas\/wp-json\/wp\/v2\/categories?post=17197"},{"taxonomy":"post_tag","embeddable":true,"href":"https:\/\/www.europaskolan.se\/strangnas\/wp-json\/wp\/v2\/tags?post=17197"}],"curies":[{"name":"wp","href":"https:\/\/api.w.org\/{rel}","templated":true}]}}