{"id":16858,"date":"2026-03-10T15:14:50","date_gmt":"2026-03-10T14:14:50","guid":{"rendered":"https:\/\/www.europaskolan.se\/strangnas\/?p=16858"},"modified":"2026-03-10T15:14:50","modified_gmt":"2026-03-10T14:14:50","slug":"sportlov-i-paris-for-jaya-genom-personlig-inbjudan","status":"publish","type":"post","link":"https:\/\/www.europaskolan.se\/strangnas\/sportlov-i-paris-for-jaya-genom-personlig-inbjudan\/","title":{"rendered":"Sportlov i Paris f\u00f6r Jaya genom personlig inbjudan"},"content":{"rendered":"<p><img fetchpriority=\"high\" decoding=\"async\" class=\"alignnone size-full wp-image-16863\" src=\"https:\/\/www.europaskolan.se\/strangnas\/wp-content\/uploads\/sites\/2\/2026\/03\/ESS_Jaya-i-Paris-1.jpg\" alt=\"\" width=\"1500\" height=\"1865\" srcset=\"https:\/\/www.europaskolan.se\/strangnas\/wp-content\/uploads\/sites\/2\/2026\/03\/ESS_Jaya-i-Paris-1.jpg 1500w, https:\/\/www.europaskolan.se\/strangnas\/wp-content\/uploads\/sites\/2\/2026\/03\/ESS_Jaya-i-Paris-1-241x300.jpg 241w, https:\/\/www.europaskolan.se\/strangnas\/wp-content\/uploads\/sites\/2\/2026\/03\/ESS_Jaya-i-Paris-1-824x1024.jpg 824w, https:\/\/www.europaskolan.se\/strangnas\/wp-content\/uploads\/sites\/2\/2026\/03\/ESS_Jaya-i-Paris-1-121x150.jpg 121w, https:\/\/www.europaskolan.se\/strangnas\/wp-content\/uploads\/sites\/2\/2026\/03\/ESS_Jaya-i-Paris-1-768x955.jpg 768w, https:\/\/www.europaskolan.se\/strangnas\/wp-content\/uploads\/sites\/2\/2026\/03\/ESS_Jaya-i-Paris-1-1235x1536.jpg 1235w\" sizes=\"(max-width: 1500px) 100vw, 1500px\" \/><\/p>\n<h6>Jaya framf\u00f6r L\u2019\u00c9lys\u00e9e, palatset d\u00e4r president Macron arbetar, tillsammans med barndomsv\u00e4nnen Coryan Auvray, som \u00e4r sekreterare \u00e5t Macron inom G7-samarbetet.<\/h6>\n<p><em>T\u00e4nk dig att som elev p\u00e5 Europaskolan Str\u00e4ngn\u00e4s f\u00e5 en personlig inbjudan till Paris och f\u00e5 m\u00f6jligheten att tr\u00e4ffa ordf\u00f6randen f\u00f6r G7 samt lyssna till en debatt i den franska riksdagen. Det \u00e4r precis vad Jaya Foucher i \u00e5rskurs 3 p\u00e5 Modern Humanities fick uppleva.<\/em><\/p>\n<p><strong>Jaya Foucher fick i \u00e5r n\u00e4mligen ett v\u00e4ldigt annorlunda sportlov.<\/strong> Via en personlig inbjudan fr\u00e5n The American University of Paris, och i s\u00e4llskap av Caroline Noreen, l\u00e4rare p\u00e5 Europaskolan Str\u00e4ngn\u00e4s, ersattes skid\u00e5kning och andra sportlovsaktiviteter med bes\u00f6k hos ordf\u00f6randen f\u00f6r G7, den franska riksdagen L\u2019Assembl\u00e9e nationale och amerikanska universitetet i Paris.<\/p>\n<p><strong>\u2013 Jag b\u00f6rjade min fyradagars resa till Paris<\/strong> <strong>med en guidad tur i Sorbonne<\/strong> d\u00e4r jag fick g\u00e5 runt i den gamla delen av universitetet. Det f\u00f6ljdes av en liknande tur p\u00e5 The American University of Paris, som ocks\u00e5 var de som bjudit in mig till Paris. Jag fick allts\u00e5 b\u00e5de en bild av ett \u00e4ldre universitet och ett betydligt nyare, ber\u00e4ttar Jaya Foucher.<\/p>\n<p><strong>Frankrike har f\u00f6r n\u00e4rvarande ordf\u00f6randeskapet i G7 <\/strong>(Group of Seven),\u00a0en sammanslutning av Kanada, Frankrike, Tyskland, Italien, Japan, Storbritannien och USA. I juni kommer G7-m\u00f6tet att h\u00e5llas i \u00c9vian i Frankrike och f\u00f6rberedelserna p\u00e5g\u00e5r just nu.<\/p>\n<p><strong>\u2013 Jag \u00e5t lunch med min barndomsv\u00e4n som i dag \u00e4r sekreterare f\u00f6r G7-samarbetet<\/strong> och d\u00e4rmed arbetar tillsammans med president Macron, som \u00e4r ordf\u00f6rande f\u00f6r G7. V\u00e4ldigt sp\u00e4nnande och l\u00e4rorikt att h\u00f6ra om det, s\u00e4ger Jaya.<\/p>\n<p><strong>Vid ett bes\u00f6k i L\u2019Assembl\u00e9e nationale fick Jaya och Caroline f\u00f6lja en debatt om livets slutskede och d\u00f6dshj\u00e4lp.<\/strong> Bara n\u00e5gra meter d\u00e4rifr\u00e5n satt en av Frankrikes f\u00f6re detta premi\u00e4rministrar, Gabriel Attal.<\/p>\n<p><strong>Ett bes\u00f6k i det kungliga biblioteket hanns ocks\u00e5 med,<\/strong> d\u00e4r bland annat Montesquieus skrifter och domarna om d\u00f6dsstraff mot Jeanne d\u2019Arc f\u00f6rvaras.<\/p>\n<p><img decoding=\"async\" class=\"alignnone size-full wp-image-16864\" src=\"https:\/\/www.europaskolan.se\/strangnas\/wp-content\/uploads\/sites\/2\/2026\/03\/ESS_Jaya-i-Paris-3.jpg\" alt=\"\" width=\"1500\" height=\"1649\" srcset=\"https:\/\/www.europaskolan.se\/strangnas\/wp-content\/uploads\/sites\/2\/2026\/03\/ESS_Jaya-i-Paris-3.jpg 1500w, https:\/\/www.europaskolan.se\/strangnas\/wp-content\/uploads\/sites\/2\/2026\/03\/ESS_Jaya-i-Paris-3-273x300.jpg 273w, https:\/\/www.europaskolan.se\/strangnas\/wp-content\/uploads\/sites\/2\/2026\/03\/ESS_Jaya-i-Paris-3-931x1024.jpg 931w, https:\/\/www.europaskolan.se\/strangnas\/wp-content\/uploads\/sites\/2\/2026\/03\/ESS_Jaya-i-Paris-3-136x150.jpg 136w, https:\/\/www.europaskolan.se\/strangnas\/wp-content\/uploads\/sites\/2\/2026\/03\/ESS_Jaya-i-Paris-3-768x844.jpg 768w, https:\/\/www.europaskolan.se\/strangnas\/wp-content\/uploads\/sites\/2\/2026\/03\/ESS_Jaya-i-Paris-3-1397x1536.jpg 1397w\" sizes=\"(max-width: 1500px) 100vw, 1500px\" \/><\/p>\n<h6>En bild inifr\u00e5n det magnifika Biblioth\u00e8que de l\u2019Assembl\u00e9e nationale (nationalf\u00f6rsamlingens bibliotek).<\/h6>\n<p><strong>De kulturella inslagen stannade inte d\u00e4r.<\/strong> Jaya och Caroline bes\u00f6kte \u00e4ven Mus\u00e9e Carnavalet, Petit Palais, \u00c9glise de la Madeleine, Paroisse Saint-Paul Saint-Louis och Fondation Cartier samt s\u00e5g en utst\u00e4llning p\u00e5 Grand Palais. Att ocks\u00e5 f\u00e5 se La Grande Arche efter filmen L\u2019inconnu de la Grande Arche var s\u00e4rskilt v\u00e4rdefullt.<\/p>\n<p><strong>\u2013 V\u00e4ldigt l\u00e4rorika och fullsp\u00e4ckade dagar.<\/strong> Som elev p\u00e5 Modern Humanities \u00e4r det h\u00e4r vad jag brinner f\u00f6r. Jag fick ocks\u00e5 en tydligare bild av vad jag vill studera efter gymnasiet och vad jag vill arbeta med i framtiden, avslutar en n\u00f6jd och glad Jaya.<\/p>\n<p><img decoding=\"async\" class=\"alignnone size-full wp-image-16862\" src=\"https:\/\/www.europaskolan.se\/strangnas\/wp-content\/uploads\/sites\/2\/2026\/03\/ESS_Jaya-i-Paris-2.jpg\" alt=\"\" width=\"1500\" height=\"1426\" srcset=\"https:\/\/www.europaskolan.se\/strangnas\/wp-content\/uploads\/sites\/2\/2026\/03\/ESS_Jaya-i-Paris-2.jpg 1500w, https:\/\/www.europaskolan.se\/strangnas\/wp-content\/uploads\/sites\/2\/2026\/03\/ESS_Jaya-i-Paris-2-316x300.jpg 316w, https:\/\/www.europaskolan.se\/strangnas\/wp-content\/uploads\/sites\/2\/2026\/03\/ESS_Jaya-i-Paris-2-1024x973.jpg 1024w, https:\/\/www.europaskolan.se\/strangnas\/wp-content\/uploads\/sites\/2\/2026\/03\/ESS_Jaya-i-Paris-2-158x150.jpg 158w, https:\/\/www.europaskolan.se\/strangnas\/wp-content\/uploads\/sites\/2\/2026\/03\/ESS_Jaya-i-Paris-2-768x730.jpg 768w\" sizes=\"(max-width: 1500px) 100vw, 1500px\" \/><\/p>\n<h6>Lite fransk lunch p\u00e5 Pont Alexandre III (Alexander den tredje bron) under n\u00e5gra intensiva dagar i Paris, med Eiffeltornet l\u00e5ngt bort i bakgrunden.<\/h6>\n","protected":false},"excerpt":{"rendered":"<p>Jaya framf\u00f6r L\u2019\u00c9lys\u00e9e, palatset d\u00e4r president Macron arbetar, tillsammans med barndomsv\u00e4nnen Coryan Auvray, som \u00e4r sekreterare \u00e5t Macron inom G7-samarbetet. T\u00e4nk dig att som elev p\u00e5 Europaskolan Str\u00e4ngn\u00e4s f\u00e5 en personlig inbjudan till Paris och f\u00e5 m\u00f6jligheten att tr\u00e4ffa ordf\u00f6randen f\u00f6r G7 samt lyssna till en debatt i den franska riksdagen. Det \u00e4r precis vad [&hellip;]<\/p>\n","protected":false},"author":2,"featured_media":16861,"comment_status":"closed","ping_status":"closed","sticky":false,"template":"","format":"standard","meta":{"footnotes":""},"categories":[3],"tags":[],"class_list":["post-16858","post","type-post","status-publish","format-standard","has-post-thumbnail","hentry","category-aktuellt-europaskolan-strangnas"],"blocksy_meta":[],"rttpg_featured_image_url":{"full":["https:\/\/www.europaskolan.se\/strangnas\/wp-content\/uploads\/sites\/2\/2026\/03\/ESS_Jaya-i-Paris-2U.jpg",500,380,false],"landscape":["https:\/\/www.europaskolan.se\/strangnas\/wp-content\/uploads\/sites\/2\/2026\/03\/ESS_Jaya-i-Paris-2U.jpg",500,380,false],"portraits":["https:\/\/www.europaskolan.se\/strangnas\/wp-content\/uploads\/sites\/2\/2026\/03\/ESS_Jaya-i-Paris-2U.jpg",500,380,false],"thumbnail":["https:\/\/www.europaskolan.se\/strangnas\/wp-content\/uploads\/sites\/2\/2026\/03\/ESS_Jaya-i-Paris-2U-197x150.jpg",197,150,true],"medium":["https:\/\/www.europaskolan.se\/strangnas\/wp-content\/uploads\/sites\/2\/2026\/03\/ESS_Jaya-i-Paris-2U-395x300.jpg",395,300,true],"large":["https:\/\/www.europaskolan.se\/strangnas\/wp-content\/uploads\/sites\/2\/2026\/03\/ESS_Jaya-i-Paris-2U.jpg",500,380,false],"1536x1536":["https:\/\/www.europaskolan.se\/strangnas\/wp-content\/uploads\/sites\/2\/2026\/03\/ESS_Jaya-i-Paris-2U.jpg",500,380,false],"2048x2048":["https:\/\/www.europaskolan.se\/strangnas\/wp-content\/uploads\/sites\/2\/2026\/03\/ESS_Jaya-i-Paris-2U.jpg",500,380,false],"sow-carousel-default":["https:\/\/www.europaskolan.se\/strangnas\/wp-content\/uploads\/sites\/2\/2026\/03\/ESS_Jaya-i-Paris-2U-272x182.jpg",272,182,true]},"rttpg_author":{"display_name":"camilla","author_link":"https:\/\/www.europaskolan.se\/strangnas\/author\/camilla\/"},"rttpg_comment":0,"rttpg_category":"<a href=\"https:\/\/www.europaskolan.se\/strangnas\/category\/aktuellt-europaskolan-strangnas\/\" rel=\"category tag\">Aktuellt \u2013 Europaskolan Str\u00e4ngn\u00e4s<\/a>","rttpg_excerpt":"Jaya framf\u00f6r L\u2019\u00c9lys\u00e9e, palatset d\u00e4r president Macron arbetar, tillsammans med barndomsv\u00e4nnen Coryan Auvray, som \u00e4r sekreterare \u00e5t Macron inom G7-samarbetet. T\u00e4nk dig att som elev p\u00e5 Europaskolan Str\u00e4ngn\u00e4s f\u00e5 en personlig inbjudan till Paris och f\u00e5 m\u00f6jligheten att tr\u00e4ffa ordf\u00f6randen f\u00f6r G7 samt lyssna till en debatt i den franska riksdagen. Det \u00e4r precis vad&hellip;","_links":{"self":[{"href":"https:\/\/www.europaskolan.se\/strangnas\/wp-json\/wp\/v2\/posts\/16858","targetHints":{"allow":["GET"]}}],"collection":[{"href":"https:\/\/www.europaskolan.se\/strangnas\/wp-json\/wp\/v2\/posts"}],"about":[{"href":"https:\/\/www.europaskolan.se\/strangnas\/wp-json\/wp\/v2\/types\/post"}],"author":[{"embeddable":true,"href":"https:\/\/www.europaskolan.se\/strangnas\/wp-json\/wp\/v2\/users\/2"}],"replies":[{"embeddable":true,"href":"https:\/\/www.europaskolan.se\/strangnas\/wp-json\/wp\/v2\/comments?post=16858"}],"version-history":[{"count":0,"href":"https:\/\/www.europaskolan.se\/strangnas\/wp-json\/wp\/v2\/posts\/16858\/revisions"}],"wp:featuredmedia":[{"embeddable":true,"href":"https:\/\/www.europaskolan.se\/strangnas\/wp-json\/wp\/v2\/media\/16861"}],"wp:attachment":[{"href":"https:\/\/www.europaskolan.se\/strangnas\/wp-json\/wp\/v2\/media?parent=16858"}],"wp:term":[{"taxonomy":"category","embeddable":true,"href":"https:\/\/www.europaskolan.se\/strangnas\/wp-json\/wp\/v2\/categories?post=16858"},{"taxonomy":"post_tag","embeddable":true,"href":"https:\/\/www.europaskolan.se\/strangnas\/wp-json\/wp\/v2\/tags?post=16858"}],"curies":[{"name":"wp","href":"https:\/\/api.w.org\/{rel}","templated":true}]}}