{"id":16552,"date":"2025-10-17T11:07:25","date_gmt":"2025-10-17T09:07:25","guid":{"rendered":"https:\/\/www.europaskolan.se\/strangnas\/?p=16552"},"modified":"2025-10-17T15:11:32","modified_gmt":"2025-10-17T13:11:32","slug":"kultur-i-fokus-under-sprakresor-till-spanien-och-frankrike","status":"publish","type":"post","link":"https:\/\/www.europaskolan.se\/strangnas\/kultur-i-fokus-under-sprakresor-till-spanien-och-frankrike\/","title":{"rendered":"Kultur i fokus under spr\u00e5kresor till Spanien och Frankrike"},"content":{"rendered":"\t\t<div data-elementor-type=\"wp-post\" data-elementor-id=\"16552\" class=\"elementor elementor-16552\" data-elementor-post-type=\"post\">\n\t\t\t\t\t\t<section class=\"elementor-section elementor-top-section elementor-element elementor-element-611f956 elementor-section-boxed elementor-section-height-default elementor-section-height-default\" data-id=\"611f956\" data-element_type=\"section\" data-e-type=\"section\">\n\t\t\t\t\t\t<div class=\"elementor-container elementor-column-gap-default\">\n\t\t\t\t\t<div class=\"elementor-column elementor-col-100 elementor-top-column elementor-element elementor-element-0706b60\" data-id=\"0706b60\" data-element_type=\"column\" data-e-type=\"column\">\n\t\t\t<div class=\"elementor-widget-wrap elementor-element-populated\">\n\t\t\t\t\t\t<div class=\"elementor-element elementor-element-f571169 elementor-widget__width-initial elementor-widget elementor-widget-text-editor\" data-id=\"f571169\" data-element_type=\"widget\" data-e-type=\"widget\" data-widget_type=\"text-editor.default\">\n\t\t\t\t<div class=\"elementor-widget-container\">\n\t\t\t\t\t\t\t\t\t<p data-start=\"121\" data-end=\"404\"><img fetchpriority=\"high\" decoding=\"async\" class=\"alignnone size-full wp-image-16556\" src=\"https:\/\/www.europaskolan.se\/strangnas\/wp-content\/uploads\/sites\/2\/2025\/10\/ESS__Paris-2025-1.jpg\" alt=\"\" width=\"1853\" height=\"924\" srcset=\"https:\/\/www.europaskolan.se\/strangnas\/wp-content\/uploads\/sites\/2\/2025\/10\/ESS__Paris-2025-1.jpg 1853w, https:\/\/www.europaskolan.se\/strangnas\/wp-content\/uploads\/sites\/2\/2025\/10\/ESS__Paris-2025-1-602x300.jpg 602w, https:\/\/www.europaskolan.se\/strangnas\/wp-content\/uploads\/sites\/2\/2025\/10\/ESS__Paris-2025-1-1024x511.jpg 1024w, https:\/\/www.europaskolan.se\/strangnas\/wp-content\/uploads\/sites\/2\/2025\/10\/ESS__Paris-2025-1-200x100.jpg 200w, https:\/\/www.europaskolan.se\/strangnas\/wp-content\/uploads\/sites\/2\/2025\/10\/ESS__Paris-2025-1-768x383.jpg 768w, https:\/\/www.europaskolan.se\/strangnas\/wp-content\/uploads\/sites\/2\/2025\/10\/ESS__Paris-2025-1-1536x766.jpg 1536w\" sizes=\"(max-width: 1853px) 100vw, 1853px\" \/><\/p><p data-start=\"121\" data-end=\"404\"><em>Genom sina spr\u00e5kstudier i spanska och franska har eleverna i \u00e5rskurs 3 p\u00e5 Europaskolan Str\u00e4ngn\u00e4s haft m\u00f6jligheten att i b\u00f6rjan av oktober uppt\u00e4cka Paris samt Sevilla och M\u00e1laga. De kulturella inslagen var m\u00e5nga, allt fr\u00e5n klassiska Eiffeltornet till en danskurs i flamenco.<\/em><\/p><p data-start=\"406\" data-end=\"709\"><strong>Eleverna som deltog p\u00e5 resan till Spanien fick bes\u00f6ka Sevilla och M\u00e1laga<\/strong>. I Sevilla, som ligger en bit upp i landet v\u00e4sterut fr\u00e5n M\u00e1laga p\u00e5 solkusten, bes\u00f6kte eleverna ett tjurf\u00e4ktningsmuseum. En rundtur med h\u00e4st och vagn blev det ocks\u00e5, innan det var dags att rulla h\u00f6fterna i en danskurs i flamenco.<\/p><p data-start=\"711\" data-end=\"1111\"><strong>I M\u00e1laga fick eleverna uppleva en virtual reality\u2011tour i stadens katedral,<\/strong> som byggdes mellan 1528 och 1782 i ren\u00e4ssansstil. De kulturella inslagen slutade inte d\u00e4r. Ett bes\u00f6k p\u00e5 konstmuseum hanns ocks\u00e5 med, liksom ett bes\u00f6k p\u00e5 Teatro Romano. Teatern uppt\u00e4cktes inte f\u00f6rr\u00e4n 1951, men byggdes redan p\u00e5 100\u2011talet e.Kr. under kejsare Augustus. I dag anv\u00e4nds teatern f\u00f6r utomhusf\u00f6rest\u00e4llningar.<br \/><br \/><\/p>\t\t\t\t\t\t\t\t<\/div>\n\t\t\t\t<\/div>\n\t\t\t\t<div class=\"elementor-element elementor-element-63caa77 elementor-widget elementor-widget-gallery\" data-id=\"63caa77\" data-element_type=\"widget\" data-e-type=\"widget\" data-settings=\"{&quot;lazyload&quot;:&quot;yes&quot;,&quot;gallery_layout&quot;:&quot;grid&quot;,&quot;columns&quot;:4,&quot;columns_tablet&quot;:2,&quot;columns_mobile&quot;:1,&quot;gap&quot;:{&quot;unit&quot;:&quot;px&quot;,&quot;size&quot;:10,&quot;sizes&quot;:[]},&quot;gap_tablet&quot;:{&quot;unit&quot;:&quot;px&quot;,&quot;size&quot;:10,&quot;sizes&quot;:[]},&quot;gap_mobile&quot;:{&quot;unit&quot;:&quot;px&quot;,&quot;size&quot;:10,&quot;sizes&quot;:[]},&quot;link_to&quot;:&quot;file&quot;,&quot;aspect_ratio&quot;:&quot;3:2&quot;,&quot;overlay_background&quot;:&quot;yes&quot;,&quot;content_hover_animation&quot;:&quot;fade-in&quot;}\" data-widget_type=\"gallery.default\">\n\t\t\t\t<div class=\"elementor-widget-container\">\n\t\t\t\t\t\t\t<div class=\"elementor-gallery__container\">\n\t\t\t\t\t\t\t<a class=\"e-gallery-item elementor-gallery-item elementor-animated-content\" href=\"https:\/\/www.europaskolan.se\/strangnas\/wp-content\/uploads\/sites\/2\/2025\/10\/ESS__Spanien-2025-10.jpg\" data-elementor-open-lightbox=\"yes\" data-elementor-lightbox-slideshow=\"63caa77\" data-elementor-lightbox-title=\"ESS__Spanien-2025-10\" data-e-action-hash=\"#elementor-action%3Aaction%3Dlightbox%26settings%3DeyJpZCI6MTY1NzUsInVybCI6Imh0dHBzOlwvXC93d3cuZXVyb3Bhc2tvbGFuLnNlXC9zdHJhbmduYXNcL3dwLWNvbnRlbnRcL3VwbG9hZHNcL3NpdGVzXC8yXC8yMDI1XC8xMFwvRVNTX19TcGFuaWVuLTIwMjUtMTAuanBnIiwic2xpZGVzaG93IjoiNjNjYWE3NyJ9\">\n\t\t\t\t\t<div class=\"e-gallery-image elementor-gallery-item__image\" data-thumbnail=\"https:\/\/www.europaskolan.se\/strangnas\/wp-content\/uploads\/sites\/2\/2025\/10\/ESS__Spanien-2025-10-241x300.jpg\" data-width=\"241\" data-height=\"300\" aria-label=\"\" role=\"img\" ><\/div>\n\t\t\t\t\t\t\t\t\t\t\t<div class=\"elementor-gallery-item__overlay\"><\/div>\n\t\t\t\t\t\t\t\t\t\t\t\t\t\t<\/a>\n\t\t\t\t\t\t\t<a class=\"e-gallery-item elementor-gallery-item elementor-animated-content\" href=\"https:\/\/www.europaskolan.se\/strangnas\/wp-content\/uploads\/sites\/2\/2025\/10\/ESS__Spanien-2025-9.jpg\" data-elementor-open-lightbox=\"yes\" data-elementor-lightbox-slideshow=\"63caa77\" data-elementor-lightbox-title=\"ESS__Spanien-2025-9\" data-e-action-hash=\"#elementor-action%3Aaction%3Dlightbox%26settings%3DeyJpZCI6MTY1NzMsInVybCI6Imh0dHBzOlwvXC93d3cuZXVyb3Bhc2tvbGFuLnNlXC9zdHJhbmduYXNcL3dwLWNvbnRlbnRcL3VwbG9hZHNcL3NpdGVzXC8yXC8yMDI1XC8xMFwvRVNTX19TcGFuaWVuLTIwMjUtOS5qcGciLCJzbGlkZXNob3ciOiI2M2NhYTc3In0%3D\">\n\t\t\t\t\t<div class=\"e-gallery-image elementor-gallery-item__image\" data-thumbnail=\"https:\/\/www.europaskolan.se\/strangnas\/wp-content\/uploads\/sites\/2\/2025\/10\/ESS__Spanien-2025-9-257x300.jpg\" data-width=\"257\" data-height=\"300\" aria-label=\"\" role=\"img\" ><\/div>\n\t\t\t\t\t\t\t\t\t\t\t<div class=\"elementor-gallery-item__overlay\"><\/div>\n\t\t\t\t\t\t\t\t\t\t\t\t\t\t<\/a>\n\t\t\t\t\t\t\t<a class=\"e-gallery-item elementor-gallery-item elementor-animated-content\" href=\"https:\/\/www.europaskolan.se\/strangnas\/wp-content\/uploads\/sites\/2\/2025\/10\/ESS__Spanien-2025-8.jpg\" data-elementor-open-lightbox=\"yes\" data-elementor-lightbox-slideshow=\"63caa77\" data-elementor-lightbox-title=\"ESS__Spanien-2025-8\" data-e-action-hash=\"#elementor-action%3Aaction%3Dlightbox%26settings%3DeyJpZCI6MTY1NzIsInVybCI6Imh0dHBzOlwvXC93d3cuZXVyb3Bhc2tvbGFuLnNlXC9zdHJhbmduYXNcL3dwLWNvbnRlbnRcL3VwbG9hZHNcL3NpdGVzXC8yXC8yMDI1XC8xMFwvRVNTX19TcGFuaWVuLTIwMjUtOC5qcGciLCJzbGlkZXNob3ciOiI2M2NhYTc3In0%3D\">\n\t\t\t\t\t<div class=\"e-gallery-image elementor-gallery-item__image\" data-thumbnail=\"https:\/\/www.europaskolan.se\/strangnas\/wp-content\/uploads\/sites\/2\/2025\/10\/ESS__Spanien-2025-8-342x300.jpg\" data-width=\"342\" data-height=\"300\" aria-label=\"\" role=\"img\" ><\/div>\n\t\t\t\t\t\t\t\t\t\t\t<div class=\"elementor-gallery-item__overlay\"><\/div>\n\t\t\t\t\t\t\t\t\t\t\t\t\t\t<\/a>\n\t\t\t\t\t\t\t<a class=\"e-gallery-item elementor-gallery-item elementor-animated-content\" href=\"https:\/\/www.europaskolan.se\/strangnas\/wp-content\/uploads\/sites\/2\/2025\/10\/ESS__Spanien-2025-7.jpg\" data-elementor-open-lightbox=\"yes\" data-elementor-lightbox-slideshow=\"63caa77\" data-elementor-lightbox-title=\"ESS__Spanien-2025-7\" data-e-action-hash=\"#elementor-action%3Aaction%3Dlightbox%26settings%3DeyJpZCI6MTY1NzEsInVybCI6Imh0dHBzOlwvXC93d3cuZXVyb3Bhc2tvbGFuLnNlXC9zdHJhbmduYXNcL3dwLWNvbnRlbnRcL3VwbG9hZHNcL3NpdGVzXC8yXC8yMDI1XC8xMFwvRVNTX19TcGFuaWVuLTIwMjUtNy5qcGciLCJzbGlkZXNob3ciOiI2M2NhYTc3In0%3D\">\n\t\t\t\t\t<div class=\"e-gallery-image elementor-gallery-item__image\" data-thumbnail=\"https:\/\/www.europaskolan.se\/strangnas\/wp-content\/uploads\/sites\/2\/2025\/10\/ESS__Spanien-2025-7-243x300.jpg\" data-width=\"243\" data-height=\"300\" aria-label=\"\" role=\"img\" ><\/div>\n\t\t\t\t\t\t\t\t\t\t\t<div class=\"elementor-gallery-item__overlay\"><\/div>\n\t\t\t\t\t\t\t\t\t\t\t\t\t\t<\/a>\n\t\t\t\t\t\t\t<a class=\"e-gallery-item elementor-gallery-item elementor-animated-content\" href=\"https:\/\/www.europaskolan.se\/strangnas\/wp-content\/uploads\/sites\/2\/2025\/10\/ESS__Spanien-2025-6.jpg\" data-elementor-open-lightbox=\"yes\" data-elementor-lightbox-slideshow=\"63caa77\" data-elementor-lightbox-title=\"ESS__Spanien-2025-6\" data-e-action-hash=\"#elementor-action%3Aaction%3Dlightbox%26settings%3DeyJpZCI6MTY1NzAsInVybCI6Imh0dHBzOlwvXC93d3cuZXVyb3Bhc2tvbGFuLnNlXC9zdHJhbmduYXNcL3dwLWNvbnRlbnRcL3VwbG9hZHNcL3NpdGVzXC8yXC8yMDI1XC8xMFwvRVNTX19TcGFuaWVuLTIwMjUtNi5qcGciLCJzbGlkZXNob3ciOiI2M2NhYTc3In0%3D\">\n\t\t\t\t\t<div class=\"e-gallery-image elementor-gallery-item__image\" data-thumbnail=\"https:\/\/www.europaskolan.se\/strangnas\/wp-content\/uploads\/sites\/2\/2025\/10\/ESS__Spanien-2025-6-269x300.jpg\" data-width=\"269\" data-height=\"300\" aria-label=\"\" role=\"img\" ><\/div>\n\t\t\t\t\t\t\t\t\t\t\t<div class=\"elementor-gallery-item__overlay\"><\/div>\n\t\t\t\t\t\t\t\t\t\t\t\t\t\t<\/a>\n\t\t\t\t\t\t\t<a class=\"e-gallery-item elementor-gallery-item elementor-animated-content\" href=\"https:\/\/www.europaskolan.se\/strangnas\/wp-content\/uploads\/sites\/2\/2025\/10\/ESS__Spanien-2025-5.jpg\" data-elementor-open-lightbox=\"yes\" data-elementor-lightbox-slideshow=\"63caa77\" data-elementor-lightbox-title=\"ESS__Spanien-2025-5\" data-e-action-hash=\"#elementor-action%3Aaction%3Dlightbox%26settings%3DeyJpZCI6MTY1NjksInVybCI6Imh0dHBzOlwvXC93d3cuZXVyb3Bhc2tvbGFuLnNlXC9zdHJhbmduYXNcL3dwLWNvbnRlbnRcL3VwbG9hZHNcL3NpdGVzXC8yXC8yMDI1XC8xMFwvRVNTX19TcGFuaWVuLTIwMjUtNS5qcGciLCJzbGlkZXNob3ciOiI2M2NhYTc3In0%3D\">\n\t\t\t\t\t<div class=\"e-gallery-image elementor-gallery-item__image\" data-thumbnail=\"https:\/\/www.europaskolan.se\/strangnas\/wp-content\/uploads\/sites\/2\/2025\/10\/ESS__Spanien-2025-5-212x300.jpg\" data-width=\"212\" data-height=\"300\" aria-label=\"\" role=\"img\" ><\/div>\n\t\t\t\t\t\t\t\t\t\t\t<div class=\"elementor-gallery-item__overlay\"><\/div>\n\t\t\t\t\t\t\t\t\t\t\t\t\t\t<\/a>\n\t\t\t\t\t\t\t<a class=\"e-gallery-item elementor-gallery-item elementor-animated-content\" href=\"https:\/\/www.europaskolan.se\/strangnas\/wp-content\/uploads\/sites\/2\/2025\/10\/ESS__Spanien-2025-4.jpg\" data-elementor-open-lightbox=\"yes\" data-elementor-lightbox-slideshow=\"63caa77\" data-elementor-lightbox-title=\"ESS__Spanien-2025-4\" data-e-action-hash=\"#elementor-action%3Aaction%3Dlightbox%26settings%3DeyJpZCI6MTY1NjgsInVybCI6Imh0dHBzOlwvXC93d3cuZXVyb3Bhc2tvbGFuLnNlXC9zdHJhbmduYXNcL3dwLWNvbnRlbnRcL3VwbG9hZHNcL3NpdGVzXC8yXC8yMDI1XC8xMFwvRVNTX19TcGFuaWVuLTIwMjUtNC5qcGciLCJzbGlkZXNob3ciOiI2M2NhYTc3In0%3D\">\n\t\t\t\t\t<div class=\"e-gallery-image elementor-gallery-item__image\" data-thumbnail=\"https:\/\/www.europaskolan.se\/strangnas\/wp-content\/uploads\/sites\/2\/2025\/10\/ESS__Spanien-2025-4-225x300.jpg\" data-width=\"225\" data-height=\"300\" aria-label=\"\" role=\"img\" ><\/div>\n\t\t\t\t\t\t\t\t\t\t\t<div class=\"elementor-gallery-item__overlay\"><\/div>\n\t\t\t\t\t\t\t\t\t\t\t\t\t\t<\/a>\n\t\t\t\t\t\t\t<a class=\"e-gallery-item elementor-gallery-item elementor-animated-content\" href=\"https:\/\/www.europaskolan.se\/strangnas\/wp-content\/uploads\/sites\/2\/2025\/10\/ESS__Spanien-2025-3.jpg\" data-elementor-open-lightbox=\"yes\" data-elementor-lightbox-slideshow=\"63caa77\" data-elementor-lightbox-title=\"ESS__Spanien-2025-3\" data-e-action-hash=\"#elementor-action%3Aaction%3Dlightbox%26settings%3DeyJpZCI6MTY1NjcsInVybCI6Imh0dHBzOlwvXC93d3cuZXVyb3Bhc2tvbGFuLnNlXC9zdHJhbmduYXNcL3dwLWNvbnRlbnRcL3VwbG9hZHNcL3NpdGVzXC8yXC8yMDI1XC8xMFwvRVNTX19TcGFuaWVuLTIwMjUtMy5qcGciLCJzbGlkZXNob3ciOiI2M2NhYTc3In0%3D\">\n\t\t\t\t\t<div class=\"e-gallery-image elementor-gallery-item__image\" data-thumbnail=\"https:\/\/www.europaskolan.se\/strangnas\/wp-content\/uploads\/sites\/2\/2025\/10\/ESS__Spanien-2025-3-309x300.jpg\" data-width=\"309\" data-height=\"300\" aria-label=\"\" role=\"img\" ><\/div>\n\t\t\t\t\t\t\t\t\t\t\t<div class=\"elementor-gallery-item__overlay\"><\/div>\n\t\t\t\t\t\t\t\t\t\t\t\t\t\t<\/a>\n\t\t\t\t\t\t\t<a class=\"e-gallery-item elementor-gallery-item elementor-animated-content\" href=\"https:\/\/www.europaskolan.se\/strangnas\/wp-content\/uploads\/sites\/2\/2025\/10\/ESS__Spanien-2025-1.jpg\" data-elementor-open-lightbox=\"yes\" data-elementor-lightbox-slideshow=\"63caa77\" data-elementor-lightbox-title=\"ESS__Spanien-2025-1\" data-e-action-hash=\"#elementor-action%3Aaction%3Dlightbox%26settings%3DeyJpZCI6MTY1NjYsInVybCI6Imh0dHBzOlwvXC93d3cuZXVyb3Bhc2tvbGFuLnNlXC9zdHJhbmduYXNcL3dwLWNvbnRlbnRcL3VwbG9hZHNcL3NpdGVzXC8yXC8yMDI1XC8xMFwvRVNTX19TcGFuaWVuLTIwMjUtMS5qcGciLCJzbGlkZXNob3ciOiI2M2NhYTc3In0%3D\">\n\t\t\t\t\t<div class=\"e-gallery-image elementor-gallery-item__image\" data-thumbnail=\"https:\/\/www.europaskolan.se\/strangnas\/wp-content\/uploads\/sites\/2\/2025\/10\/ESS__Spanien-2025-1-398x300.jpg\" data-width=\"398\" data-height=\"300\" aria-label=\"\" role=\"img\" ><\/div>\n\t\t\t\t\t\t\t\t\t\t\t<div class=\"elementor-gallery-item__overlay\"><\/div>\n\t\t\t\t\t\t\t\t\t\t\t\t\t\t<\/a>\n\t\t\t\t\t<\/div>\n\t\t\t\t\t<\/div>\n\t\t\t\t<\/div>\n\t\t\t\t<div class=\"elementor-element elementor-element-3d5ee5c elementor-widget elementor-widget-text-editor\" data-id=\"3d5ee5c\" data-element_type=\"widget\" data-e-type=\"widget\" data-widget_type=\"text-editor.default\">\n\t\t\t\t<div class=\"elementor-widget-container\">\n\t\t\t\t\t\t\t\t\t<p data-start=\"711\" data-end=\"1111\">\u00a0<strong>Eleverna som tog sikte p\u00e5 Paris fick sig ocks\u00e5 en ordentlig dos kultur.<\/strong> Eller vad s\u00e4gs om bes\u00f6k p\u00e5 Louvren, Eiffeltornet, Versailles, La Cit\u00e9 des Sciences, La Galerie Christian Dior, Op\u00e9ra Garnier och Montmartre med Sacr\u00e9\u2011C\u0153ur?<\/p><p data-start=\"1360\" data-end=\"1824\"><strong>La Cit\u00e9 des Sciences \u00e4r Europas st\u00f6rsta vetenskapliga centrum f\u00f6r utbildning.<\/strong> Eleverna fick se en film om James Webb\u2011teleskopet, v\u00e4rldens st\u00f6rsta och mest kraftfulla teleskop som skickats ut i rymden. Det s\u00e4ndes upp f\u00f6r snart fyra \u00e5r sedan fr\u00e5n den europeiska rymdbasen i Kourou, Franska Guyana. Teleskopet, som \u00e4r uppkallat efter den framlidne NASA\u2011chefen, ers\u00e4tter det klassiska Hubble\u2011teleskopet, som tj\u00e4nat v\u00e4rldens rymdforskare i \u00f6ver 30 \u00e5r.<\/p><p data-start=\"1826\" data-end=\"1960\"><strong>Dagen avslutades i Montmartre,<\/strong> d\u00e4r s\u00e4llskapet bes\u00f6kte Sacr\u00e9\u2011C\u0153ur, den romersk\u2011katolska basilikan med sin imponerande arkitektur.<\/p><p data-start=\"1962\" data-end=\"2421\"><strong>N\u00e4sta dag var det dags f\u00f6r ett bes\u00f6k i Versailles,<\/strong> mest k\u00e4nt f\u00f6r sitt palats men \u00e4ven f\u00f6r att h\u00e4r fredsavtalet efter f\u00f6rsta v\u00e4rldskriget tecknades. Eleverna fick ocks\u00e5 se La Galerie des Glaces, eller Spegelsalen, ett galleri i barockstil. D\u00e4refter bes\u00f6ktes La Salle des Croisades, en samling rum p\u00e5 slottet som fungerar som museum om bland annat de franska korst\u00e5gen. Ett bes\u00f6k i den storslagna och natursk\u00f6na parken utanf\u00f6r slottet hanns ocks\u00e5 med.<\/p><p data-start=\"2423\" data-end=\"2884\"><strong>Under de tv\u00e5 avslutande dagarna bes\u00f6kte s\u00e4llskapet Op\u00e9ra,<\/strong> Fondation Louis Vuitton och sedan La D\u00e9fense, ett relativt nytt kontorskomplex vars h\u00f6gsta byggnad m\u00e4ter 242 meter. Som avslutning bes\u00f6ktes Ch\u00e2teau de Vincennes, ett slott byggt redan i slutet av 1100\u2011talet, med n\u00e4ra koppling till den franska kungamaktens historia. Sista anhalt blev den helt nyrenoverade katedralen Notre\u2011Dame, som f\u00f6rst\u00f6rdes i en omfattande brand f\u00f6r n\u00e5gra \u00e5r sedan.<br \/><br \/><\/p>\t\t\t\t\t\t\t\t<\/div>\n\t\t\t\t<\/div>\n\t\t\t\t<div class=\"elementor-element elementor-element-efeb265 elementor-widget elementor-widget-gallery\" data-id=\"efeb265\" data-element_type=\"widget\" data-e-type=\"widget\" data-settings=\"{&quot;lazyload&quot;:&quot;yes&quot;,&quot;gallery_layout&quot;:&quot;grid&quot;,&quot;columns&quot;:4,&quot;columns_tablet&quot;:2,&quot;columns_mobile&quot;:1,&quot;gap&quot;:{&quot;unit&quot;:&quot;px&quot;,&quot;size&quot;:10,&quot;sizes&quot;:[]},&quot;gap_tablet&quot;:{&quot;unit&quot;:&quot;px&quot;,&quot;size&quot;:10,&quot;sizes&quot;:[]},&quot;gap_mobile&quot;:{&quot;unit&quot;:&quot;px&quot;,&quot;size&quot;:10,&quot;sizes&quot;:[]},&quot;link_to&quot;:&quot;file&quot;,&quot;aspect_ratio&quot;:&quot;3:2&quot;,&quot;overlay_background&quot;:&quot;yes&quot;,&quot;content_hover_animation&quot;:&quot;fade-in&quot;}\" data-widget_type=\"gallery.default\">\n\t\t\t\t<div class=\"elementor-widget-container\">\n\t\t\t\t\t\t\t<div class=\"elementor-gallery__container\">\n\t\t\t\t\t\t\t<a class=\"e-gallery-item elementor-gallery-item elementor-animated-content\" href=\"https:\/\/www.europaskolan.se\/strangnas\/wp-content\/uploads\/sites\/2\/2025\/10\/ESS__Paris-2025-1.jpg\" data-elementor-open-lightbox=\"yes\" data-elementor-lightbox-slideshow=\"efeb265\" data-elementor-lightbox-title=\"ESS__Paris-2025-1\" data-e-action-hash=\"#elementor-action%3Aaction%3Dlightbox%26settings%3DeyJpZCI6MTY1NTYsInVybCI6Imh0dHBzOlwvXC93d3cuZXVyb3Bhc2tvbGFuLnNlXC9zdHJhbmduYXNcL3dwLWNvbnRlbnRcL3VwbG9hZHNcL3NpdGVzXC8yXC8yMDI1XC8xMFwvRVNTX19QYXJpcy0yMDI1LTEuanBnIiwic2xpZGVzaG93IjoiZWZlYjI2NSJ9\">\n\t\t\t\t\t<div class=\"e-gallery-image elementor-gallery-item__image\" data-thumbnail=\"https:\/\/www.europaskolan.se\/strangnas\/wp-content\/uploads\/sites\/2\/2025\/10\/ESS__Paris-2025-1-602x300.jpg\" data-width=\"602\" data-height=\"300\" aria-label=\"\" role=\"img\" ><\/div>\n\t\t\t\t\t\t\t\t\t\t\t<div class=\"elementor-gallery-item__overlay\"><\/div>\n\t\t\t\t\t\t\t\t\t\t\t\t\t\t<\/a>\n\t\t\t\t\t\t\t<a class=\"e-gallery-item elementor-gallery-item elementor-animated-content\" href=\"https:\/\/www.europaskolan.se\/strangnas\/wp-content\/uploads\/sites\/2\/2025\/10\/ESS__Paris-2025-9.jpg\" data-elementor-open-lightbox=\"yes\" data-elementor-lightbox-slideshow=\"efeb265\" data-elementor-lightbox-title=\"ESS__Paris-2025-9\" data-e-action-hash=\"#elementor-action%3Aaction%3Dlightbox%26settings%3DeyJpZCI6MTY1NjUsInVybCI6Imh0dHBzOlwvXC93d3cuZXVyb3Bhc2tvbGFuLnNlXC9zdHJhbmduYXNcL3dwLWNvbnRlbnRcL3VwbG9hZHNcL3NpdGVzXC8yXC8yMDI1XC8xMFwvRVNTX19QYXJpcy0yMDI1LTkuanBnIiwic2xpZGVzaG93IjoiZWZlYjI2NSJ9\">\n\t\t\t\t\t<div class=\"e-gallery-image elementor-gallery-item__image\" data-thumbnail=\"https:\/\/www.europaskolan.se\/strangnas\/wp-content\/uploads\/sites\/2\/2025\/10\/ESS__Paris-2025-9-268x300.jpg\" data-width=\"268\" data-height=\"300\" aria-label=\"\" role=\"img\" ><\/div>\n\t\t\t\t\t\t\t\t\t\t\t<div class=\"elementor-gallery-item__overlay\"><\/div>\n\t\t\t\t\t\t\t\t\t\t\t\t\t\t<\/a>\n\t\t\t\t\t\t\t<a class=\"e-gallery-item elementor-gallery-item elementor-animated-content\" href=\"https:\/\/www.europaskolan.se\/strangnas\/wp-content\/uploads\/sites\/2\/2025\/10\/ESS__Paris-2025-8.jpg\" data-elementor-open-lightbox=\"yes\" data-elementor-lightbox-slideshow=\"efeb265\" data-elementor-lightbox-title=\"ESS__Paris-2025-8\" data-e-action-hash=\"#elementor-action%3Aaction%3Dlightbox%26settings%3DeyJpZCI6MTY1NjQsInVybCI6Imh0dHBzOlwvXC93d3cuZXVyb3Bhc2tvbGFuLnNlXC9zdHJhbmduYXNcL3dwLWNvbnRlbnRcL3VwbG9hZHNcL3NpdGVzXC8yXC8yMDI1XC8xMFwvRVNTX19QYXJpcy0yMDI1LTguanBnIiwic2xpZGVzaG93IjoiZWZlYjI2NSJ9\">\n\t\t\t\t\t<div class=\"e-gallery-image elementor-gallery-item__image\" data-thumbnail=\"https:\/\/www.europaskolan.se\/strangnas\/wp-content\/uploads\/sites\/2\/2025\/10\/ESS__Paris-2025-8-269x300.jpg\" data-width=\"269\" data-height=\"300\" aria-label=\"\" role=\"img\" ><\/div>\n\t\t\t\t\t\t\t\t\t\t\t<div class=\"elementor-gallery-item__overlay\"><\/div>\n\t\t\t\t\t\t\t\t\t\t\t\t\t\t<\/a>\n\t\t\t\t\t\t\t<a class=\"e-gallery-item elementor-gallery-item elementor-animated-content\" href=\"https:\/\/www.europaskolan.se\/strangnas\/wp-content\/uploads\/sites\/2\/2025\/10\/ESS__Paris-2025-6.jpg\" data-elementor-open-lightbox=\"yes\" data-elementor-lightbox-slideshow=\"efeb265\" data-elementor-lightbox-title=\"ESS__Paris-2025-6\" data-e-action-hash=\"#elementor-action%3Aaction%3Dlightbox%26settings%3DeyJpZCI6MTY1NjIsInVybCI6Imh0dHBzOlwvXC93d3cuZXVyb3Bhc2tvbGFuLnNlXC9zdHJhbmduYXNcL3dwLWNvbnRlbnRcL3VwbG9hZHNcL3NpdGVzXC8yXC8yMDI1XC8xMFwvRVNTX19QYXJpcy0yMDI1LTYuanBnIiwic2xpZGVzaG93IjoiZWZlYjI2NSJ9\">\n\t\t\t\t\t<div class=\"e-gallery-image elementor-gallery-item__image\" data-thumbnail=\"https:\/\/www.europaskolan.se\/strangnas\/wp-content\/uploads\/sites\/2\/2025\/10\/ESS__Paris-2025-6-265x300.jpg\" data-width=\"265\" data-height=\"300\" aria-label=\"\" role=\"img\" ><\/div>\n\t\t\t\t\t\t\t\t\t\t\t<div class=\"elementor-gallery-item__overlay\"><\/div>\n\t\t\t\t\t\t\t\t\t\t\t\t\t\t<\/a>\n\t\t\t\t\t\t\t<a class=\"e-gallery-item elementor-gallery-item elementor-animated-content\" href=\"https:\/\/www.europaskolan.se\/strangnas\/wp-content\/uploads\/sites\/2\/2025\/10\/ESS__Paris-2025-5.jpg\" data-elementor-open-lightbox=\"yes\" data-elementor-lightbox-slideshow=\"efeb265\" data-elementor-lightbox-title=\"ESS__Paris-2025-5\" data-e-action-hash=\"#elementor-action%3Aaction%3Dlightbox%26settings%3DeyJpZCI6MTY1NjEsInVybCI6Imh0dHBzOlwvXC93d3cuZXVyb3Bhc2tvbGFuLnNlXC9zdHJhbmduYXNcL3dwLWNvbnRlbnRcL3VwbG9hZHNcL3NpdGVzXC8yXC8yMDI1XC8xMFwvRVNTX19QYXJpcy0yMDI1LTUuanBnIiwic2xpZGVzaG93IjoiZWZlYjI2NSJ9\">\n\t\t\t\t\t<div class=\"e-gallery-image elementor-gallery-item__image\" data-thumbnail=\"https:\/\/www.europaskolan.se\/strangnas\/wp-content\/uploads\/sites\/2\/2025\/10\/ESS__Paris-2025-5-258x300.jpg\" data-width=\"258\" data-height=\"300\" aria-label=\"\" role=\"img\" ><\/div>\n\t\t\t\t\t\t\t\t\t\t\t<div class=\"elementor-gallery-item__overlay\"><\/div>\n\t\t\t\t\t\t\t\t\t\t\t\t\t\t<\/a>\n\t\t\t\t\t\t\t<a class=\"e-gallery-item elementor-gallery-item elementor-animated-content\" href=\"https:\/\/www.europaskolan.se\/strangnas\/wp-content\/uploads\/sites\/2\/2025\/10\/ESS__Paris-2025-3.jpg\" data-elementor-open-lightbox=\"yes\" data-elementor-lightbox-slideshow=\"efeb265\" data-elementor-lightbox-title=\"ESS__Paris-2025-3\" data-e-action-hash=\"#elementor-action%3Aaction%3Dlightbox%26settings%3DeyJpZCI6MTY1NTksInVybCI6Imh0dHBzOlwvXC93d3cuZXVyb3Bhc2tvbGFuLnNlXC9zdHJhbmduYXNcL3dwLWNvbnRlbnRcL3VwbG9hZHNcL3NpdGVzXC8yXC8yMDI1XC8xMFwvRVNTX19QYXJpcy0yMDI1LTMuanBnIiwic2xpZGVzaG93IjoiZWZlYjI2NSJ9\">\n\t\t\t\t\t<div class=\"e-gallery-image elementor-gallery-item__image\" data-thumbnail=\"https:\/\/www.europaskolan.se\/strangnas\/wp-content\/uploads\/sites\/2\/2025\/10\/ESS__Paris-2025-3-277x300.jpg\" data-width=\"277\" data-height=\"300\" aria-label=\"\" role=\"img\" ><\/div>\n\t\t\t\t\t\t\t\t\t\t\t<div class=\"elementor-gallery-item__overlay\"><\/div>\n\t\t\t\t\t\t\t\t\t\t\t\t\t\t<\/a>\n\t\t\t\t\t\t\t<a class=\"e-gallery-item elementor-gallery-item elementor-animated-content\" href=\"https:\/\/www.europaskolan.se\/strangnas\/wp-content\/uploads\/sites\/2\/2025\/10\/ESS__Paris-2025-4.jpg\" data-elementor-open-lightbox=\"yes\" data-elementor-lightbox-slideshow=\"efeb265\" data-elementor-lightbox-title=\"ESS__Paris-2025-4\" data-e-action-hash=\"#elementor-action%3Aaction%3Dlightbox%26settings%3DeyJpZCI6MTY1NjAsInVybCI6Imh0dHBzOlwvXC93d3cuZXVyb3Bhc2tvbGFuLnNlXC9zdHJhbmduYXNcL3dwLWNvbnRlbnRcL3VwbG9hZHNcL3NpdGVzXC8yXC8yMDI1XC8xMFwvRVNTX19QYXJpcy0yMDI1LTQuanBnIiwic2xpZGVzaG93IjoiZWZlYjI2NSJ9\">\n\t\t\t\t\t<div class=\"e-gallery-image elementor-gallery-item__image\" data-thumbnail=\"https:\/\/www.europaskolan.se\/strangnas\/wp-content\/uploads\/sites\/2\/2025\/10\/ESS__Paris-2025-4-268x300.jpg\" data-width=\"268\" data-height=\"300\" aria-label=\"\" role=\"img\" ><\/div>\n\t\t\t\t\t\t\t\t\t\t\t<div class=\"elementor-gallery-item__overlay\"><\/div>\n\t\t\t\t\t\t\t\t\t\t\t\t\t\t<\/a>\n\t\t\t\t\t\t\t<a class=\"e-gallery-item elementor-gallery-item elementor-animated-content\" href=\"https:\/\/www.europaskolan.se\/strangnas\/wp-content\/uploads\/sites\/2\/2025\/10\/ESS__Paris-2025-2.jpg\" data-elementor-open-lightbox=\"yes\" data-elementor-lightbox-slideshow=\"efeb265\" data-elementor-lightbox-title=\"ESS__Paris-2025-2\" data-e-action-hash=\"#elementor-action%3Aaction%3Dlightbox%26settings%3DeyJpZCI6MTY1NTgsInVybCI6Imh0dHBzOlwvXC93d3cuZXVyb3Bhc2tvbGFuLnNlXC9zdHJhbmduYXNcL3dwLWNvbnRlbnRcL3VwbG9hZHNcL3NpdGVzXC8yXC8yMDI1XC8xMFwvRVNTX19QYXJpcy0yMDI1LTIuanBnIiwic2xpZGVzaG93IjoiZWZlYjI2NSJ9\">\n\t\t\t\t\t<div class=\"e-gallery-image elementor-gallery-item__image\" data-thumbnail=\"https:\/\/www.europaskolan.se\/strangnas\/wp-content\/uploads\/sites\/2\/2025\/10\/ESS__Paris-2025-2-386x300.jpg\" data-width=\"386\" data-height=\"300\" aria-label=\"\" role=\"img\" ><\/div>\n\t\t\t\t\t\t\t\t\t\t\t<div class=\"elementor-gallery-item__overlay\"><\/div>\n\t\t\t\t\t\t\t\t\t\t\t\t\t\t<\/a>\n\t\t\t\t\t\t\t<a class=\"e-gallery-item elementor-gallery-item elementor-animated-content\" href=\"https:\/\/www.europaskolan.se\/strangnas\/wp-content\/uploads\/sites\/2\/2025\/10\/ESS__Paris-2025-7.jpg\" data-elementor-open-lightbox=\"yes\" data-elementor-lightbox-slideshow=\"efeb265\" data-elementor-lightbox-title=\"ESS__Paris-2025-7\" data-e-action-hash=\"#elementor-action%3Aaction%3Dlightbox%26settings%3DeyJpZCI6MTY1NjMsInVybCI6Imh0dHBzOlwvXC93d3cuZXVyb3Bhc2tvbGFuLnNlXC9zdHJhbmduYXNcL3dwLWNvbnRlbnRcL3VwbG9hZHNcL3NpdGVzXC8yXC8yMDI1XC8xMFwvRVNTX19QYXJpcy0yMDI1LTcuanBnIiwic2xpZGVzaG93IjoiZWZlYjI2NSJ9\">\n\t\t\t\t\t<div class=\"e-gallery-image elementor-gallery-item__image\" data-thumbnail=\"https:\/\/www.europaskolan.se\/strangnas\/wp-content\/uploads\/sites\/2\/2025\/10\/ESS__Paris-2025-7-427x300.jpg\" data-width=\"427\" data-height=\"300\" aria-label=\"\" role=\"img\" ><\/div>\n\t\t\t\t\t\t\t\t\t\t\t<div class=\"elementor-gallery-item__overlay\"><\/div>\n\t\t\t\t\t\t\t\t\t\t\t\t\t\t<\/a>\n\t\t\t\t\t<\/div>\n\t\t\t\t\t<\/div>\n\t\t\t\t<\/div>\n\t\t\t\t\t<\/div>\n\t\t<\/div>\n\t\t\t\t\t<\/div>\n\t\t<\/section>\n\t\t\t\t<\/div>\n\t\t","protected":false},"excerpt":{"rendered":"<p>Genom sina spr\u00e5kstudier i spanska och franska har eleverna i \u00e5rskurs 3 p\u00e5 Europaskolan Str\u00e4ngn\u00e4s haft m\u00f6jligheten att i b\u00f6rjan av oktober uppt\u00e4cka Paris samt Sevilla och M\u00e1laga. De kulturella inslagen var m\u00e5nga, allt fr\u00e5n klassiska Eiffeltornet till en danskurs i flamenco.<\/p>\n","protected":false},"author":2,"featured_media":16557,"comment_status":"closed","ping_status":"closed","sticky":false,"template":"","format":"standard","meta":{"footnotes":""},"categories":[3],"tags":[],"class_list":["post-16552","post","type-post","status-publish","format-standard","has-post-thumbnail","hentry","category-aktuellt-europaskolan-strangnas"],"blocksy_meta":[],"rttpg_featured_image_url":{"full":["https:\/\/www.europaskolan.se\/strangnas\/wp-content\/uploads\/sites\/2\/2025\/10\/ESS__Paris-2025-1U.jpg",500,380,false],"landscape":["https:\/\/www.europaskolan.se\/strangnas\/wp-content\/uploads\/sites\/2\/2025\/10\/ESS__Paris-2025-1U.jpg",500,380,false],"portraits":["https:\/\/www.europaskolan.se\/strangnas\/wp-content\/uploads\/sites\/2\/2025\/10\/ESS__Paris-2025-1U.jpg",500,380,false],"thumbnail":["https:\/\/www.europaskolan.se\/strangnas\/wp-content\/uploads\/sites\/2\/2025\/10\/ESS__Paris-2025-1U-197x150.jpg",197,150,true],"medium":["https:\/\/www.europaskolan.se\/strangnas\/wp-content\/uploads\/sites\/2\/2025\/10\/ESS__Paris-2025-1U-395x300.jpg",395,300,true],"large":["https:\/\/www.europaskolan.se\/strangnas\/wp-content\/uploads\/sites\/2\/2025\/10\/ESS__Paris-2025-1U.jpg",500,380,false],"1536x1536":["https:\/\/www.europaskolan.se\/strangnas\/wp-content\/uploads\/sites\/2\/2025\/10\/ESS__Paris-2025-1U.jpg",500,380,false],"2048x2048":["https:\/\/www.europaskolan.se\/strangnas\/wp-content\/uploads\/sites\/2\/2025\/10\/ESS__Paris-2025-1U.jpg",500,380,false],"sow-carousel-default":["https:\/\/www.europaskolan.se\/strangnas\/wp-content\/uploads\/sites\/2\/2025\/10\/ESS__Paris-2025-1U-272x182.jpg",272,182,true]},"rttpg_author":{"display_name":"camilla","author_link":"https:\/\/www.europaskolan.se\/strangnas\/author\/camilla\/"},"rttpg_comment":0,"rttpg_category":"<a href=\"https:\/\/www.europaskolan.se\/strangnas\/category\/aktuellt-europaskolan-strangnas\/\" rel=\"category tag\">Aktuellt \u2013 Europaskolan Str\u00e4ngn\u00e4s<\/a>","rttpg_excerpt":"Genom sina spr\u00e5kstudier i spanska och franska har eleverna i \u00e5rskurs 3 p\u00e5 Europaskolan Str\u00e4ngn\u00e4s haft m\u00f6jligheten att i b\u00f6rjan av oktober uppt\u00e4cka Paris samt Sevilla och M\u00e1laga. De kulturella inslagen var m\u00e5nga, allt fr\u00e5n klassiska Eiffeltornet till en danskurs i flamenco.","_links":{"self":[{"href":"https:\/\/www.europaskolan.se\/strangnas\/wp-json\/wp\/v2\/posts\/16552","targetHints":{"allow":["GET"]}}],"collection":[{"href":"https:\/\/www.europaskolan.se\/strangnas\/wp-json\/wp\/v2\/posts"}],"about":[{"href":"https:\/\/www.europaskolan.se\/strangnas\/wp-json\/wp\/v2\/types\/post"}],"author":[{"embeddable":true,"href":"https:\/\/www.europaskolan.se\/strangnas\/wp-json\/wp\/v2\/users\/2"}],"replies":[{"embeddable":true,"href":"https:\/\/www.europaskolan.se\/strangnas\/wp-json\/wp\/v2\/comments?post=16552"}],"version-history":[{"count":0,"href":"https:\/\/www.europaskolan.se\/strangnas\/wp-json\/wp\/v2\/posts\/16552\/revisions"}],"wp:featuredmedia":[{"embeddable":true,"href":"https:\/\/www.europaskolan.se\/strangnas\/wp-json\/wp\/v2\/media\/16557"}],"wp:attachment":[{"href":"https:\/\/www.europaskolan.se\/strangnas\/wp-json\/wp\/v2\/media?parent=16552"}],"wp:term":[{"taxonomy":"category","embeddable":true,"href":"https:\/\/www.europaskolan.se\/strangnas\/wp-json\/wp\/v2\/categories?post=16552"},{"taxonomy":"post_tag","embeddable":true,"href":"https:\/\/www.europaskolan.se\/strangnas\/wp-json\/wp\/v2\/tags?post=16552"}],"curies":[{"name":"wp","href":"https:\/\/api.w.org\/{rel}","templated":true}]}}