{"id":15214,"date":"2024-08-29T09:23:18","date_gmt":"2024-08-29T07:23:18","guid":{"rendered":"https:\/\/www.europaskolan.se\/strangnas\/?p=15214"},"modified":"2024-08-29T09:23:18","modified_gmt":"2024-08-29T07:23:18","slug":"full-fart-pa-skolstartsveckan-som-avlutades-med-traditionsenlig-sjofest-pa-angbatsbron","status":"publish","type":"post","link":"https:\/\/www.europaskolan.se\/strangnas\/full-fart-pa-skolstartsveckan-som-avlutades-med-traditionsenlig-sjofest-pa-angbatsbron\/","title":{"rendered":"Full fart p\u00e5 skolstartsveckan som avlutades med traditionsenlig Sj\u00f6fest p\u00e5 \u00c5ngb\u00e5tsbron"},"content":{"rendered":"<p><img fetchpriority=\"high\" decoding=\"async\" class=\"alignnone size-full wp-image-15247\" src=\"https:\/\/www.europaskolan.se\/strangnas\/wp-content\/uploads\/sites\/2\/2024\/08\/ESS_skolstart-2024-11.jpg\" alt=\"\" width=\"1486\" height=\"1604\" srcset=\"https:\/\/www.europaskolan.se\/strangnas\/wp-content\/uploads\/sites\/2\/2024\/08\/ESS_skolstart-2024-11.jpg 1486w, https:\/\/www.europaskolan.se\/strangnas\/wp-content\/uploads\/sites\/2\/2024\/08\/ESS_skolstart-2024-11-278x300.jpg 278w, https:\/\/www.europaskolan.se\/strangnas\/wp-content\/uploads\/sites\/2\/2024\/08\/ESS_skolstart-2024-11-949x1024.jpg 949w, https:\/\/www.europaskolan.se\/strangnas\/wp-content\/uploads\/sites\/2\/2024\/08\/ESS_skolstart-2024-11-139x150.jpg 139w, https:\/\/www.europaskolan.se\/strangnas\/wp-content\/uploads\/sites\/2\/2024\/08\/ESS_skolstart-2024-11-768x829.jpg 768w, https:\/\/www.europaskolan.se\/strangnas\/wp-content\/uploads\/sites\/2\/2024\/08\/ESS_skolstart-2024-11-1423x1536.jpg 1423w\" sizes=\"(max-width: 1486px) 100vw, 1486px\" \/><\/p>\n<p><em>Nu \u00e4r vi \u00e4ntligen i g\u00e5ng med h\u00f6stterminen 2024 p\u00e5 Europaskolan Str\u00e4ngn\u00e4s. Under en intensiv men h\u00e4rlig skolstartsvecka har vi v\u00e4lkomnat och introducerat v\u00e5ra nya elever men \u00e4ven h\u00e4lsat v\u00e5ra tv\u00e5or och treor v\u00e4lkomna tillbaka. Veckan avslutades enligt tradition med den legendariska Sj\u00f6festen p\u00e5 \u00c5ngb\u00e5tsbron.<\/em><\/p>\n<p><strong>F\u00f6rsta skoldagen startade med samling i Dj\u00e4knehallen, <\/strong>skolans aula<strong>. <\/strong>D\u00e4r v\u00e5ra ettor de v\u00e4lkomnades av Europaskolan Str\u00e4ngn\u00e4s rektor Marcus Lindvall. Sedan fick de ta del av grundl\u00e4ggande men nog s\u00e5 viktig information fr\u00e5n skolledningen. Eleverna fick dessutom med sig en hel del bra tips p\u00e5 hur man b\u00f6r planera sin tid p\u00e5 gymnasiet f\u00f6r att b\u00e5de n\u00e5 m\u00e5len och samtidigt ha roligt!<\/p>\n<p><img decoding=\"async\" class=\"alignnone size-full wp-image-15217\" src=\"https:\/\/www.europaskolan.se\/strangnas\/wp-content\/uploads\/sites\/2\/2024\/08\/ESS_skolstart-2024-39.jpg\" alt=\"\" width=\"1500\" height=\"926\" srcset=\"https:\/\/www.europaskolan.se\/strangnas\/wp-content\/uploads\/sites\/2\/2024\/08\/ESS_skolstart-2024-39.jpg 1500w, https:\/\/www.europaskolan.se\/strangnas\/wp-content\/uploads\/sites\/2\/2024\/08\/ESS_skolstart-2024-39-486x300.jpg 486w, https:\/\/www.europaskolan.se\/strangnas\/wp-content\/uploads\/sites\/2\/2024\/08\/ESS_skolstart-2024-39-1024x632.jpg 1024w, https:\/\/www.europaskolan.se\/strangnas\/wp-content\/uploads\/sites\/2\/2024\/08\/ESS_skolstart-2024-39-200x123.jpg 200w, https:\/\/www.europaskolan.se\/strangnas\/wp-content\/uploads\/sites\/2\/2024\/08\/ESS_skolstart-2024-39-768x474.jpg 768w\" sizes=\"(max-width: 1500px) 100vw, 1500px\" \/><\/p>\n<p><img decoding=\"async\" class=\"alignnone size-full wp-image-15219\" src=\"https:\/\/www.europaskolan.se\/strangnas\/wp-content\/uploads\/sites\/2\/2024\/08\/ESS_skolstart-2024-41.jpg\" alt=\"\" width=\"1484\" height=\"1233\" srcset=\"https:\/\/www.europaskolan.se\/strangnas\/wp-content\/uploads\/sites\/2\/2024\/08\/ESS_skolstart-2024-41.jpg 1484w, https:\/\/www.europaskolan.se\/strangnas\/wp-content\/uploads\/sites\/2\/2024\/08\/ESS_skolstart-2024-41-361x300.jpg 361w, https:\/\/www.europaskolan.se\/strangnas\/wp-content\/uploads\/sites\/2\/2024\/08\/ESS_skolstart-2024-41-1024x851.jpg 1024w, https:\/\/www.europaskolan.se\/strangnas\/wp-content\/uploads\/sites\/2\/2024\/08\/ESS_skolstart-2024-41-181x150.jpg 181w, https:\/\/www.europaskolan.se\/strangnas\/wp-content\/uploads\/sites\/2\/2024\/08\/ESS_skolstart-2024-41-768x638.jpg 768w\" sizes=\"(max-width: 1484px) 100vw, 1484px\" \/><\/p>\n<p><strong>D\u00e4refter f\u00f6ljde terminens f\u00f6rsta lunch\u00a0och eleverna fick bekanta sig med skolans matsal<\/strong>\u00a0som ligger i den tidigare j\u00e4rnhandeln, d\u00e4r det serverades hemlagad och delikat mat. Flera passade ocks\u00e5 p\u00e5 att bes\u00f6ka \u00c5ngb\u00e5tsbron, d\u00e4r det ut\u00f6ver fika med mera ocks\u00e5 erbjuds frukost varje morgon i skolans caf\u00e9.<\/p>\n<p><img loading=\"lazy\" decoding=\"async\" class=\"alignnone size-full wp-image-15225\" src=\"https:\/\/www.europaskolan.se\/strangnas\/wp-content\/uploads\/sites\/2\/2024\/08\/ESS_skolstart-2024-49.jpg\" alt=\"\" width=\"1500\" height=\"1228\" srcset=\"https:\/\/www.europaskolan.se\/strangnas\/wp-content\/uploads\/sites\/2\/2024\/08\/ESS_skolstart-2024-49.jpg 1500w, https:\/\/www.europaskolan.se\/strangnas\/wp-content\/uploads\/sites\/2\/2024\/08\/ESS_skolstart-2024-49-366x300.jpg 366w, https:\/\/www.europaskolan.se\/strangnas\/wp-content\/uploads\/sites\/2\/2024\/08\/ESS_skolstart-2024-49-1024x838.jpg 1024w, https:\/\/www.europaskolan.se\/strangnas\/wp-content\/uploads\/sites\/2\/2024\/08\/ESS_skolstart-2024-49-183x150.jpg 183w, https:\/\/www.europaskolan.se\/strangnas\/wp-content\/uploads\/sites\/2\/2024\/08\/ESS_skolstart-2024-49-768x629.jpg 768w\" sizes=\"(max-width: 1500px) 100vw, 1500px\" \/><\/p>\n<p><img loading=\"lazy\" decoding=\"async\" class=\"alignnone size-full wp-image-15222\" src=\"https:\/\/www.europaskolan.se\/strangnas\/wp-content\/uploads\/sites\/2\/2024\/08\/ESS_skolstart-2024-16.jpg\" alt=\"\" width=\"1961\" height=\"1124\" srcset=\"https:\/\/www.europaskolan.se\/strangnas\/wp-content\/uploads\/sites\/2\/2024\/08\/ESS_skolstart-2024-16.jpg 1961w, https:\/\/www.europaskolan.se\/strangnas\/wp-content\/uploads\/sites\/2\/2024\/08\/ESS_skolstart-2024-16-523x300.jpg 523w, https:\/\/www.europaskolan.se\/strangnas\/wp-content\/uploads\/sites\/2\/2024\/08\/ESS_skolstart-2024-16-1024x587.jpg 1024w, https:\/\/www.europaskolan.se\/strangnas\/wp-content\/uploads\/sites\/2\/2024\/08\/ESS_skolstart-2024-16-200x115.jpg 200w, https:\/\/www.europaskolan.se\/strangnas\/wp-content\/uploads\/sites\/2\/2024\/08\/ESS_skolstart-2024-16-768x440.jpg 768w, https:\/\/www.europaskolan.se\/strangnas\/wp-content\/uploads\/sites\/2\/2024\/08\/ESS_skolstart-2024-16-1536x880.jpg 1536w\" sizes=\"(max-width: 1961px) 100vw, 1961px\" \/><\/p>\n<p><img loading=\"lazy\" decoding=\"async\" class=\"alignnone size-full wp-image-15224\" src=\"https:\/\/www.europaskolan.se\/strangnas\/wp-content\/uploads\/sites\/2\/2024\/08\/ESS_skolstart-2024-22.jpg\" alt=\"\" width=\"1500\" height=\"1056\" srcset=\"https:\/\/www.europaskolan.se\/strangnas\/wp-content\/uploads\/sites\/2\/2024\/08\/ESS_skolstart-2024-22.jpg 1500w, https:\/\/www.europaskolan.se\/strangnas\/wp-content\/uploads\/sites\/2\/2024\/08\/ESS_skolstart-2024-22-426x300.jpg 426w, https:\/\/www.europaskolan.se\/strangnas\/wp-content\/uploads\/sites\/2\/2024\/08\/ESS_skolstart-2024-22-1024x721.jpg 1024w, https:\/\/www.europaskolan.se\/strangnas\/wp-content\/uploads\/sites\/2\/2024\/08\/ESS_skolstart-2024-22-200x141.jpg 200w, https:\/\/www.europaskolan.se\/strangnas\/wp-content\/uploads\/sites\/2\/2024\/08\/ESS_skolstart-2024-22-768x541.jpg 768w\" sizes=\"(max-width: 1500px) 100vw, 1500px\" \/><\/p>\n<p><img loading=\"lazy\" decoding=\"async\" class=\"alignnone size-full wp-image-15223\" src=\"https:\/\/www.europaskolan.se\/strangnas\/wp-content\/uploads\/sites\/2\/2024\/08\/ESS_skolstart-2024-17.jpg\" alt=\"\" width=\"1500\" height=\"1005\" srcset=\"https:\/\/www.europaskolan.se\/strangnas\/wp-content\/uploads\/sites\/2\/2024\/08\/ESS_skolstart-2024-17.jpg 1500w, https:\/\/www.europaskolan.se\/strangnas\/wp-content\/uploads\/sites\/2\/2024\/08\/ESS_skolstart-2024-17-448x300.jpg 448w, https:\/\/www.europaskolan.se\/strangnas\/wp-content\/uploads\/sites\/2\/2024\/08\/ESS_skolstart-2024-17-1024x686.jpg 1024w, https:\/\/www.europaskolan.se\/strangnas\/wp-content\/uploads\/sites\/2\/2024\/08\/ESS_skolstart-2024-17-200x134.jpg 200w, https:\/\/www.europaskolan.se\/strangnas\/wp-content\/uploads\/sites\/2\/2024\/08\/ESS_skolstart-2024-17-768x515.jpg 768w, https:\/\/www.europaskolan.se\/strangnas\/wp-content\/uploads\/sites\/2\/2024\/08\/ESS_skolstart-2024-17-272x182.jpg 272w\" sizes=\"(max-width: 1500px) 100vw, 1500px\" \/><\/p>\n<p><strong>Sedan v\u00e4ntade en rundvandring p\u00e5 Stadscampus<\/strong>\u00a0(som vi kallar skolans omr\u00e5de, d\u00e4r varje program har sitt eget hus) f\u00f6ljt av lite teambildande klasst\u00e4vlingar, allt f\u00f6r att eleverna skall l\u00e4ra k\u00e4nna b\u00e5de sin skolmilj\u00f6 och varandra b\u00e4ttre.<\/p>\n<p><img loading=\"lazy\" decoding=\"async\" class=\"alignnone size-full wp-image-15216\" src=\"https:\/\/www.europaskolan.se\/strangnas\/wp-content\/uploads\/sites\/2\/2024\/08\/ESS_skolstart-2024-32.jpg\" alt=\"\" width=\"1500\" height=\"1171\" srcset=\"https:\/\/www.europaskolan.se\/strangnas\/wp-content\/uploads\/sites\/2\/2024\/08\/ESS_skolstart-2024-32.jpg 1500w, https:\/\/www.europaskolan.se\/strangnas\/wp-content\/uploads\/sites\/2\/2024\/08\/ESS_skolstart-2024-32-384x300.jpg 384w, https:\/\/www.europaskolan.se\/strangnas\/wp-content\/uploads\/sites\/2\/2024\/08\/ESS_skolstart-2024-32-1024x799.jpg 1024w, https:\/\/www.europaskolan.se\/strangnas\/wp-content\/uploads\/sites\/2\/2024\/08\/ESS_skolstart-2024-32-192x150.jpg 192w, https:\/\/www.europaskolan.se\/strangnas\/wp-content\/uploads\/sites\/2\/2024\/08\/ESS_skolstart-2024-32-768x600.jpg 768w\" sizes=\"(max-width: 1500px) 100vw, 1500px\" \/><\/p>\n<p><img loading=\"lazy\" decoding=\"async\" class=\"alignnone size-full wp-image-15228\" src=\"https:\/\/www.europaskolan.se\/strangnas\/wp-content\/uploads\/sites\/2\/2024\/08\/ESS_skolstart-2024-21.jpg\" alt=\"\" width=\"1500\" height=\"869\" srcset=\"https:\/\/www.europaskolan.se\/strangnas\/wp-content\/uploads\/sites\/2\/2024\/08\/ESS_skolstart-2024-21.jpg 1500w, https:\/\/www.europaskolan.se\/strangnas\/wp-content\/uploads\/sites\/2\/2024\/08\/ESS_skolstart-2024-21-518x300.jpg 518w, https:\/\/www.europaskolan.se\/strangnas\/wp-content\/uploads\/sites\/2\/2024\/08\/ESS_skolstart-2024-21-1024x593.jpg 1024w, https:\/\/www.europaskolan.se\/strangnas\/wp-content\/uploads\/sites\/2\/2024\/08\/ESS_skolstart-2024-21-200x116.jpg 200w, https:\/\/www.europaskolan.se\/strangnas\/wp-content\/uploads\/sites\/2\/2024\/08\/ESS_skolstart-2024-21-768x445.jpg 768w\" sizes=\"(max-width: 1500px) 100vw, 1500px\" \/><\/p>\n<p><img loading=\"lazy\" decoding=\"async\" class=\"alignnone size-full wp-image-15255\" src=\"https:\/\/www.europaskolan.se\/strangnas\/wp-content\/uploads\/sites\/2\/2024\/08\/ESS_skolstart-2024-46.jpg\" alt=\"\" width=\"1500\" height=\"1132\" srcset=\"https:\/\/www.europaskolan.se\/strangnas\/wp-content\/uploads\/sites\/2\/2024\/08\/ESS_skolstart-2024-46.jpg 1500w, https:\/\/www.europaskolan.se\/strangnas\/wp-content\/uploads\/sites\/2\/2024\/08\/ESS_skolstart-2024-46-398x300.jpg 398w, https:\/\/www.europaskolan.se\/strangnas\/wp-content\/uploads\/sites\/2\/2024\/08\/ESS_skolstart-2024-46-1024x773.jpg 1024w, https:\/\/www.europaskolan.se\/strangnas\/wp-content\/uploads\/sites\/2\/2024\/08\/ESS_skolstart-2024-46-200x150.jpg 200w, https:\/\/www.europaskolan.se\/strangnas\/wp-content\/uploads\/sites\/2\/2024\/08\/ESS_skolstart-2024-46-768x580.jpg 768w\" sizes=\"(max-width: 1500px) 100vw, 1500px\" \/><\/p>\n<p><img loading=\"lazy\" decoding=\"async\" class=\"alignnone size-full wp-image-15229\" src=\"https:\/\/www.europaskolan.se\/strangnas\/wp-content\/uploads\/sites\/2\/2024\/08\/ESS_skolstart-2024-35.jpg\" alt=\"\" width=\"1500\" height=\"915\" srcset=\"https:\/\/www.europaskolan.se\/strangnas\/wp-content\/uploads\/sites\/2\/2024\/08\/ESS_skolstart-2024-35.jpg 1500w, https:\/\/www.europaskolan.se\/strangnas\/wp-content\/uploads\/sites\/2\/2024\/08\/ESS_skolstart-2024-35-492x300.jpg 492w, https:\/\/www.europaskolan.se\/strangnas\/wp-content\/uploads\/sites\/2\/2024\/08\/ESS_skolstart-2024-35-1024x625.jpg 1024w, https:\/\/www.europaskolan.se\/strangnas\/wp-content\/uploads\/sites\/2\/2024\/08\/ESS_skolstart-2024-35-200x122.jpg 200w, https:\/\/www.europaskolan.se\/strangnas\/wp-content\/uploads\/sites\/2\/2024\/08\/ESS_skolstart-2024-35-768x468.jpg 768w\" sizes=\"(max-width: 1500px) 100vw, 1500px\" \/><\/p>\n<p><img loading=\"lazy\" decoding=\"async\" class=\"alignnone size-full wp-image-15230\" src=\"https:\/\/www.europaskolan.se\/strangnas\/wp-content\/uploads\/sites\/2\/2024\/08\/ESS_skolstart-2024-43.jpg\" alt=\"\" width=\"1500\" height=\"837\" srcset=\"https:\/\/www.europaskolan.se\/strangnas\/wp-content\/uploads\/sites\/2\/2024\/08\/ESS_skolstart-2024-43.jpg 1500w, https:\/\/www.europaskolan.se\/strangnas\/wp-content\/uploads\/sites\/2\/2024\/08\/ESS_skolstart-2024-43-538x300.jpg 538w, https:\/\/www.europaskolan.se\/strangnas\/wp-content\/uploads\/sites\/2\/2024\/08\/ESS_skolstart-2024-43-1024x571.jpg 1024w, https:\/\/www.europaskolan.se\/strangnas\/wp-content\/uploads\/sites\/2\/2024\/08\/ESS_skolstart-2024-43-200x112.jpg 200w, https:\/\/www.europaskolan.se\/strangnas\/wp-content\/uploads\/sites\/2\/2024\/08\/ESS_skolstart-2024-43-768x429.jpg 768w\" sizes=\"(max-width: 1500px) 100vw, 1500px\" \/><\/p>\n<p><img loading=\"lazy\" decoding=\"async\" class=\"alignnone size-full wp-image-15231\" src=\"https:\/\/www.europaskolan.se\/strangnas\/wp-content\/uploads\/sites\/2\/2024\/08\/ESS_skolstart-2024-13.jpg\" alt=\"\" width=\"1500\" height=\"1101\" srcset=\"https:\/\/www.europaskolan.se\/strangnas\/wp-content\/uploads\/sites\/2\/2024\/08\/ESS_skolstart-2024-13.jpg 1500w, https:\/\/www.europaskolan.se\/strangnas\/wp-content\/uploads\/sites\/2\/2024\/08\/ESS_skolstart-2024-13-409x300.jpg 409w, https:\/\/www.europaskolan.se\/strangnas\/wp-content\/uploads\/sites\/2\/2024\/08\/ESS_skolstart-2024-13-1024x752.jpg 1024w, https:\/\/www.europaskolan.se\/strangnas\/wp-content\/uploads\/sites\/2\/2024\/08\/ESS_skolstart-2024-13-200x147.jpg 200w, https:\/\/www.europaskolan.se\/strangnas\/wp-content\/uploads\/sites\/2\/2024\/08\/ESS_skolstart-2024-13-768x564.jpg 768w\" sizes=\"(max-width: 1500px) 100vw, 1500px\" \/><\/p>\n<p><img loading=\"lazy\" decoding=\"async\" class=\"alignnone size-full wp-image-15243\" src=\"https:\/\/www.europaskolan.se\/strangnas\/wp-content\/uploads\/sites\/2\/2024\/08\/ESS_skolstart-2024-5.jpg\" alt=\"\" width=\"1473\" height=\"947\" srcset=\"https:\/\/www.europaskolan.se\/strangnas\/wp-content\/uploads\/sites\/2\/2024\/08\/ESS_skolstart-2024-5.jpg 1473w, https:\/\/www.europaskolan.se\/strangnas\/wp-content\/uploads\/sites\/2\/2024\/08\/ESS_skolstart-2024-5-467x300.jpg 467w, https:\/\/www.europaskolan.se\/strangnas\/wp-content\/uploads\/sites\/2\/2024\/08\/ESS_skolstart-2024-5-1024x658.jpg 1024w, https:\/\/www.europaskolan.se\/strangnas\/wp-content\/uploads\/sites\/2\/2024\/08\/ESS_skolstart-2024-5-200x129.jpg 200w, https:\/\/www.europaskolan.se\/strangnas\/wp-content\/uploads\/sites\/2\/2024\/08\/ESS_skolstart-2024-5-768x494.jpg 768w\" sizes=\"(max-width: 1473px) 100vw, 1473px\" \/><\/p>\n<p><strong>P\u00e5 tisdagen var det sedan dags att h\u00e4lsa v\u00e5ra fina tv\u00e5or och treor v\u00e4lkomna tillbaka till skolan.<\/strong><\/p>\n<p><strong>Skolstartsveckan avslutades som tidigare n\u00e4mnts med den traditionsenliga Sj\u00f6festen.<\/strong>\u00a0Detta \u00e5r bj\u00f6ds det p\u00e5 en ganska gr\u00e5mulen dag, men vad gjorde det n\u00e4r st\u00e4mningen \u00e4nd\u00e5 var p\u00e5 topp. \u00c5rets kajakrace avgjordes under stor dramatik. Varje klass hade f\u00e5tt utse sina egna t\u00e4vlingsrepresentanter som det sedan entusiastiskt hejades p\u00e5<em>. <\/em><\/p>\n<p>De senaste tre \u00e5ren har vi haft samma vinnare i form av Andr\u00e9 Stigberg fr\u00e5n Sci21. I \u00e5r gick den \u00e4rofyllda f\u00f6rstaplatsen till Sixten Fagerstr\u00f6m i KFSci22! En mycket lyckad avslutning p\u00e5 terminens f\u00f6rsta vecka.<\/p>\n<p><img loading=\"lazy\" decoding=\"async\" class=\"alignnone size-full wp-image-15232\" src=\"https:\/\/www.europaskolan.se\/strangnas\/wp-content\/uploads\/sites\/2\/2024\/08\/ESS_skolstart-2024-24.jpg\" alt=\"\" width=\"1024\" height=\"548\" srcset=\"https:\/\/www.europaskolan.se\/strangnas\/wp-content\/uploads\/sites\/2\/2024\/08\/ESS_skolstart-2024-24.jpg 1024w, https:\/\/www.europaskolan.se\/strangnas\/wp-content\/uploads\/sites\/2\/2024\/08\/ESS_skolstart-2024-24-561x300.jpg 561w, https:\/\/www.europaskolan.se\/strangnas\/wp-content\/uploads\/sites\/2\/2024\/08\/ESS_skolstart-2024-24-200x107.jpg 200w, https:\/\/www.europaskolan.se\/strangnas\/wp-content\/uploads\/sites\/2\/2024\/08\/ESS_skolstart-2024-24-768x411.jpg 768w\" sizes=\"(max-width: 1024px) 100vw, 1024px\" \/><\/p>\n<p><img loading=\"lazy\" decoding=\"async\" class=\"alignnone size-full wp-image-15233\" src=\"https:\/\/www.europaskolan.se\/strangnas\/wp-content\/uploads\/sites\/2\/2024\/08\/ESS_skolstart-2024-25.jpg\" alt=\"\" width=\"952\" height=\"548\" srcset=\"https:\/\/www.europaskolan.se\/strangnas\/wp-content\/uploads\/sites\/2\/2024\/08\/ESS_skolstart-2024-25.jpg 952w, https:\/\/www.europaskolan.se\/strangnas\/wp-content\/uploads\/sites\/2\/2024\/08\/ESS_skolstart-2024-25-521x300.jpg 521w, https:\/\/www.europaskolan.se\/strangnas\/wp-content\/uploads\/sites\/2\/2024\/08\/ESS_skolstart-2024-25-200x115.jpg 200w, https:\/\/www.europaskolan.se\/strangnas\/wp-content\/uploads\/sites\/2\/2024\/08\/ESS_skolstart-2024-25-768x442.jpg 768w\" sizes=\"(max-width: 952px) 100vw, 952px\" \/><\/p>\n<p><img loading=\"lazy\" decoding=\"async\" class=\"alignnone size-full wp-image-15235\" src=\"https:\/\/www.europaskolan.se\/strangnas\/wp-content\/uploads\/sites\/2\/2024\/08\/ESS_skolstart-2024-27.jpg\" alt=\"\" width=\"1016\" height=\"666\" srcset=\"https:\/\/www.europaskolan.se\/strangnas\/wp-content\/uploads\/sites\/2\/2024\/08\/ESS_skolstart-2024-27.jpg 1016w, https:\/\/www.europaskolan.se\/strangnas\/wp-content\/uploads\/sites\/2\/2024\/08\/ESS_skolstart-2024-27-458x300.jpg 458w, https:\/\/www.europaskolan.se\/strangnas\/wp-content\/uploads\/sites\/2\/2024\/08\/ESS_skolstart-2024-27-200x131.jpg 200w, https:\/\/www.europaskolan.se\/strangnas\/wp-content\/uploads\/sites\/2\/2024\/08\/ESS_skolstart-2024-27-768x503.jpg 768w\" sizes=\"(max-width: 1016px) 100vw, 1016px\" \/><\/p>\n<p><img loading=\"lazy\" decoding=\"async\" class=\"alignnone size-full wp-image-15234\" src=\"https:\/\/www.europaskolan.se\/strangnas\/wp-content\/uploads\/sites\/2\/2024\/08\/ESS_skolstart-2024-26.jpg\" alt=\"\" width=\"996\" height=\"596\" srcset=\"https:\/\/www.europaskolan.se\/strangnas\/wp-content\/uploads\/sites\/2\/2024\/08\/ESS_skolstart-2024-26.jpg 996w, https:\/\/www.europaskolan.se\/strangnas\/wp-content\/uploads\/sites\/2\/2024\/08\/ESS_skolstart-2024-26-501x300.jpg 501w, https:\/\/www.europaskolan.se\/strangnas\/wp-content\/uploads\/sites\/2\/2024\/08\/ESS_skolstart-2024-26-200x120.jpg 200w, https:\/\/www.europaskolan.se\/strangnas\/wp-content\/uploads\/sites\/2\/2024\/08\/ESS_skolstart-2024-26-768x460.jpg 768w\" sizes=\"(max-width: 996px) 100vw, 996px\" \/>\u00a0<img loading=\"lazy\" decoding=\"async\" class=\"alignnone size-full wp-image-15239\" src=\"https:\/\/www.europaskolan.se\/strangnas\/wp-content\/uploads\/sites\/2\/2024\/08\/ESS_skolstart-2024-31.jpg\" alt=\"\" width=\"1500\" height=\"1094\" srcset=\"https:\/\/www.europaskolan.se\/strangnas\/wp-content\/uploads\/sites\/2\/2024\/08\/ESS_skolstart-2024-31.jpg 1500w, https:\/\/www.europaskolan.se\/strangnas\/wp-content\/uploads\/sites\/2\/2024\/08\/ESS_skolstart-2024-31-411x300.jpg 411w, https:\/\/www.europaskolan.se\/strangnas\/wp-content\/uploads\/sites\/2\/2024\/08\/ESS_skolstart-2024-31-1024x747.jpg 1024w, https:\/\/www.europaskolan.se\/strangnas\/wp-content\/uploads\/sites\/2\/2024\/08\/ESS_skolstart-2024-31-200x146.jpg 200w, https:\/\/www.europaskolan.se\/strangnas\/wp-content\/uploads\/sites\/2\/2024\/08\/ESS_skolstart-2024-31-768x560.jpg 768w\" sizes=\"(max-width: 1500px) 100vw, 1500px\" \/><\/p>\n<p><img loading=\"lazy\" decoding=\"async\" class=\"alignnone size-full wp-image-15237\" src=\"https:\/\/www.europaskolan.se\/strangnas\/wp-content\/uploads\/sites\/2\/2024\/08\/ESS_skolstart-2024-29.jpg\" alt=\"\" width=\"1500\" height=\"875\" srcset=\"https:\/\/www.europaskolan.se\/strangnas\/wp-content\/uploads\/sites\/2\/2024\/08\/ESS_skolstart-2024-29.jpg 1500w, https:\/\/www.europaskolan.se\/strangnas\/wp-content\/uploads\/sites\/2\/2024\/08\/ESS_skolstart-2024-29-514x300.jpg 514w, https:\/\/www.europaskolan.se\/strangnas\/wp-content\/uploads\/sites\/2\/2024\/08\/ESS_skolstart-2024-29-1024x597.jpg 1024w, https:\/\/www.europaskolan.se\/strangnas\/wp-content\/uploads\/sites\/2\/2024\/08\/ESS_skolstart-2024-29-200x117.jpg 200w, https:\/\/www.europaskolan.se\/strangnas\/wp-content\/uploads\/sites\/2\/2024\/08\/ESS_skolstart-2024-29-768x448.jpg 768w\" sizes=\"(max-width: 1500px) 100vw, 1500px\" \/><\/p>\n<p><strong><em>Vi vill tacka er alla f\u00f6r en h\u00e4rlig skolstartsvecka och Sj\u00f6fest.<\/em><\/strong><em>\u00a0Det \u00e4r lika roligt varje \u00e5r att se hur os\u00e4kerheten fr\u00e5n starten blir som bortbl\u00e5st under den inledande veckan.<\/em><\/p>\n","protected":false},"excerpt":{"rendered":"<p>Nu \u00e4r vi \u00e4ntligen i g\u00e5ng med h\u00f6stterminen 2024 p\u00e5 Europaskolan Str\u00e4ngn\u00e4s. Under en intensiv men h\u00e4rlig skolstartsvecka har vi v\u00e4lkomnat och introducerat v\u00e5ra nya elever men \u00e4ven h\u00e4lsat v\u00e5ra tv\u00e5or och treor v\u00e4lkomna tillbaka. Veckan avslutades enligt tradition med den legendariska Sj\u00f6festen p\u00e5 \u00c5ngb\u00e5tsbron. F\u00f6rsta skoldagen startade med samling i Dj\u00e4knehallen, skolans aula. D\u00e4r [&hellip;]<\/p>\n","protected":false},"author":2,"featured_media":15256,"comment_status":"closed","ping_status":"closed","sticky":false,"template":"","format":"standard","meta":{"footnotes":""},"categories":[3],"tags":[],"class_list":["post-15214","post","type-post","status-publish","format-standard","has-post-thumbnail","hentry","category-aktuellt-europaskolan-strangnas"],"blocksy_meta":[],"rttpg_featured_image_url":{"full":["https:\/\/www.europaskolan.se\/strangnas\/wp-content\/uploads\/sites\/2\/2024\/08\/ESS_Skolstart-HT-2024-U.jpg",500,380,false],"landscape":["https:\/\/www.europaskolan.se\/strangnas\/wp-content\/uploads\/sites\/2\/2024\/08\/ESS_Skolstart-HT-2024-U.jpg",500,380,false],"portraits":["https:\/\/www.europaskolan.se\/strangnas\/wp-content\/uploads\/sites\/2\/2024\/08\/ESS_Skolstart-HT-2024-U.jpg",500,380,false],"thumbnail":["https:\/\/www.europaskolan.se\/strangnas\/wp-content\/uploads\/sites\/2\/2024\/08\/ESS_Skolstart-HT-2024-U-197x150.jpg",197,150,true],"medium":["https:\/\/www.europaskolan.se\/strangnas\/wp-content\/uploads\/sites\/2\/2024\/08\/ESS_Skolstart-HT-2024-U-395x300.jpg",395,300,true],"large":["https:\/\/www.europaskolan.se\/strangnas\/wp-content\/uploads\/sites\/2\/2024\/08\/ESS_Skolstart-HT-2024-U.jpg",500,380,false],"1536x1536":["https:\/\/www.europaskolan.se\/strangnas\/wp-content\/uploads\/sites\/2\/2024\/08\/ESS_Skolstart-HT-2024-U.jpg",500,380,false],"2048x2048":["https:\/\/www.europaskolan.se\/strangnas\/wp-content\/uploads\/sites\/2\/2024\/08\/ESS_Skolstart-HT-2024-U.jpg",500,380,false],"sow-carousel-default":["https:\/\/www.europaskolan.se\/strangnas\/wp-content\/uploads\/sites\/2\/2024\/08\/ESS_Skolstart-HT-2024-U-272x182.jpg",272,182,true]},"rttpg_author":{"display_name":"camilla","author_link":"https:\/\/www.europaskolan.se\/strangnas\/author\/camilla\/"},"rttpg_comment":0,"rttpg_category":"<a href=\"https:\/\/www.europaskolan.se\/strangnas\/category\/aktuellt-europaskolan-strangnas\/\" rel=\"category tag\">Aktuellt \u2013 Europaskolan Str\u00e4ngn\u00e4s<\/a>","rttpg_excerpt":"Nu \u00e4r vi \u00e4ntligen i g\u00e5ng med h\u00f6stterminen 2024 p\u00e5 Europaskolan Str\u00e4ngn\u00e4s. Under en intensiv men h\u00e4rlig skolstartsvecka har vi v\u00e4lkomnat och introducerat v\u00e5ra nya elever men \u00e4ven h\u00e4lsat v\u00e5ra tv\u00e5or och treor v\u00e4lkomna tillbaka. Veckan avslutades enligt tradition med den legendariska Sj\u00f6festen p\u00e5 \u00c5ngb\u00e5tsbron. F\u00f6rsta skoldagen startade med samling i Dj\u00e4knehallen, skolans aula. D\u00e4r&hellip;","_links":{"self":[{"href":"https:\/\/www.europaskolan.se\/strangnas\/wp-json\/wp\/v2\/posts\/15214","targetHints":{"allow":["GET"]}}],"collection":[{"href":"https:\/\/www.europaskolan.se\/strangnas\/wp-json\/wp\/v2\/posts"}],"about":[{"href":"https:\/\/www.europaskolan.se\/strangnas\/wp-json\/wp\/v2\/types\/post"}],"author":[{"embeddable":true,"href":"https:\/\/www.europaskolan.se\/strangnas\/wp-json\/wp\/v2\/users\/2"}],"replies":[{"embeddable":true,"href":"https:\/\/www.europaskolan.se\/strangnas\/wp-json\/wp\/v2\/comments?post=15214"}],"version-history":[{"count":0,"href":"https:\/\/www.europaskolan.se\/strangnas\/wp-json\/wp\/v2\/posts\/15214\/revisions"}],"wp:featuredmedia":[{"embeddable":true,"href":"https:\/\/www.europaskolan.se\/strangnas\/wp-json\/wp\/v2\/media\/15256"}],"wp:attachment":[{"href":"https:\/\/www.europaskolan.se\/strangnas\/wp-json\/wp\/v2\/media?parent=15214"}],"wp:term":[{"taxonomy":"category","embeddable":true,"href":"https:\/\/www.europaskolan.se\/strangnas\/wp-json\/wp\/v2\/categories?post=15214"},{"taxonomy":"post_tag","embeddable":true,"href":"https:\/\/www.europaskolan.se\/strangnas\/wp-json\/wp\/v2\/tags?post=15214"}],"curies":[{"name":"wp","href":"https:\/\/api.w.org\/{rel}","templated":true}]}}