{"id":1303,"date":"2019-04-08T10:30:02","date_gmt":"2019-04-08T10:30:02","guid":{"rendered":"https:\/\/www.europaskolan25.se\/?p=1303"},"modified":"2024-09-04T12:10:24","modified_gmt":"2024-09-04T10:10:24","slug":"marielle-bostrom-weinholz-jag-tror-att-min-respekt-for-vardet-av-kvalitativ-utbildning-och-det-livslanga-larandet-rotade-sig-djupt-pa-europaskolan","status":"publish","type":"post","link":"https:\/\/www.europaskolan.se\/strangnas\/marielle-bostrom-weinholz-jag-tror-att-min-respekt-for-vardet-av-kvalitativ-utbildning-och-det-livslanga-larandet-rotade-sig-djupt-pa-europaskolan\/","title":{"rendered":"Marielle Bostr\u00f6m Weinholz: \u201dJag tror att min respekt f\u00f6r v\u00e4rdet av kvalitativ utbildning och det livsl\u00e5nga l\u00e4randet rotade sig djupt p\u00e5 Europaskolan\u201d"},"content":{"rendered":"<h3>Intervju med Marielle Bostr\u00f6m Weinholz,<br \/>\nf\u00f6re detta elev p\u00e5 Europaskolan Str\u00e4ngn\u00e4s<strong><br \/>\n<\/strong><\/h3>\n<p><img fetchpriority=\"high\" decoding=\"async\" class=\"alignnone wp-image-1305 size-full\" src=\"https:\/\/www.europaskolan.se\/strangnas\/wp-content\/uploads\/sites\/2\/2019\/04\/ESS-Marielle-Bostrom-Weinholz.jpg\" alt=\"\" width=\"359\" height=\"476\" srcset=\"https:\/\/www.europaskolan.se\/strangnas\/wp-content\/uploads\/sites\/2\/2019\/04\/ESS-Marielle-Bostrom-Weinholz.jpg 359w, https:\/\/www.europaskolan.se\/strangnas\/wp-content\/uploads\/sites\/2\/2019\/04\/ESS-Marielle-Bostrom-Weinholz-226x300.jpg 226w, https:\/\/www.europaskolan.se\/strangnas\/wp-content\/uploads\/sites\/2\/2019\/04\/ESS-Marielle-Bostrom-Weinholz-113x150.jpg 113w\" sizes=\"(max-width: 359px) 100vw, 359px\" \/><\/p>\n<p><strong>Namn:<\/strong>\u00a0Marielle Bostr\u00f6m Weinholz.<br \/>\n<strong>Program och klass\u00a0p\u00e5 Europaskolan Str\u00e4ngn\u00e4s: <\/strong>F\u00f6retagarprogrammet, klass F\u00d600.<br \/>\n<strong>Avg\u00e5ngs\u00e5r:<\/strong>\u00a02003.<br \/>\n<strong>Jobbar med\u00a0i dag: <\/strong>Vice President, Ralph Lauren Sourcing.<br \/>\n<strong>Bor:<\/strong>\u00a0I Hong Kong.<br \/>\n<strong>P\u00e5 fritiden: <\/strong>Min man och jag reser b\u00e5da mycket i jobbet, s\u00e5 de b\u00e4sta helgerna spenderas tillsammans hemma med bra musik i h\u00f6gtalarna och goda v\u00e4nner p\u00e5 bes\u00f6k.<br \/>\n<strong>B\u00e4sta film: <\/strong>Lagaan, Den engelske patienten och Casablanca.<br \/>\n<strong>B\u00e4sta bok: <\/strong>Har aldrig kunnat rekommendera bara en bok.\u00a0Wild Swans av Jung Chang hj\u00e4lpte mig f\u00f6rst\u00e5 Kina b\u00e4ttre. A House in the Sky \u2013 en memoar av journalisten Amanda Lindhout som kidnappades i Somalia \u00e4r en favorit om nyfikenhet och hopp. Det mesta av Jonas Hassen Khemiri, Johannes Anyuru och Alice Munro. Donna Tartts The Goldfinch. Om jag ska rekommendera en ledarskapsbok s\u00e5 \u00e4r Steven Coveys 7 Habits en klassiker som faktiskt hj\u00e4lper. Alla borde l\u00e4sa Hans Roslings Factfulness f\u00f6r perspektiv p\u00e5 v\u00e4rlden och en bok som vore h\u00e4lsosam f\u00f6r m\u00e5nga \u00e4r Stress Proof av Mithu Storoni.<br \/>\n<strong>Motto: <\/strong>Sluta aldrig att expandera gr\u00e4nserna f\u00f6r din comfort zone \u2013 varje k\u00e4nsla av r\u00e4dsla \u00e4r en m\u00f6jlighet att vara modig, riktig utveckling h\u00e4nder f\u00f6rst n\u00e4r du bryter igenom dina egna begr\u00e4nsningar.<\/p>\n<hr \/>\n<h3>Hej Marielle!<\/h3>\n<p><strong>1. N\u00e4r gick du p\u00e5 Europaskolan Str\u00e4ngn\u00e4s och vad l\u00e4ste du f\u00f6r program?<\/strong><br \/>\n\u2013 Jag gick p\u00e5 skolan 2000\u20132003 och l\u00e4ste F\u00f6retagarprogrammet.<\/p>\n<p><strong>2. Varf\u00f6r valde du just Europaskolan Str\u00e4ngn\u00e4s?<br \/>\n<\/strong>\u2013 Jag tyckte nog att det k\u00e4ndes sp\u00e4nnande att det kom folk fr\u00e5n olika delar av landet och att det k\u00e4ndes bra att veta att eleverna p\u00e5 skolan tog sin utbildning p\u00e5 allvar. Jag har alltid tyckt om att l\u00e4ra mig saker och det k\u00e4ndes lockande att vara i en milj\u00f6 d\u00e4r folk inte k\u00e4nde sig tvungna att g\u00e5 till skolan utan s\u00e5g det som n\u00e5got positivt.<\/p>\n<p><strong>3. Vad gjorde du efter gymnasiet?<\/strong><br \/>\n\u2013 Jag \u00e5kte till London med tv\u00e5 kompisar fr\u00e5n Europaskolan och jobbade p\u00e5 en pub innan jag kom hem och b\u00f6rjade plugga i Uppsala. D\u00e4r l\u00e4ste jag Engelska, Juridik och Ekonomi blandat med textilrelaterade \u00e4mnen p\u00e5 Bor\u00e5s Textilh\u00f6gskola. Jag tog ett eget initiativ och ordnade praktik i Paris hos den svenska designern och illustrat\u00f6ren Lovisa Burfitt (som ju ocks\u00e5 \u00e4r fr\u00e5n Str\u00e4ngn\u00e4s), sedan \u00e5kte jag till Shanghai f\u00f6r k\u00e4rleken och pluggade p\u00e5 distans.<\/p>\n<p><strong>4. Vad g\u00f6r du i dag?<\/strong><br \/>\n\u2013 Jag jobbar med sourcing, nu f\u00f6r det amerikanska f\u00f6retaget Ralph Lauren Corp. och tidigare f\u00f6r H&amp;M-gruppen. Jag har bott och jobbat i olika l\u00e4nder i Asien och Afrika och arbetat b\u00e5de strategiskt och operationellt med fr\u00e5gor som ink\u00f6psbeteende, h\u00e5llbarhet, CSR, kvalitetss\u00e4kring, leverant\u00f6rsrelationer, produktutveckling, digitalisering osv. Men framf\u00f6r allt jobbar jag med att m\u00f6jligg\u00f6ra f\u00f6r mitt team att g\u00f6ra ett riktigt bra jobb inom alla de h\u00e4r omr\u00e5dena. Jobbet inneb\u00e4r mycket resor och jag spenderar min tid mellan v\u00e5rt kontor i Hong Kong, huvudkontoret i New York och leverant\u00f6rsbes\u00f6k i l\u00e4nder som Kina, Filippinerna, Vietnam och Sri Lanka.<\/p>\n<p><strong>5. Hur minns du din tid p\u00e5 Europaskolan Str\u00e4ngn\u00e4s?<br \/>\n<\/strong>\u2013 Jag minns det som en l\u00e4rorik tid, utbildningsm\u00e4ssigt f\u00f6rst\u00e5s men gymnasiet \u00e4r ocks\u00e5 en tid d\u00e5 en l\u00e4r sig mycket om sig sj\u00e4lv och sina relationer med andra m\u00e4nniskor. Mycket var v\u00e4ldigt roligt, annat var tufft och p\u00e5frestande, allt var utvecklande och formativt.<\/p>\n<p><strong>6. N\u00e5got s\u00e4rskilt minne som sticker ut?<\/strong><br \/>\n\u2013 Det \u00e4r s\u00e5 klart sv\u00e5rt att inte f\u00f6rst n\u00e4mna alla bildningsresorna och det f\u00f6rsta \u00e5ret d\u00e5 vi hade Europakunskap med den karismatiske grundaren rektor Jan Peterson. Vi startade Europa- Cupen som blev en \u00e5rlig fotbollsturnering mellan alla klasser och ett l\u00e4rarlag. Jag vet inte om den lever kvar \u00e4n i dag, jag hoppas det! Om inte s\u00e5 uppmanar jag n\u00e5gon att dra i g\u00e5ng den igen! Pokalen borde st\u00e5 kvar i n\u00e5got f\u00f6rr\u00e5d p\u00e5 skolan. Vi blev ocks\u00e5 uttagna till den nationella UF-m\u00e4ssan med v\u00e5rt f\u00f6retag, det var roligt.<\/p>\n<p><strong>7. Vad har tiden p\u00e5 gymnasiet betytt f\u00f6r din framtid?<\/strong><br \/>\n\u2013 Jag tror att min respekt f\u00f6r v\u00e4rdet av kvalitativ utbildning och det livsl\u00e5nga l\u00e4randet rotade sig djupt p\u00e5 Europaskolan. Under min tid p\u00e5 universitetet startade jag och han som senare blev min make ett f\u00f6retag tillsammans, vi var relativt tidiga med att f\u00f6rs\u00f6ka g\u00f6ra h\u00e5llbart producerade herrkl\u00e4der som inte k\u00e4ndes eko. \u00c4ven han hade g\u00e5tt ett f\u00f6retagarprogram p\u00e5 sin gymnasieskola och faktiskt varit p\u00e5 samma nationella UF-m\u00e4ssa! Utan l\u00e4rdomarna fr\u00e5n UF hade vi s\u00e4kerligen inte v\u00e5gat ta det steget. Intresset f\u00f6r entrepren\u00f6rskap ledde ocks\u00e5 till att jag under 2010\u20132011 jobbade med att driva en inkubator f\u00f6r textil och moderelaterade startups i Bor\u00e5s \u2013 vilket i sin tur ledde till jobb p\u00e5 H&amp;M i Indien och sedan vidare ut i v\u00e4rlden. V\u00e5rt egna f\u00f6retag gick inte s\u00e5 bra alls, men jag h\u00e5ller det som en otrolig viktig utbildning och jag \u00e4r stolt \u00f6ver att vi var modiga nog att v\u00e5ga chansa s\u00e5 tidigt.<\/p>\n<p><strong>8. Vad skulle du vilja ge f\u00f6r r\u00e5d till nya elever som ska b\u00f6rja p\u00e5 Europaskolan?<br \/>\n<\/strong>\u2013 F\u00f6rs\u00f6k att njuta av l\u00e4randet i st\u00e4llet f\u00f6r att l\u00e5ta prestationskraven stressa er. Hitta utrymme f\u00f6r saker ni k\u00e4nner passionerat f\u00f6r, det ger dragkraft i allt det andra. Odla \u00e4kta v\u00e4nskap med folk som ger er energi och stimulans i st\u00e4llet f\u00f6r att l\u00e4gga energi p\u00e5 att f\u00f6rs\u00f6ka passa in. Respektera att era perspektiv p\u00e5 v\u00e4rlden inte \u00e4r den enda sanningen och att ju fler referenspunkter ni samlar p\u00e5 er \u2013 desto b\u00e4ttre kommer ni att kunna navigera globalt.\u00a0Var flexibla, kreativa och optimistiskt kritiska och se till att bli en mer v\u00e4linformerad och handlingskraftig generation \u00e4n den generation som fattar besluten i dag!<\/p>\n","protected":false},"excerpt":{"rendered":"<p>Intervju med Marielle Bostr\u00f6m Weinholz, f\u00f6re detta elev p\u00e5 Europaskolan Str\u00e4ngn\u00e4s Namn:\u00a0Marielle Bostr\u00f6m Weinholz. Program och klass\u00a0p\u00e5 Europaskolan Str\u00e4ngn\u00e4s: F\u00f6retagarprogrammet, klass F\u00d600. Avg\u00e5ngs\u00e5r:\u00a02003. Jobbar med\u00a0i dag: Vice President, Ralph Lauren Sourcing. Bor:\u00a0I Hong Kong. P\u00e5 fritiden: Min man och jag reser b\u00e5da mycket i jobbet, s\u00e5 de b\u00e4sta helgerna spenderas tillsammans hemma med bra musik [&hellip;]<\/p>\n","protected":false},"author":1,"featured_media":1304,"comment_status":"closed","ping_status":"closed","sticky":false,"template":"","format":"standard","meta":{"footnotes":""},"categories":[57,55],"tags":[],"class_list":["post-1303","post","type-post","status-publish","format-standard","has-post-thumbnail","hentry","category-elev-och-lararintervjuer","category-intervjuer-med-elever"],"blocksy_meta":[],"rttpg_featured_image_url":{"full":["https:\/\/www.europaskolan.se\/strangnas\/wp-content\/uploads\/sites\/2\/2019\/04\/ESS-Marielle-Bostrom-Weinholz2.jpg",939,755,false],"landscape":["https:\/\/www.europaskolan.se\/strangnas\/wp-content\/uploads\/sites\/2\/2019\/04\/ESS-Marielle-Bostrom-Weinholz2.jpg",939,755,false],"portraits":["https:\/\/www.europaskolan.se\/strangnas\/wp-content\/uploads\/sites\/2\/2019\/04\/ESS-Marielle-Bostrom-Weinholz2.jpg",939,755,false],"thumbnail":["https:\/\/www.europaskolan.se\/strangnas\/wp-content\/uploads\/sites\/2\/2019\/04\/ESS-Marielle-Bostrom-Weinholz2-187x150.jpg",187,150,true],"medium":["https:\/\/www.europaskolan.se\/strangnas\/wp-content\/uploads\/sites\/2\/2019\/04\/ESS-Marielle-Bostrom-Weinholz2-373x300.jpg",373,300,true],"large":["https:\/\/www.europaskolan.se\/strangnas\/wp-content\/uploads\/sites\/2\/2019\/04\/ESS-Marielle-Bostrom-Weinholz2.jpg",939,755,false],"1536x1536":["https:\/\/www.europaskolan.se\/strangnas\/wp-content\/uploads\/sites\/2\/2019\/04\/ESS-Marielle-Bostrom-Weinholz2.jpg",939,755,false],"2048x2048":["https:\/\/www.europaskolan.se\/strangnas\/wp-content\/uploads\/sites\/2\/2019\/04\/ESS-Marielle-Bostrom-Weinholz2.jpg",939,755,false],"sow-carousel-default":["https:\/\/www.europaskolan.se\/strangnas\/wp-content\/uploads\/sites\/2\/2019\/04\/ESS-Marielle-Bostrom-Weinholz2-272x182.jpg",272,182,true]},"rttpg_author":{"display_name":"admin","author_link":"https:\/\/www.europaskolan.se\/strangnas\/author\/admin\/"},"rttpg_comment":0,"rttpg_category":"<a href=\"https:\/\/www.europaskolan.se\/strangnas\/category\/elev-och-lararintervjuer\/\" rel=\"category tag\">Elev- och l\u00e4rarintervjuer<\/a> <a href=\"https:\/\/www.europaskolan.se\/strangnas\/category\/intervjuer-med-elever\/\" rel=\"category tag\">Intervjuer med elever<\/a>","rttpg_excerpt":"Intervju med Marielle Bostr\u00f6m Weinholz, f\u00f6re detta elev p\u00e5 Europaskolan Str\u00e4ngn\u00e4s Namn:\u00a0Marielle Bostr\u00f6m Weinholz. Program och klass\u00a0p\u00e5 Europaskolan Str\u00e4ngn\u00e4s: F\u00f6retagarprogrammet, klass F\u00d600. Avg\u00e5ngs\u00e5r:\u00a02003. Jobbar med\u00a0i dag: Vice President, Ralph Lauren Sourcing. Bor:\u00a0I Hong Kong. P\u00e5 fritiden: Min man och jag reser b\u00e5da mycket i jobbet, s\u00e5 de b\u00e4sta helgerna spenderas tillsammans hemma med bra musik&hellip;","_links":{"self":[{"href":"https:\/\/www.europaskolan.se\/strangnas\/wp-json\/wp\/v2\/posts\/1303","targetHints":{"allow":["GET"]}}],"collection":[{"href":"https:\/\/www.europaskolan.se\/strangnas\/wp-json\/wp\/v2\/posts"}],"about":[{"href":"https:\/\/www.europaskolan.se\/strangnas\/wp-json\/wp\/v2\/types\/post"}],"author":[{"embeddable":true,"href":"https:\/\/www.europaskolan.se\/strangnas\/wp-json\/wp\/v2\/users\/1"}],"replies":[{"embeddable":true,"href":"https:\/\/www.europaskolan.se\/strangnas\/wp-json\/wp\/v2\/comments?post=1303"}],"version-history":[{"count":0,"href":"https:\/\/www.europaskolan.se\/strangnas\/wp-json\/wp\/v2\/posts\/1303\/revisions"}],"wp:featuredmedia":[{"embeddable":true,"href":"https:\/\/www.europaskolan.se\/strangnas\/wp-json\/wp\/v2\/media\/1304"}],"wp:attachment":[{"href":"https:\/\/www.europaskolan.se\/strangnas\/wp-json\/wp\/v2\/media?parent=1303"}],"wp:term":[{"taxonomy":"category","embeddable":true,"href":"https:\/\/www.europaskolan.se\/strangnas\/wp-json\/wp\/v2\/categories?post=1303"},{"taxonomy":"post_tag","embeddable":true,"href":"https:\/\/www.europaskolan.se\/strangnas\/wp-json\/wp\/v2\/tags?post=1303"}],"curies":[{"name":"wp","href":"https:\/\/api.w.org\/{rel}","templated":true}]}}