{"id":11693,"date":"2020-11-02T20:00:29","date_gmt":"2020-11-02T19:00:29","guid":{"rendered":"https:\/\/www.europaskolan.se\/strangnas\/?p=11693"},"modified":"2021-08-16T14:14:36","modified_gmt":"2021-08-16T12:14:36","slug":"elever-fran-europaskolan-strangnas-vann-manadens-problem-i-september-hos-svenska-fysikersamfundet","status":"publish","type":"post","link":"https:\/\/www.europaskolan.se\/strangnas\/elever-fran-europaskolan-strangnas-vann-manadens-problem-i-september-hos-svenska-fysikersamfundet\/","title":{"rendered":"Elever fr\u00e5n Europaskolan Str\u00e4ngn\u00e4s vann M\u00e5nadens problem i september hos Svenska Fysikersamfundet"},"content":{"rendered":"<p><img fetchpriority=\"high\" decoding=\"async\" class=\"alignnone size-full wp-image-11694\" src=\"https:\/\/www.europaskolan.se\/strangnas\/wp-content\/uploads\/sites\/2\/2020\/11\/ESS-Manadens_Problem.jpg\" alt=\"\" width=\"1880\" height=\"1448\" srcset=\"https:\/\/www.europaskolan.se\/strangnas\/wp-content\/uploads\/sites\/2\/2020\/11\/ESS-Manadens_Problem.jpg 1880w, https:\/\/www.europaskolan.se\/strangnas\/wp-content\/uploads\/sites\/2\/2020\/11\/ESS-Manadens_Problem-390x300.jpg 390w, https:\/\/www.europaskolan.se\/strangnas\/wp-content\/uploads\/sites\/2\/2020\/11\/ESS-Manadens_Problem-1024x789.jpg 1024w, https:\/\/www.europaskolan.se\/strangnas\/wp-content\/uploads\/sites\/2\/2020\/11\/ESS-Manadens_Problem-195x150.jpg 195w, https:\/\/www.europaskolan.se\/strangnas\/wp-content\/uploads\/sites\/2\/2020\/11\/ESS-Manadens_Problem-768x592.jpg 768w, https:\/\/www.europaskolan.se\/strangnas\/wp-content\/uploads\/sites\/2\/2020\/11\/ESS-Manadens_Problem-1536x1183.jpg 1536w, https:\/\/www.europaskolan.se\/strangnas\/wp-content\/uploads\/sites\/2\/2020\/11\/ESS-Manadens_Problem-70x53.jpg 70w\" sizes=\"(max-width: 1880px) 100vw, 1880px\" \/><\/p>\n<p><em>I september skapade Svenska Fysikersamfundet l\u00e4s\u00e5rets f\u00f6rsta M\u00e5nadens problem\u2013 och v\u00e5ra elever klarade det. Grattis Benjamin, Rowan, Vincent och Petter p\u00e5 Europaskolan Str\u00e4ngn\u00e4s!<\/em><\/p>\n<p><strong>Varje m\u00e5nad f\u00f6rfattar Svenska Fysikersamfundet ett fysikproblem\u00a0<\/strong>som landets gymnasister uppmanas att l\u00f6sa. Syftet f\u00f6r denna ideella f\u00f6rening \u00e4r bland annat att sprida information om fysik och fysikutbildning och stimulera intresse f\u00f6r naturvetenskap.<\/p>\n<p><strong>Vi p\u00e5 Europaskolan Str\u00e4ngn\u00e4s \u00e4r mycket stolta<\/strong> \u00f6ver att v\u00e5ra elever flera g\u00e5nger har st\u00e5tt som vinnare i denna t\u00e4vling.<\/p>\n<p><strong>Nu har v\u00e5ra elever gjort det igen!<\/strong> Hurra f\u00f6r Benjamin Scott, Rowan de Blok, Vincent Lindvall och Petter Johansson som l\u00f6ste och vann september m\u00e5nads M\u00e5nadens problem. Alla fyra g\u00e5r i v\u00e5r naturvetenskapliga spetstrea Science18. F\u00f6rutom \u00e4ran vann de ocks\u00e5 biobiljetter.<\/p>\n<p><strong>Extra stolt \u00e4r f\u00f6rst\u00e5s elevernas l\u00e4rare Erik Waltersson,<\/strong> som \u00e4r lektor i fysik. Han ber\u00e4ttar att eleverna brukar jobba med M\u00e5nadens problem inom ramen f\u00f6r kursen fysik specialisering p\u00e5 skolan.<\/p>\n<p><strong>Nu uppmanar Erik fler att f\u00f6rs\u00f6ka <\/strong><strong>l\u00f6sa problemet<\/strong> som v\u00e5ra elever klarade galant. Du hittar l\u00f6sningsf\u00f6rslag f\u00f6r respektive m\u00e5nad via l\u00e4nken nedan.<\/p>\n<p><em>Stort grattis till v\u00e5ra duktiga elever!<\/em><\/p>\n<p><a href=\"http:\/\/www.fysikersamfundet.se\/manadens-problem\/\" target=\"_blank\" rel=\"noopener noreferrer\">L\u00e4s mer om Svenska Fysikersamfundet och se M\u00e5nadens problem h\u00e4r &gt;\u00a0<\/a><\/p>\n","protected":false},"excerpt":{"rendered":"<p>I september skapade Svenska Fysikersamfundet l\u00e4s\u00e5rets f\u00f6rsta M\u00e5nadens problem\u2013 och v\u00e5ra elever klarade det. Grattis Benjamin, Rowan, Vincent och Petter p\u00e5 Europaskolan Str\u00e4ngn\u00e4s! Varje m\u00e5nad f\u00f6rfattar Svenska Fysikersamfundet ett fysikproblem\u00a0som landets gymnasister uppmanas att l\u00f6sa. Syftet f\u00f6r denna ideella f\u00f6rening \u00e4r bland annat att sprida information om fysik och fysikutbildning och stimulera intresse f\u00f6r naturvetenskap. [&hellip;]<\/p>\n","protected":false},"author":1,"featured_media":11694,"comment_status":"closed","ping_status":"closed","sticky":false,"template":"","format":"standard","meta":{"footnotes":""},"categories":[44,11],"tags":[],"class_list":["post-11693","post","type-post","status-publish","format-standard","has-post-thumbnail","hentry","category-europaskolan-strangnas-i-bilder","category-utmarkelser-europaskolan-strangnas"],"blocksy_meta":[],"rttpg_featured_image_url":{"full":["https:\/\/www.europaskolan.se\/strangnas\/wp-content\/uploads\/sites\/2\/2020\/11\/ESS-Manadens_Problem.jpg",1880,1448,false],"landscape":["https:\/\/www.europaskolan.se\/strangnas\/wp-content\/uploads\/sites\/2\/2020\/11\/ESS-Manadens_Problem.jpg",1880,1448,false],"portraits":["https:\/\/www.europaskolan.se\/strangnas\/wp-content\/uploads\/sites\/2\/2020\/11\/ESS-Manadens_Problem.jpg",1880,1448,false],"thumbnail":["https:\/\/www.europaskolan.se\/strangnas\/wp-content\/uploads\/sites\/2\/2020\/11\/ESS-Manadens_Problem-195x150.jpg",195,150,true],"medium":["https:\/\/www.europaskolan.se\/strangnas\/wp-content\/uploads\/sites\/2\/2020\/11\/ESS-Manadens_Problem-390x300.jpg",390,300,true],"large":["https:\/\/www.europaskolan.se\/strangnas\/wp-content\/uploads\/sites\/2\/2020\/11\/ESS-Manadens_Problem-1024x789.jpg",1024,789,true],"1536x1536":["https:\/\/www.europaskolan.se\/strangnas\/wp-content\/uploads\/sites\/2\/2020\/11\/ESS-Manadens_Problem-1536x1183.jpg",1536,1183,true],"2048x2048":["https:\/\/www.europaskolan.se\/strangnas\/wp-content\/uploads\/sites\/2\/2020\/11\/ESS-Manadens_Problem.jpg",1880,1448,false],"sow-carousel-default":["https:\/\/www.europaskolan.se\/strangnas\/wp-content\/uploads\/sites\/2\/2020\/11\/ESS-Manadens_Problem-272x182.jpg",272,182,true]},"rttpg_author":{"display_name":"admin","author_link":"https:\/\/www.europaskolan.se\/strangnas\/author\/admin\/"},"rttpg_comment":0,"rttpg_category":"<a href=\"https:\/\/www.europaskolan.se\/strangnas\/category\/europaskolan-strangnas-i-bilder\/\" rel=\"category tag\">Europaskolan Str\u00e4ngn\u00e4s i bilder<\/a> <a href=\"https:\/\/www.europaskolan.se\/strangnas\/category\/utmarkelser-europaskolan-strangnas\/\" rel=\"category tag\">Utm\u00e4rkelser \u2013 Europaskolan Str\u00e4ngn\u00e4s<\/a>","rttpg_excerpt":"I september skapade Svenska Fysikersamfundet l\u00e4s\u00e5rets f\u00f6rsta M\u00e5nadens problem\u2013 och v\u00e5ra elever klarade det. Grattis Benjamin, Rowan, Vincent och Petter p\u00e5 Europaskolan Str\u00e4ngn\u00e4s! Varje m\u00e5nad f\u00f6rfattar Svenska Fysikersamfundet ett fysikproblem\u00a0som landets gymnasister uppmanas att l\u00f6sa. Syftet f\u00f6r denna ideella f\u00f6rening \u00e4r bland annat att sprida information om fysik och fysikutbildning och stimulera intresse f\u00f6r naturvetenskap.&hellip;","_links":{"self":[{"href":"https:\/\/www.europaskolan.se\/strangnas\/wp-json\/wp\/v2\/posts\/11693","targetHints":{"allow":["GET"]}}],"collection":[{"href":"https:\/\/www.europaskolan.se\/strangnas\/wp-json\/wp\/v2\/posts"}],"about":[{"href":"https:\/\/www.europaskolan.se\/strangnas\/wp-json\/wp\/v2\/types\/post"}],"author":[{"embeddable":true,"href":"https:\/\/www.europaskolan.se\/strangnas\/wp-json\/wp\/v2\/users\/1"}],"replies":[{"embeddable":true,"href":"https:\/\/www.europaskolan.se\/strangnas\/wp-json\/wp\/v2\/comments?post=11693"}],"version-history":[{"count":0,"href":"https:\/\/www.europaskolan.se\/strangnas\/wp-json\/wp\/v2\/posts\/11693\/revisions"}],"wp:featuredmedia":[{"embeddable":true,"href":"https:\/\/www.europaskolan.se\/strangnas\/wp-json\/wp\/v2\/media\/11694"}],"wp:attachment":[{"href":"https:\/\/www.europaskolan.se\/strangnas\/wp-json\/wp\/v2\/media?parent=11693"}],"wp:term":[{"taxonomy":"category","embeddable":true,"href":"https:\/\/www.europaskolan.se\/strangnas\/wp-json\/wp\/v2\/categories?post=11693"},{"taxonomy":"post_tag","embeddable":true,"href":"https:\/\/www.europaskolan.se\/strangnas\/wp-json\/wp\/v2\/tags?post=11693"}],"curies":[{"name":"wp","href":"https:\/\/api.w.org\/{rel}","templated":true}]}}