{"id":11411,"date":"2020-07-02T14:43:25","date_gmt":"2020-07-02T12:43:25","guid":{"rendered":"https:\/\/www.europaskolan.se\/strangnas\/?p=11411"},"modified":"2020-07-02T14:44:17","modified_gmt":"2020-07-02T12:44:17","slug":"mot-sofia-eden-och-fanny-lindblad-arets-stipendiater-for-fortjanstfullt-engagemang-i-skolans-foreningsverksamhet","status":"publish","type":"post","link":"https:\/\/www.europaskolan.se\/strangnas\/mot-sofia-eden-och-fanny-lindblad-arets-stipendiater-for-fortjanstfullt-engagemang-i-skolans-foreningsverksamhet\/","title":{"rendered":"M\u00f6t Sofia Ed\u00e9n och Fanny Lindblad \u2013 \u00e5rets stipendiater f\u00f6r F\u00f6rtj\u00e4nstfullt engagemang i skolans f\u00f6reningsverksamhet"},"content":{"rendered":"<p><img fetchpriority=\"high\" decoding=\"async\" class=\"alignnone size-full wp-image-11415\" src=\"https:\/\/www.europaskolan.se\/strangnas\/wp-content\/uploads\/sites\/2\/2020\/07\/Fanny_Sofia_2.jpg\" alt=\"\" width=\"598\" height=\"745\" srcset=\"https:\/\/www.europaskolan.se\/strangnas\/wp-content\/uploads\/sites\/2\/2020\/07\/Fanny_Sofia_2.jpg 598w, https:\/\/www.europaskolan.se\/strangnas\/wp-content\/uploads\/sites\/2\/2020\/07\/Fanny_Sofia_2-241x300.jpg 241w, https:\/\/www.europaskolan.se\/strangnas\/wp-content\/uploads\/sites\/2\/2020\/07\/Fanny_Sofia_2-120x150.jpg 120w\" sizes=\"(max-width: 598px) 100vw, 598px\" \/><\/p>\n<p><em>Ett klimatsmart samh\u00e4lle med naturen i daglig \u00e5tanke \u2013 dit v\u00e4gen \u00e4r b\u00e5de rolig, l\u00e4rorik och utvecklande! Det \u00e4r grundtankarna bakom den elevf\u00f6rening som tv\u00e5 av v\u00e5ra elever varit extra engagerade i. F\u00f6r detta f\u00e5r de \u00e5rets stipendium f\u00f6r F\u00f6rtj\u00e4nstfullt engagemang i skolans f\u00f6reningsverksamhet. Grattis till de nyblivna studenterna Fanny Lindblad och Sofia Ed\u00e9n! H\u00e4r f\u00e5r vi m\u00f6ta dem i en intervju, innan de g\u00e5r vidare mot nya utmaningar.<\/em><\/p>\n<p><strong>Stipendiet F\u00f6rtj\u00e4nstfullt engagemang i skolans f\u00f6reningsverksamhet <\/strong>\u00e4r ett av flera stipendier som delas ut vid v\u00e5rterminens slut varje \u00e5r p\u00e5 Europaskolan Str\u00e4ngn\u00e4s. Detta stipendium \u00e4r skolans eget och innefattar i \u00e5r, f\u00f6rutom \u00e4ran och diplom, 1 000 kronor till respektive elev.<\/p>\n<p><strong>N\u00e5gra av stipendiaterna intervjuar vi<\/strong>\u00a0h\u00e4r p\u00e5 Europaskolan Str\u00e4ngn\u00e4s webbplats \u2013 och<br \/>\nSofia och Fanny \u00e4r ett par av dem. F\u00f6r en fullst\u00e4ndig lista \u00f6ver \u00e5rets stipendiater och stipendiegivare, se l\u00e4nk nedan.<\/p>\n<p><img decoding=\"async\" class=\"alignnone size-full wp-image-11416\" src=\"https:\/\/www.europaskolan.se\/strangnas\/wp-content\/uploads\/sites\/2\/2020\/07\/Fanny_Sofia_3.jpg\" alt=\"\" width=\"1403\" height=\"843\" srcset=\"https:\/\/www.europaskolan.se\/strangnas\/wp-content\/uploads\/sites\/2\/2020\/07\/Fanny_Sofia_3.jpg 1403w, https:\/\/www.europaskolan.se\/strangnas\/wp-content\/uploads\/sites\/2\/2020\/07\/Fanny_Sofia_3-499x300.jpg 499w, https:\/\/www.europaskolan.se\/strangnas\/wp-content\/uploads\/sites\/2\/2020\/07\/Fanny_Sofia_3-1024x615.jpg 1024w, https:\/\/www.europaskolan.se\/strangnas\/wp-content\/uploads\/sites\/2\/2020\/07\/Fanny_Sofia_3-200x120.jpg 200w, https:\/\/www.europaskolan.se\/strangnas\/wp-content\/uploads\/sites\/2\/2020\/07\/Fanny_Sofia_3-768x461.jpg 768w\" sizes=\"(max-width: 1403px) 100vw, 1403px\" \/><\/p>\n<p><strong>S\u00e5 h\u00e4r lyder motiveringen till valet av \u00e5rets stipendiater f\u00f6r F\u00f6rtj\u00e4nstfullt engagemang i skolans f\u00f6reningsverksamhet, <\/strong>s\u00e5 som den l\u00e4stes upp under skolavslutningen<em>:<\/em><\/p>\n<p><em>\u201dStipendiet tilldelas tv\u00e5 personer som utm\u00e4rkt sig i en f\u00f6rening som under kort tid har etablerat sig p\u00e5 skolan. Ni har gjort ett imponerande arbete p\u00e5 ett varierat och professionellt s\u00e4tt. Ni belyser ett viktigt \u00e4mne s\u00e5 att det blir tillg\u00e4ngligt och inspirerande f\u00f6r alla. Stipendiet tilldelas Sofia Ed\u00e9n och Fanny Lindblad f\u00f6r deras engagemang i f\u00f6reningen Europastudenter f\u00f6r klimatet. Sofia och Fanny g\u00e5r i Mod17 p\u00e5 programmet Modern Humanities.\u201d<\/em><\/p>\n<hr \/>\n<p>&nbsp;<\/p>\n<p><img decoding=\"async\" class=\"alignnone size-full wp-image-11418\" src=\"https:\/\/www.europaskolan.se\/strangnas\/wp-content\/uploads\/sites\/2\/2020\/07\/Sofia_1.jpg\" alt=\"\" width=\"558\" height=\"687\" srcset=\"https:\/\/www.europaskolan.se\/strangnas\/wp-content\/uploads\/sites\/2\/2020\/07\/Sofia_1.jpg 558w, https:\/\/www.europaskolan.se\/strangnas\/wp-content\/uploads\/sites\/2\/2020\/07\/Sofia_1-244x300.jpg 244w, https:\/\/www.europaskolan.se\/strangnas\/wp-content\/uploads\/sites\/2\/2020\/07\/Sofia_1-122x150.jpg 122w\" sizes=\"(max-width: 558px) 100vw, 558px\" \/><\/p>\n<h3><strong>Om Sofia Ed\u00e9n:<\/strong><\/h3>\n<p><strong>Program och klass p\u00e5 Europaskolan Str\u00e4ngn\u00e4s:<\/strong>\u00a0Modern Humanities (Mod17).<br \/>\n<strong>Avg\u00e5ngs\u00e5r:<\/strong>\u00a02020.<br \/>\n<strong>Bor:<\/strong>\u00a0I Nykvarn.<br \/>\n<strong>P\u00e5 fritiden:<\/strong>\u00a0Spelar fotboll, syr om kl\u00e4der, m\u00e5lar, ser mycket film.<br \/>\n<strong>En bok alla b\u00f6r l\u00e4sa:<\/strong>\u00a0Factfulness av Hans Rosling!<br \/>\n<strong>En film alla b\u00f6r se:<\/strong>\u00a0En ov\u00e4ntad v\u00e4nskap \u2013 en fransk film baserad p\u00e5 en verklig historia.<br \/>\n<strong>En l\u00e5t\/ett musikstycke alla b\u00f6r h\u00f6ra:<\/strong>\u00a0Me olvide de vivir av Julio Iglesias.<br \/>\n<strong>Motto:<\/strong>\u00a0\u201dDet l\u00f6ser sig\u201d, jag brukar s\u00e4ga det h\u00f6gt till mig sj\u00e4lv ungef\u00e4r tre g\u00e5nger per dag och det fungerar, jag blir lugn och mindre stressad av att t\u00e4nka s\u00e5.<\/p>\n<p><img loading=\"lazy\" decoding=\"async\" class=\"alignnone size-full wp-image-11417\" src=\"https:\/\/www.europaskolan.se\/strangnas\/wp-content\/uploads\/sites\/2\/2020\/07\/Fanny_1.jpg\" alt=\"\" width=\"558\" height=\"687\" srcset=\"https:\/\/www.europaskolan.se\/strangnas\/wp-content\/uploads\/sites\/2\/2020\/07\/Fanny_1.jpg 558w, https:\/\/www.europaskolan.se\/strangnas\/wp-content\/uploads\/sites\/2\/2020\/07\/Fanny_1-244x300.jpg 244w, https:\/\/www.europaskolan.se\/strangnas\/wp-content\/uploads\/sites\/2\/2020\/07\/Fanny_1-122x150.jpg 122w\" sizes=\"(max-width: 558px) 100vw, 558px\" \/><\/p>\n<h3><strong>Om Fanny Lindblad<\/strong>:<\/h3>\n<p><strong>Program och klass p\u00e5 Europaskolan Str\u00e4ngn\u00e4s:<\/strong>\u00a0Modern Humanities (Mod17).<br \/>\n<strong>Avg\u00e5ngs\u00e5r:<\/strong>\u00a02020.<br \/>\n<strong>Bor:<\/strong>\u00a0I Str\u00e4ngn\u00e4s.<br \/>\n<strong>P\u00e5 fritiden:<\/strong>\u00a0Umg\u00e5s med v\u00e4nner, jobbar, lagar mat, spelar gitarr, l\u00e4ser.<br \/>\n<strong>En bok alla b\u00f6r l\u00e4sa:<\/strong>\u00a0Det \u00e4r en sv\u00e5r fr\u00e5ga, det finns ju s\u00e5 m\u00e5nga bra b\u00f6cker. Ekomerika av Hanna Mi Jakobson \u00e4r dock en av de mest intressev\u00e4ckande och l\u00e4rorika b\u00f6cker jag l\u00e4st.<br \/>\n<strong>En film alla b\u00f6r se:<\/strong>\u00a0Call me by your name \u2013 av Luca Guadagnino.<br \/>\n<strong>En l\u00e5t\/ett musikstycke alla b\u00f6r h\u00f6ra:<\/strong>\u00a0Du lever bara en g\u00e5ng, Noice.<br \/>\n<strong>Motto:<\/strong>\u00a0\u201dG\u00f6r n\u00e5gonting l\u00e4skigt\u201d.<\/p>\n<hr \/>\n<h3><strong>Intervju med Sofia och Fanny<\/strong><\/h3>\n<p><strong>Stort grattis till stipendiet F\u00f6rtj\u00e4nstfullt engagemang i skolans f\u00f6reningsverksamhet! Hur k\u00e4ndes det att ta emot det?<\/strong><\/p>\n<p><em>Sofia:<\/em> \u2012 Det k\u00e4ndes v\u00e4ldigt kul att f\u00f6reningen blev uppm\u00e4rksammad!<br \/>\n<em>Fanny:<\/em> \u2012 Jag k\u00e4nde precis som Sofia. Sk\u00f6n k\u00e4nsla att f\u00e5 bekr\u00e4ftelse p\u00e5 att v\u00e5rt arbete n\u00e5r ut till skolan.<\/p>\n<p><strong>Ni fick utm\u00e4rkelsen f\u00f6r ert arbete med f\u00f6reningen Europastudenter f\u00f6r klimatet. Ber\u00e4tta mer om f\u00f6reningen och vad den g\u00f6r! Hur fick ni id\u00e9n och vilka var era drivkrafter? N\u00e5gra s\u00e4rskilda utmaningar?<\/strong><\/p>\n<p><em>Sofia och Fanny:<\/em> \u2012 Europastudenter f\u00f6r klimatet (ESFK) \u00e4r som det l\u00e5ter en f\u00f6rening med fokus p\u00e5 milj\u00f6n. F\u00f6reningen arbetar med att sprida kunskap om klimatfr\u00e5gan och vikten av en omst\u00e4llning till ett klimatsmart samh\u00e4lle, s\u00e5v\u00e4l nationellt som globalt. Vi vill \u00e4ven uppmuntra till att ha naturen i \u00e5tanke i vardagen och visa p\u00e5 att en omst\u00e4llning inte beh\u00f6ver vara jobbig, omst\u00e4ndlig och tr\u00e5kig utan att den kan vara l\u00e4rorik, utvecklande och rolig! Vi riktar oss fr\u00e4mst till elever och l\u00e4rare p\u00e5 skolan genom att anordna event med ungdomarnas intressen i f\u00f6rsta rummet.<\/p>\n<p>N\u00e5gra bra exempel p\u00e5 event som f\u00f6reningen anordnar \u00e4r kl\u00e4dbytardagar, pizzakv\u00e4llar och f\u00f6rel\u00e4sningar med fokus p\u00e5 mat, resande och mode. Vi \u00e4r \u00e4ven aktiva p\u00e5 Instagram d\u00e4r vi delar information om allt mellan himmel och jord med inslag av klimatfr\u00e5gan. F\u00f6reningen samarbetar ocks\u00e5 med den lokala naturskyddsf\u00f6reningen och den ideella f\u00f6reningen Klimatinitiativ Str\u00e4ngn\u00e4s.<\/p>\n<p>Europastudenter f\u00f6r klimatet grundades v\u00e5ren 2019 av n\u00e5gra andra elever men det var fullt upp med skolarbete s\u00e5 inga m\u00f6ten eller aktiviteter blev av. Tv\u00e5 elever, jag (Fanny Lindblad) och Saga J\u00f6nsson best\u00e4mde oss f\u00f6r att s\u00e4tta i g\u00e5ng arbetet p\u00e5 riktigt h\u00f6sten 2019.<\/p>\n<p>Drivkraften \u00e4r sj\u00e4lvklart att hela v\u00e4rlden befinner sig i en kris, <em>klimatkrisen, <\/em>och att vi beh\u00f6ver inse situationens allvar och agera utifr\u00e5n den f\u00f6r att undvika f\u00f6r\u00f6dande konsekvenser i framtiden. Det k\u00e4nns inte r\u00e4tt att ignorera situationens allvar n\u00e4r vi i Sverige har alla f\u00f6ruts\u00e4ttningar att st\u00e4lla om till en h\u00e5llbar livsstil.<\/p>\n<p>F\u00f6rst och fr\u00e4mst var det en utmaning att engagera elever i ESFK eftersom f\u00f6reningen \u00e4r ny men ocks\u00e5 f\u00f6r att m\u00e5nga f\u00f6rknippar milj\u00f6engagemang med aktivism. En annan utmaning var att hinna med att g\u00f6ra ett bra arbete med f\u00f6reningen och samtidigt fokusera p\u00e5 allt skolarbete samt aktiviteter utanf\u00f6r skolan. En framtida utmaning \u00e4r att tillsammans med skolans ledning komma fram till nya s\u00e4tt att transportera sig till de \u00e5rliga bildningsresorna.<\/p>\n<p><strong>Hur startade ert intresse f\u00f6r klimatfr\u00e5gor?<\/strong><\/p>\n<p><em>Sofia:<\/em> \u2012 Mitt klimatintresse b\u00f6rjade n\u00e4r jag som 9-\u00e5ring f\u00f6ljde programmet \u201cMilj\u00f6hj\u00e4ltarna\u201d som visades p\u00e5 Barnkanalen under v\u00e5ren 2010. Sedan dess har klimatet varit en av mina hj\u00e4rtefr\u00e5gor.<\/p>\n<p><em>Fanny:<\/em> \u2012 Oj jag minns knappt. Jag tror det uppkom under n\u00e5got bes\u00f6k p\u00e5 Naturhistoriska museet d\u00e4r det pratades om att isbj\u00f6rnar hotas av sm\u00e4ltande glaci\u00e4rer.<\/p>\n<p><strong>Vad har tiden p\u00e5 Europaskolan Str\u00e4ngn\u00e4s betytt f\u00f6r er?<\/strong><\/p>\n<p><em>Sofia:<\/em> \u2012 Jag tror inte att det finns n\u00e5gon annan skola i Sverige som ger samma utbildning som Europaskolan. Min tid p\u00e5 Europaskolan har betytt v\u00e4ldigt mycket och har inneburit m\u00e5nga m\u00f6jligheter. Men en sak vet jag s\u00e4kert och det \u00e4r att om jag inte hade g\u00e5tt p\u00e5 Europa hade jag inte varit lika bildad som jag \u00e4r i dag.<\/p>\n<p><em>Fanny:<\/em> \u2012 Otroligt mycket! Tar med mig s\u00e5 mycket fr\u00e5n gymnasiet, allt fr\u00e5n bildning och v\u00e4nner till stresst\u00e5lighet.<\/p>\n<p><strong>Vet ni hur ni ska anv\u00e4nda stipendiepengarna?<\/strong><\/p>\n<p><em>Sofia:<\/em> \u2012 Jag vill donera pengarna till forskning eller till en organisation som m\u00f6jligg\u00f6r en klimatsmart omstart efter pandemin.<\/p>\n<p><em>Fanny:<\/em> \u2012 Kanske till en middag med ESFK-g\u00e4nget eller n\u00e5gra t\u00e5gresor runt Europa.<\/p>\n<p><strong>Vad g\u00f6r ni nu n\u00e4rmast efter studenten?<\/strong><\/p>\n<p><em>Sofia: <\/em>\u2012 Jag \u00e4r p\u00e5 v\u00e4stkusten och jobbar hela sommaren.<\/p>\n<p><em>Fanny:<\/em> \u2012 Sommarjobbar p\u00e5 restaurangen Edsbacka Bistro i Str\u00e4ngn\u00e4s.<\/p>\n<p><strong>Hur ser era fortsatta planer\/dr\u00f6mmar ut inf\u00f6r framtiden?<\/strong><\/p>\n<p><em>Sofia:<\/em> \u2012 Till h\u00f6sten ska jag plugga sk\u00e5despeleri ett \u00e5r p\u00e5 en folkh\u00f6gskola i Falkenberg. Jag har ett stort intresse f\u00f6r film och jag drivs av en vilja att kunna g\u00f6ra skillnad i v\u00e4rlden s\u00e5 min dr\u00f6m \u00e4r att g\u00f6ra skillnad i v\u00e4rlden genom filmskapande.<\/p>\n<p><em>Fanny:<\/em> \u2012 Jag ska studera journalistik och tyska i en termin uppe bland tr\u00e4den p\u00e5 Ume\u00e5 universitet. Jag har endast s\u00f6kt en termin eftersom jag vill bli b\u00e4ttre p\u00e5 att uttrycka mig skriftligt samt bli b\u00e4ttre p\u00e5 spr\u00e5k, men inte k\u00e4nner mig sugen p\u00e5 att g\u00e5 ett helt program n\u00e4r jag inte hittat n\u00e5got som k\u00e4nns helt hundra. Efter det f\u00e5r vi se vad det blir, men det lutar \u00e5t att studera spanska i Spanien n\u00e5gon\/n\u00e5gra terminer. Jag har inga st\u00f6rre planer f\u00f6r framtiden f\u00f6rutom att arbeta inom n\u00e5got jag brinner f\u00f6r och ser fram emot att g\u00f6ra n\u00e4r jag kliver upp p\u00e5 morgonen.<\/p>\n<p><strong>Vilka r\u00e5d har ni till nya elever som ska b\u00f6rja p\u00e5 Europaskolan i h\u00f6st?<\/strong><\/p>\n<p><em>Sofia:<\/em> \u2012 F\u00f6r det f\u00f6rsta \u2013 engagera er i en f\u00f6rening!! Det \u00e4r ett j\u00e4ttebra s\u00e4tt att l\u00e4ra k\u00e4nna andra elever p\u00e5 skolan med samma intressen. Och f\u00f6r det andra vill jag bara s\u00e4ga att n\u00e4r det \u00e4r k\u00e4mpigt s\u00e5 kom ih\u00e5g att \u201cdet l\u00f6ser sig\u201d, forts\u00e4tt k\u00e4mpa men kom ih\u00e5g att ha kul ocks\u00e5.<\/p>\n<p><em>Fanny:<\/em> \u2012 Jag inst\u00e4mmer med Sofia, men vill \u00e4ven till\u00e4gga att (f\u00f6rs\u00f6ka) b\u00f6rja med uppgifter i tid och verkligen fokusera p\u00e5 plugg n\u00e4r du satt dig ner f\u00f6r att plugga. Det tar tio minuter f\u00f6r hj\u00e4rnan att fokusera p\u00e5 en ny grej, s\u00e5 l\u00e4gg undan alla m\u00f6jliga distraktionsmedel och var produktiv s\u00e5 kan du g\u00f6ra annat kul n\u00e4r du \u00e4r klar. Och viktigast av allt &#8230; du kommer klara det och lyckas ta studenten trots att det ibland k\u00e4nns om\u00f6jligt!<\/p>\n<p><em>Tack s\u00e5 mycket f\u00f6r intervjun, Fanny och Sofia. Vi \u00f6nskar b\u00e5de f\u00f6reningens fortsatta verksamhet och er b\u00e5da stort lycka till i framtiden!<\/em><\/p>\n<hr \/>\n<p><a href=\"https:\/\/www.instagram.com\/esforklimatet\">L\u00e4nk till Europastudenter f\u00f6r klimatet p\u00e5 Instagram: @esforklimatet &gt;<\/a><br \/>\n<a href=\"https:\/\/www.europaskolan.se\/strangnas\/europaskolan-strangnas\/elevforeningar\/\">L\u00e4s mer om elevf\u00f6reningarna p\u00e5 Europaskolan Str\u00e4ngn\u00e4s h\u00e4r &gt; <\/a><br \/>\n<a href=\"https:\/\/www.europaskolan.se\/strangnas\/har-ar-2020-ars-stipendiater-pa-europaskolan-strangnas-stort-grattis-till-er-alla\/\">H\u00e4r \u00e4r en lista \u00f6ver alla stipendiater och stipendiegivare p\u00e5 Europaskolan Str\u00e4ngn\u00e4s, v\u00e5rterminen 2020 &gt;<\/a><\/p>\n","protected":false},"excerpt":{"rendered":"<p>Ett klimatsmart samh\u00e4lle med naturen i daglig \u00e5tanke \u2013 dit v\u00e4gen \u00e4r b\u00e5de rolig, l\u00e4rorik och utvecklande! Det \u00e4r grundtankarna bakom den elevf\u00f6rening som tv\u00e5 av v\u00e5ra elever varit extra engagerade i. F\u00f6r detta f\u00e5r de \u00e5rets stipendium f\u00f6r F\u00f6rtj\u00e4nstfullt engagemang i skolans f\u00f6reningsverksamhet. Grattis till de nyblivna studenterna Fanny Lindblad och Sofia Ed\u00e9n! H\u00e4r [&hellip;]<\/p>\n","protected":false},"author":1,"featured_media":11414,"comment_status":"closed","ping_status":"closed","sticky":false,"template":"","format":"standard","meta":{"footnotes":""},"categories":[11],"tags":[],"class_list":["post-11411","post","type-post","status-publish","format-standard","has-post-thumbnail","hentry","category-utmarkelser-europaskolan-strangnas"],"blocksy_meta":[],"rttpg_featured_image_url":{"full":["https:\/\/www.europaskolan.se\/strangnas\/wp-content\/uploads\/sites\/2\/2020\/07\/Fanny_Sofia_1.jpg",632,843,false],"landscape":["https:\/\/www.europaskolan.se\/strangnas\/wp-content\/uploads\/sites\/2\/2020\/07\/Fanny_Sofia_1.jpg",632,843,false],"portraits":["https:\/\/www.europaskolan.se\/strangnas\/wp-content\/uploads\/sites\/2\/2020\/07\/Fanny_Sofia_1.jpg",632,843,false],"thumbnail":["https:\/\/www.europaskolan.se\/strangnas\/wp-content\/uploads\/sites\/2\/2020\/07\/Fanny_Sofia_1-112x150.jpg",112,150,true],"medium":["https:\/\/www.europaskolan.se\/strangnas\/wp-content\/uploads\/sites\/2\/2020\/07\/Fanny_Sofia_1-225x300.jpg",225,300,true],"large":["https:\/\/www.europaskolan.se\/strangnas\/wp-content\/uploads\/sites\/2\/2020\/07\/Fanny_Sofia_1.jpg",632,843,false],"1536x1536":["https:\/\/www.europaskolan.se\/strangnas\/wp-content\/uploads\/sites\/2\/2020\/07\/Fanny_Sofia_1.jpg",632,843,false],"2048x2048":["https:\/\/www.europaskolan.se\/strangnas\/wp-content\/uploads\/sites\/2\/2020\/07\/Fanny_Sofia_1.jpg",632,843,false],"sow-carousel-default":["https:\/\/www.europaskolan.se\/strangnas\/wp-content\/uploads\/sites\/2\/2020\/07\/Fanny_Sofia_1.jpg",136,182,false]},"rttpg_author":{"display_name":"admin","author_link":"https:\/\/www.europaskolan.se\/strangnas\/author\/admin\/"},"rttpg_comment":0,"rttpg_category":"<a href=\"https:\/\/www.europaskolan.se\/strangnas\/category\/utmarkelser-europaskolan-strangnas\/\" rel=\"category tag\">Utm\u00e4rkelser \u2013 Europaskolan Str\u00e4ngn\u00e4s<\/a>","rttpg_excerpt":"Ett klimatsmart samh\u00e4lle med naturen i daglig \u00e5tanke \u2013 dit v\u00e4gen \u00e4r b\u00e5de rolig, l\u00e4rorik och utvecklande! Det \u00e4r grundtankarna bakom den elevf\u00f6rening som tv\u00e5 av v\u00e5ra elever varit extra engagerade i. F\u00f6r detta f\u00e5r de \u00e5rets stipendium f\u00f6r F\u00f6rtj\u00e4nstfullt engagemang i skolans f\u00f6reningsverksamhet. Grattis till de nyblivna studenterna Fanny Lindblad och Sofia Ed\u00e9n! H\u00e4r&hellip;","_links":{"self":[{"href":"https:\/\/www.europaskolan.se\/strangnas\/wp-json\/wp\/v2\/posts\/11411","targetHints":{"allow":["GET"]}}],"collection":[{"href":"https:\/\/www.europaskolan.se\/strangnas\/wp-json\/wp\/v2\/posts"}],"about":[{"href":"https:\/\/www.europaskolan.se\/strangnas\/wp-json\/wp\/v2\/types\/post"}],"author":[{"embeddable":true,"href":"https:\/\/www.europaskolan.se\/strangnas\/wp-json\/wp\/v2\/users\/1"}],"replies":[{"embeddable":true,"href":"https:\/\/www.europaskolan.se\/strangnas\/wp-json\/wp\/v2\/comments?post=11411"}],"version-history":[{"count":0,"href":"https:\/\/www.europaskolan.se\/strangnas\/wp-json\/wp\/v2\/posts\/11411\/revisions"}],"wp:featuredmedia":[{"embeddable":true,"href":"https:\/\/www.europaskolan.se\/strangnas\/wp-json\/wp\/v2\/media\/11414"}],"wp:attachment":[{"href":"https:\/\/www.europaskolan.se\/strangnas\/wp-json\/wp\/v2\/media?parent=11411"}],"wp:term":[{"taxonomy":"category","embeddable":true,"href":"https:\/\/www.europaskolan.se\/strangnas\/wp-json\/wp\/v2\/categories?post=11411"},{"taxonomy":"post_tag","embeddable":true,"href":"https:\/\/www.europaskolan.se\/strangnas\/wp-json\/wp\/v2\/tags?post=11411"}],"curies":[{"name":"wp","href":"https:\/\/api.w.org\/{rel}","templated":true}]}}