{"id":11158,"date":"2020-04-17T11:40:26","date_gmt":"2020-04-17T09:40:26","guid":{"rendered":"https:\/\/www.europaskolan.se\/strangnas\/?p=11158"},"modified":"2021-08-16T14:16:36","modified_gmt":"2021-08-16T12:16:36","slug":"sara-elmgart-fran-europaskolan-strangnas-har-vunnit-mu-alpha-theta-priset-for-det-arbete-som-utmarker-sig-inom-matematik-i-forsknings-sm-2020","status":"publish","type":"post","link":"https:\/\/www.europaskolan.se\/strangnas\/sara-elmgart-fran-europaskolan-strangnas-har-vunnit-mu-alpha-theta-priset-for-det-arbete-som-utmarker-sig-inom-matematik-i-forsknings-sm-2020\/","title":{"rendered":"Sara Elmgart fr\u00e5n Europaskolan Str\u00e4ngn\u00e4s har vunnit Mu Alpha Theta-priset f\u00f6r \u201dDet arbete som utm\u00e4rker sig inom matematik\u201d i Forsknings-SM 2020"},"content":{"rendered":"<p><img fetchpriority=\"high\" decoding=\"async\" class=\"alignnone wp-image-11160 size-full\" src=\"https:\/\/www.europaskolan.se\/strangnas\/wp-content\/uploads\/sites\/2\/2020\/04\/ESS_Sara-Emlgart-2.jpg\" alt=\"\" width=\"1200\" height=\"800\" srcset=\"https:\/\/www.europaskolan.se\/strangnas\/wp-content\/uploads\/sites\/2\/2020\/04\/ESS_Sara-Emlgart-2.jpg 1200w, https:\/\/www.europaskolan.se\/strangnas\/wp-content\/uploads\/sites\/2\/2020\/04\/ESS_Sara-Emlgart-2-450x300.jpg 450w, https:\/\/www.europaskolan.se\/strangnas\/wp-content\/uploads\/sites\/2\/2020\/04\/ESS_Sara-Emlgart-2-1024x683.jpg 1024w, https:\/\/www.europaskolan.se\/strangnas\/wp-content\/uploads\/sites\/2\/2020\/04\/ESS_Sara-Emlgart-2-200x133.jpg 200w, https:\/\/www.europaskolan.se\/strangnas\/wp-content\/uploads\/sites\/2\/2020\/04\/ESS_Sara-Emlgart-2-768x512.jpg 768w\" sizes=\"(max-width: 1200px) 100vw, 1200px\" \/><\/p>\n<p><em>Nu har det varit final i Unga Forskares stora t\u00e4vling om Sveriges b\u00e4sta gymnasiearbeten inom naturvetenskap, teknik och matematik. Till v\u00e5r stora gl\u00e4dje kan vi meddela att vinnaren av \u201dDet arbete som utm\u00e4rker sig inom matematik\u201d \u00e4r Sara Elmgart fr\u00e5n Europaskolan Str\u00e4ngn\u00e4s. Stort grattis till Sara \u2013 s\u00e5 bra jobbat!<\/em><\/p>\n<p><strong>Sara Elmgart fr\u00e5n Europaskolan Str\u00e4ngn\u00e4s t\u00e4vlade hos Unga Forskare med ett gymnasiearbete d\u00e4r hon simulerade h\u00f6rselneds\u00e4ttningar, <\/strong>bland annat sin egen. Gymnasiearbetet, som har namnet \u201dH\u00f6r som en h\u00f6rselskadad \u2013 att simulera en h\u00f6rselneds\u00e4ttning i GNU Octave\u201d, ledde henne till Sverigefinalen p\u00e5 Utst\u00e4llningen Unga Forskare. (L\u00e4s mer om Saras gymnasiearbete i tidigare nyhetsinl\u00e4gg, via l\u00e4nken nedan.)<\/p>\n<p><img decoding=\"async\" class=\"alignnone size-large wp-image-11161\" src=\"https:\/\/www.europaskolan.se\/strangnas\/wp-content\/uploads\/sites\/2\/2020\/04\/ESS_Sara-Emlgart-1-683x1024.jpg\" alt=\"\" width=\"620\" height=\"930\" srcset=\"https:\/\/www.europaskolan.se\/strangnas\/wp-content\/uploads\/sites\/2\/2020\/04\/ESS_Sara-Emlgart-1-683x1024.jpg 683w, https:\/\/www.europaskolan.se\/strangnas\/wp-content\/uploads\/sites\/2\/2020\/04\/ESS_Sara-Emlgart-1-200x300.jpg 200w, https:\/\/www.europaskolan.se\/strangnas\/wp-content\/uploads\/sites\/2\/2020\/04\/ESS_Sara-Emlgart-1-100x150.jpg 100w, https:\/\/www.europaskolan.se\/strangnas\/wp-content\/uploads\/sites\/2\/2020\/04\/ESS_Sara-Emlgart-1-768x1152.jpg 768w, https:\/\/www.europaskolan.se\/strangnas\/wp-content\/uploads\/sites\/2\/2020\/04\/ESS_Sara-Emlgart-1.jpg 1000w\" sizes=\"(max-width: 620px) 100vw, 620px\" \/><\/p>\n<p><strong>Utst\u00e4llningen Unga Forskare \u00e4r inte bara Sveriges st\u00f6rsta vetenskapsm\u00e4ssa <\/strong>utan ocks\u00e5 landets st\u00f6rsta t\u00e4vling f\u00f6r gymnasister inom naturvetenskap, teknik och matematik. T\u00e4vlingen har arrangerats sedan 1963, och varje \u00e5r t\u00e4vlar hundratals elever i en digital uttagning samt i semifinaler runt om i Sverige.<\/p>\n<p><strong>Beroende p\u00e5 vilket \u00e4mne gymnasiearbetena ber\u00f6r t\u00e4vlar deltagarna ocks\u00e5 om olika priser <\/strong>inom olika kategorier, till exempel biologisk m\u00e5ngfald, innovation, matematik, kemi och fysik.<\/p>\n<p><strong>I vanliga fall \u00e4ger finalen rum under en hel vecka i Stockholm,<\/strong> med studiebes\u00f6k, f\u00f6rel\u00e4sningar och presentationer av projekten. P\u00e5 Tekniska museets stora utst\u00e4llning f\u00e5r deltagarna ocks\u00e5 visa upp sina arbeten f\u00f6r allm\u00e4nheten. Den sista dagen brukar det vara prisutdelning p\u00e5 museet, med avslutningsmiddag p\u00e5 kv\u00e4llen.<\/p>\n<p><strong>I \u00e5r blev f\u00f6rst\u00e5s detta inst\u00e4llt och finalen \u00e4gde i st\u00e4llet rum digitalt, <\/strong>p\u00e5 grund av den r\u00e5dande coronapandemin. Sara Elmgart ber\u00e4ttar sj\u00e4lv hur det gick till:<\/p>\n<p>\u2012 Juryn delade en drive-mapp med mig d\u00e4r jag fick l\u00e4gga in det som skulle varit tillg\u00e4ngligt i montern p\u00e5 Tekniska museet samt en maximalt fem minuter l\u00e5ng video d\u00e4r jag presenterade mitt projekt. Sedan fick vi ocks\u00e5 ett schema f\u00f6r 15 minuter l\u00e5nga intervjuer med jurymedlemmar via Skype.<\/p>\n<p><strong>M\u00e5ndagen den 6 april var det dags att meddela namnen p\u00e5 vinnarna <\/strong>\u2013 och till b\u00e5de v\u00e5r och Saras stora gl\u00e4dje var hon en av dem!<\/p>\n<p><strong>\u2012<\/strong><strong> D\u00e5 fick jag h\u00f6ra mitt namn l\u00e4sas upp som vinnare av det enda matematikpriset,<\/strong> ett diplom fr\u00e5n Mu Alpha Theta, National High School and Two-Year College Mathematics Honor Society, USA.<\/p>\n<p><strong>Sara Elmgart vann kategorin \u201dDet arbete som utm\u00e4rker sig inom matematik\u201d<\/strong> med f\u00f6ljande motivering:<em> \u201dEtt sj\u00e4lvst\u00e4ndigt, v\u00e4lmotiverat och innovativt projekt. Stipendiaten \u00e4r driven, ambiti\u00f6s och engagerad i sitt \u00e4mne.\u201d<\/em><\/p>\n<p><strong>Vad betyder d\u00e5 detta pris f\u00f6r Sara och forts\u00e4ttningen f\u00f6r hennes projekt?<\/strong><br \/>\n\u2012 Det \u00e4r j\u00e4tteroligt att min id\u00e9 om att simulera en h\u00f6rselneds\u00e4ttning kan bli verklighet och att den uppskattas av andra! Att f\u00e5 just matematikpriset k\u00e4nns ocks\u00e5 v\u00e4ldigt kul.<\/p>\n<p><strong>Sara Elmgart tycker ocks\u00e5 att det \u00e4r imponerande att Unga Forskare lyckades genomf\u00f6ra t\u00e4vlingen, <\/strong>trots de r\u00e5dande omst\u00e4ndigheterna. Men naturligtvis hade en t\u00e4vling p\u00e5 plats varit b\u00e4st:<\/p>\n<p>\u2012 Jag hade verkligen sett fram emot att l\u00e4ra k\u00e4nna de andra deltagarna fr\u00e5n hela landet. Det var det som var roligast under semifinalen.<\/p>\n<p><em>Vi \u00e4r s\u00e5 stolta \u00f6ver dig, Sara, och \u00f6nskar dig varmt lycka till \u00e4ven fram\u00f6ver!<\/em><\/p>\n<p><a href=\"https:\/\/www.europaskolan.se\/strangnas\/sara-elmgart-fran-europaskolan-strangnas-gar-till-final-i-unga-forskares-tavling-om-sveriges-basta-naturvetenskapliga-gymnasiearbete\/\">L\u00e4s mer om Sara Elmgarts gymnasiearbete h\u00e4r &gt; <\/a><br \/>\n<a href=\"https:\/\/www.facebook.com\/Utstallningen\/videos\/214246213182774\/\" target=\"_blank\" rel=\"noopener noreferrer\">Se Unga Forskares video p\u00e5 Facebook d\u00e4r vinnarna av \u00e5rets priser och stipendier tillk\u00e4nnagavs &gt;\u00a0<\/a><\/p>\n","protected":false},"excerpt":{"rendered":"<p>Nu har det varit final i Unga Forskares stora t\u00e4vling om Sveriges b\u00e4sta gymnasiearbeten inom naturvetenskap, teknik och matematik. Till v\u00e5r stora gl\u00e4dje kan vi meddela att vinnaren av \u201dDet arbete som utm\u00e4rker sig inom matematik\u201d \u00e4r Sara Elmgart fr\u00e5n Europaskolan Str\u00e4ngn\u00e4s. Stort grattis till Sara \u2013 s\u00e5 bra jobbat! Sara Elmgart fr\u00e5n Europaskolan Str\u00e4ngn\u00e4s [&hellip;]<\/p>\n","protected":false},"author":1,"featured_media":11161,"comment_status":"closed","ping_status":"closed","sticky":false,"template":"","format":"standard","meta":{"footnotes":""},"categories":[44,11],"tags":[],"class_list":["post-11158","post","type-post","status-publish","format-standard","has-post-thumbnail","hentry","category-europaskolan-strangnas-i-bilder","category-utmarkelser-europaskolan-strangnas"],"blocksy_meta":[],"rttpg_featured_image_url":{"full":["https:\/\/www.europaskolan.se\/strangnas\/wp-content\/uploads\/sites\/2\/2020\/04\/ESS_Sara-Emlgart-1.jpg",1000,1500,false],"landscape":["https:\/\/www.europaskolan.se\/strangnas\/wp-content\/uploads\/sites\/2\/2020\/04\/ESS_Sara-Emlgart-1.jpg",1000,1500,false],"portraits":["https:\/\/www.europaskolan.se\/strangnas\/wp-content\/uploads\/sites\/2\/2020\/04\/ESS_Sara-Emlgart-1.jpg",1000,1500,false],"thumbnail":["https:\/\/www.europaskolan.se\/strangnas\/wp-content\/uploads\/sites\/2\/2020\/04\/ESS_Sara-Emlgart-1-100x150.jpg",100,150,true],"medium":["https:\/\/www.europaskolan.se\/strangnas\/wp-content\/uploads\/sites\/2\/2020\/04\/ESS_Sara-Emlgart-1-200x300.jpg",200,300,true],"large":["https:\/\/www.europaskolan.se\/strangnas\/wp-content\/uploads\/sites\/2\/2020\/04\/ESS_Sara-Emlgart-1-683x1024.jpg",683,1024,true],"1536x1536":["https:\/\/www.europaskolan.se\/strangnas\/wp-content\/uploads\/sites\/2\/2020\/04\/ESS_Sara-Emlgart-1.jpg",1000,1500,false],"2048x2048":["https:\/\/www.europaskolan.se\/strangnas\/wp-content\/uploads\/sites\/2\/2020\/04\/ESS_Sara-Emlgart-1.jpg",1000,1500,false],"sow-carousel-default":["https:\/\/www.europaskolan.se\/strangnas\/wp-content\/uploads\/sites\/2\/2020\/04\/ESS_Sara-Emlgart-1.jpg",121,182,false]},"rttpg_author":{"display_name":"admin","author_link":"https:\/\/www.europaskolan.se\/strangnas\/author\/admin\/"},"rttpg_comment":0,"rttpg_category":"<a href=\"https:\/\/www.europaskolan.se\/strangnas\/category\/europaskolan-strangnas-i-bilder\/\" rel=\"category tag\">Europaskolan Str\u00e4ngn\u00e4s i bilder<\/a> <a href=\"https:\/\/www.europaskolan.se\/strangnas\/category\/utmarkelser-europaskolan-strangnas\/\" rel=\"category tag\">Utm\u00e4rkelser \u2013 Europaskolan Str\u00e4ngn\u00e4s<\/a>","rttpg_excerpt":"Nu har det varit final i Unga Forskares stora t\u00e4vling om Sveriges b\u00e4sta gymnasiearbeten inom naturvetenskap, teknik och matematik. Till v\u00e5r stora gl\u00e4dje kan vi meddela att vinnaren av \u201dDet arbete som utm\u00e4rker sig inom matematik\u201d \u00e4r Sara Elmgart fr\u00e5n Europaskolan Str\u00e4ngn\u00e4s. Stort grattis till Sara \u2013 s\u00e5 bra jobbat! Sara Elmgart fr\u00e5n Europaskolan Str\u00e4ngn\u00e4s&hellip;","_links":{"self":[{"href":"https:\/\/www.europaskolan.se\/strangnas\/wp-json\/wp\/v2\/posts\/11158","targetHints":{"allow":["GET"]}}],"collection":[{"href":"https:\/\/www.europaskolan.se\/strangnas\/wp-json\/wp\/v2\/posts"}],"about":[{"href":"https:\/\/www.europaskolan.se\/strangnas\/wp-json\/wp\/v2\/types\/post"}],"author":[{"embeddable":true,"href":"https:\/\/www.europaskolan.se\/strangnas\/wp-json\/wp\/v2\/users\/1"}],"replies":[{"embeddable":true,"href":"https:\/\/www.europaskolan.se\/strangnas\/wp-json\/wp\/v2\/comments?post=11158"}],"version-history":[{"count":0,"href":"https:\/\/www.europaskolan.se\/strangnas\/wp-json\/wp\/v2\/posts\/11158\/revisions"}],"wp:featuredmedia":[{"embeddable":true,"href":"https:\/\/www.europaskolan.se\/strangnas\/wp-json\/wp\/v2\/media\/11161"}],"wp:attachment":[{"href":"https:\/\/www.europaskolan.se\/strangnas\/wp-json\/wp\/v2\/media?parent=11158"}],"wp:term":[{"taxonomy":"category","embeddable":true,"href":"https:\/\/www.europaskolan.se\/strangnas\/wp-json\/wp\/v2\/categories?post=11158"},{"taxonomy":"post_tag","embeddable":true,"href":"https:\/\/www.europaskolan.se\/strangnas\/wp-json\/wp\/v2\/tags?post=11158"}],"curies":[{"name":"wp","href":"https:\/\/api.w.org\/{rel}","templated":true}]}}