{"id":11073,"date":"2020-03-31T15:42:39","date_gmt":"2020-03-31T13:42:39","guid":{"rendered":"https:\/\/www.europaskolan.se\/strangnas\/?p=11073"},"modified":"2020-05-06T13:16:11","modified_gmt":"2020-05-06T11:16:11","slug":"lunchlador-till-eleverna-pa-europaskolan-strangnas-som-har-distansundervisning","status":"publish","type":"post","link":"https:\/\/www.europaskolan.se\/strangnas\/lunchlador-till-eleverna-pa-europaskolan-strangnas-som-har-distansundervisning\/","title":{"rendered":"Lunchl\u00e5dor till eleverna p\u00e5 Europaskolan Str\u00e4ngn\u00e4s, som har distansundervisning"},"content":{"rendered":"<p><img fetchpriority=\"high\" decoding=\"async\" class=\"alignnone size-full wp-image-11074\" src=\"https:\/\/www.europaskolan.se\/strangnas\/wp-content\/uploads\/sites\/2\/2020\/03\/ESS-Lunchlador.jpg\" alt=\"\" width=\"666\" height=\"798\" srcset=\"https:\/\/www.europaskolan.se\/strangnas\/wp-content\/uploads\/sites\/2\/2020\/03\/ESS-Lunchlador.jpg 666w, https:\/\/www.europaskolan.se\/strangnas\/wp-content\/uploads\/sites\/2\/2020\/03\/ESS-Lunchlador-250x300.jpg 250w, https:\/\/www.europaskolan.se\/strangnas\/wp-content\/uploads\/sites\/2\/2020\/03\/ESS-Lunchlador-125x150.jpg 125w\" sizes=\"(max-width: 666px) 100vw, 666px\" \/><\/p>\n<p><em>Vad h\u00e4nder med skolm\u00e5ltiden f\u00f6r de elever p\u00e5 Europaskolan Str\u00e4ngn\u00e4s som nu har distansundervisning? Svaret \u00e4r lunchl\u00e5dor! Skolrestaurangen J\u00e4rnhandeln \u00e4r st\u00e4ngd men<br \/>\nmatlagningen \u00e4r i full g\u00e5ng bland v\u00e5ra kockar. Nu f\u00e5r n\u00e4mligen eleverna m\u00f6jlighet att best\u00e4lla lunchl\u00e5dor som kan \u00e4tas hemma. <\/em><em>P\u00e5 grundskolorna Europaskolan Rogge och Europaskolan Malmk\u00f6ping serveras lunchbuff\u00e9 som vanligt men med \u00e5tg\u00e4rder f\u00f6r att eliminera all tr\u00e4ngsel.<\/em><\/p>\n<p><strong>Eget k\u00f6k, med egna kockar, och mat som p\u00e5 restaurang<\/strong> \u2013 det \u00e4r eleverna vana vid inom Europaskolan. Men vad h\u00e4nder nu under den r\u00e5dande coronapandemin?<\/p>\n<p><strong>Eleverna p\u00e5 gymnasiet Europaskolan Str\u00e4ngn\u00e4s har m\u00f6jlighet att best\u00e4lla lunchl\u00e5dor<\/strong> som kan \u00e4tas hemma, trots att matsalen (\u201dskolrestaurangen\u201d) J\u00e4rnhandeln \u00e4r st\u00e4ngd. I k\u00f6ket p\u00e5g\u00e5r d\u00e4rf\u00f6r matlagningen f\u00f6r fullt, d\u00e5 m\u00e5nga efterfr\u00e5gar den delikata h\u00e4mtmaten.<\/p>\n<p><strong>Lunchl\u00e5dorna best\u00e4lls via en l\u00e4nk p\u00e5 SchoolSoft, senast klockan 20.00 p\u00e5 onsdagen <\/strong>veckan f\u00f6re. Eleverna best\u00e4ller allts\u00e5 f\u00f6r en vecka \u00e5t g\u00e5ngen.<\/p>\n<p><strong>Utl\u00e4mning sker m\u00e5ndagar (3 matl\u00e5dor)\u00a0och torsdagar (2 matl\u00e5dor),<\/strong> mellan klockan 07.30 och 09.00.<\/p>\n<p><strong>Vi \u00e4r m\u00e5na om att maten ska vara nylagad,<\/strong> d\u00e5 vi alltid har matg\u00e4stens b\u00e4sta i fokus. D\u00e4rf\u00f6r \u00e4r en del arbetstid f\u00f6r k\u00f6ket nu f\u00f6rlagd till s\u00f6ndagar och mycket tidiga m\u00e5ndagsmorgnar (fr\u00e5n cirka 03.30).<\/p>\n<p><strong>P\u00e5 grundskolorna Europaskolan Rogge och Europaskolan Malmk\u00f6ping<\/strong> <strong>serveras lunchbuff\u00e9 <\/strong>som vanligt, eftersom eleverna \u00e4r p\u00e5 plats i skolan. D\u00e4r \u00e4r menyn nu reducerad f\u00f6r att h\u00e5lla k\u00f6erna kortare. Men framf\u00f6r allt har man spridit ut ankomst till och placering i matsalen f\u00f6r att eliminera all tr\u00e4ngsel som annars l\u00e4tt uppst\u00e5r.<\/p>\n<p><em>Smaklig m\u00e5ltid!<\/em><\/p>\n","protected":false},"excerpt":{"rendered":"<p>Vad h\u00e4nder med skolm\u00e5ltiden f\u00f6r de elever p\u00e5 Europaskolan Str\u00e4ngn\u00e4s som nu har distansundervisning? Svaret \u00e4r lunchl\u00e5dor! Skolrestaurangen J\u00e4rnhandeln \u00e4r st\u00e4ngd men matlagningen \u00e4r i full g\u00e5ng bland v\u00e5ra kockar. Nu f\u00e5r n\u00e4mligen eleverna m\u00f6jlighet att best\u00e4lla lunchl\u00e5dor som kan \u00e4tas hemma. P\u00e5 grundskolorna Europaskolan Rogge och Europaskolan Malmk\u00f6ping serveras lunchbuff\u00e9 som vanligt men med [&hellip;]<\/p>\n","protected":false},"author":1,"featured_media":11077,"comment_status":"closed","ping_status":"closed","sticky":false,"template":"","format":"standard","meta":{"footnotes":""},"categories":[3],"tags":[],"class_list":["post-11073","post","type-post","status-publish","format-standard","has-post-thumbnail","hentry","category-aktuellt-europaskolan-strangnas"],"blocksy_meta":[],"rttpg_featured_image_url":{"full":["https:\/\/www.europaskolan.se\/strangnas\/wp-content\/uploads\/sites\/2\/2020\/03\/ESS-Lunchlador2.jpg",696,627,false],"landscape":["https:\/\/www.europaskolan.se\/strangnas\/wp-content\/uploads\/sites\/2\/2020\/03\/ESS-Lunchlador2.jpg",696,627,false],"portraits":["https:\/\/www.europaskolan.se\/strangnas\/wp-content\/uploads\/sites\/2\/2020\/03\/ESS-Lunchlador2.jpg",696,627,false],"thumbnail":["https:\/\/www.europaskolan.se\/strangnas\/wp-content\/uploads\/sites\/2\/2020\/03\/ESS-Lunchlador2-167x150.jpg",167,150,true],"medium":["https:\/\/www.europaskolan.se\/strangnas\/wp-content\/uploads\/sites\/2\/2020\/03\/ESS-Lunchlador2-333x300.jpg",333,300,true],"large":["https:\/\/www.europaskolan.se\/strangnas\/wp-content\/uploads\/sites\/2\/2020\/03\/ESS-Lunchlador2.jpg",696,627,false],"1536x1536":["https:\/\/www.europaskolan.se\/strangnas\/wp-content\/uploads\/sites\/2\/2020\/03\/ESS-Lunchlador2.jpg",696,627,false],"2048x2048":["https:\/\/www.europaskolan.se\/strangnas\/wp-content\/uploads\/sites\/2\/2020\/03\/ESS-Lunchlador2.jpg",696,627,false],"sow-carousel-default":["https:\/\/www.europaskolan.se\/strangnas\/wp-content\/uploads\/sites\/2\/2020\/03\/ESS-Lunchlador2.jpg",202,182,false]},"rttpg_author":{"display_name":"admin","author_link":"https:\/\/www.europaskolan.se\/strangnas\/author\/admin\/"},"rttpg_comment":0,"rttpg_category":"<a href=\"https:\/\/www.europaskolan.se\/strangnas\/category\/aktuellt-europaskolan-strangnas\/\" rel=\"category tag\">Aktuellt \u2013 Europaskolan Str\u00e4ngn\u00e4s<\/a>","rttpg_excerpt":"Vad h\u00e4nder med skolm\u00e5ltiden f\u00f6r de elever p\u00e5 Europaskolan Str\u00e4ngn\u00e4s som nu har distansundervisning? Svaret \u00e4r lunchl\u00e5dor! Skolrestaurangen J\u00e4rnhandeln \u00e4r st\u00e4ngd men matlagningen \u00e4r i full g\u00e5ng bland v\u00e5ra kockar. Nu f\u00e5r n\u00e4mligen eleverna m\u00f6jlighet att best\u00e4lla lunchl\u00e5dor som kan \u00e4tas hemma. P\u00e5 grundskolorna Europaskolan Rogge och Europaskolan Malmk\u00f6ping serveras lunchbuff\u00e9 som vanligt men med&hellip;","_links":{"self":[{"href":"https:\/\/www.europaskolan.se\/strangnas\/wp-json\/wp\/v2\/posts\/11073","targetHints":{"allow":["GET"]}}],"collection":[{"href":"https:\/\/www.europaskolan.se\/strangnas\/wp-json\/wp\/v2\/posts"}],"about":[{"href":"https:\/\/www.europaskolan.se\/strangnas\/wp-json\/wp\/v2\/types\/post"}],"author":[{"embeddable":true,"href":"https:\/\/www.europaskolan.se\/strangnas\/wp-json\/wp\/v2\/users\/1"}],"replies":[{"embeddable":true,"href":"https:\/\/www.europaskolan.se\/strangnas\/wp-json\/wp\/v2\/comments?post=11073"}],"version-history":[{"count":0,"href":"https:\/\/www.europaskolan.se\/strangnas\/wp-json\/wp\/v2\/posts\/11073\/revisions"}],"wp:featuredmedia":[{"embeddable":true,"href":"https:\/\/www.europaskolan.se\/strangnas\/wp-json\/wp\/v2\/media\/11077"}],"wp:attachment":[{"href":"https:\/\/www.europaskolan.se\/strangnas\/wp-json\/wp\/v2\/media?parent=11073"}],"wp:term":[{"taxonomy":"category","embeddable":true,"href":"https:\/\/www.europaskolan.se\/strangnas\/wp-json\/wp\/v2\/categories?post=11073"},{"taxonomy":"post_tag","embeddable":true,"href":"https:\/\/www.europaskolan.se\/strangnas\/wp-json\/wp\/v2\/tags?post=11073"}],"curies":[{"name":"wp","href":"https:\/\/api.w.org\/{rel}","templated":true}]}}