{"id":11049,"date":"2020-03-19T10:21:05","date_gmt":"2020-03-19T09:21:05","guid":{"rendered":"https:\/\/www.europaskolan.se\/strangnas\/?p=11049"},"modified":"2021-08-16T14:23:34","modified_gmt":"2021-08-16T12:23:34","slug":"europaskolan-strangnas-har-vunnit-2020-ars-frankofonitavling","status":"publish","type":"post","link":"https:\/\/www.europaskolan.se\/strangnas\/europaskolan-strangnas-har-vunnit-2020-ars-frankofonitavling\/","title":{"rendered":"Europaskolan Str\u00e4ngn\u00e4s har vunnit 2020 \u00e5rs frankofonit\u00e4vling"},"content":{"rendered":"<p><a href=\"https:\/\/www.europaskolan.se\/strangnas\/europaskolan-strangnas-har-vunnit-2020-ars-frankofonitavling\/ess-frankofoni-2020\/\" rel=\"attachment wp-att-11051\"><img fetchpriority=\"high\" decoding=\"async\" class=\"alignnone size-full wp-image-11051\" src=\"https:\/\/www.europaskolan.se\/strangnas\/wp-content\/uploads\/sites\/2\/2020\/03\/ESS-Frankofoni-2020.jpg\" alt=\"\" width=\"708\" height=\"714\" srcset=\"https:\/\/www.europaskolan.se\/strangnas\/wp-content\/uploads\/sites\/2\/2020\/03\/ESS-Frankofoni-2020.jpg 708w, https:\/\/www.europaskolan.se\/strangnas\/wp-content\/uploads\/sites\/2\/2020\/03\/ESS-Frankofoni-2020-297x300.jpg 297w, https:\/\/www.europaskolan.se\/strangnas\/wp-content\/uploads\/sites\/2\/2020\/03\/ESS-Frankofoni-2020-149x150.jpg 149w\" sizes=\"(max-width: 708px) 100vw, 708px\" \/><\/a><\/p>\n<p><em>Hurra! Europaskolan Str\u00e4ngn\u00e4s har vunnit Frankofonit\u00e4vlingen 2020 med en podcast p\u00e5 franska. \u201dToutes mes f\u00e9licitations \u00e0 mes fantastiques \u00e9l\u00e8ves!\u201d s\u00e4ger deras stolta l\u00e4rare Caroline Noreen, som dessutom blir \u00c5rets l\u00e4rare.<\/em><\/p>\n<p><strong>Frankofonit\u00e4vlingen (Concours de la Francophonie)<\/strong> \u00e4r en t\u00e4vling f\u00f6r alla gymnasieelever som l\u00e4ser franska. Den ordnas varje \u00e5r sedan 1970 av franska institut runt om i v\u00e4rlden.<\/p>\n<p><strong>I \u00e5rets t\u00e4vling var uppgiften att skapa \u201dEn fransk podd\u201d: en max fem minuter l\u00e5ng podcast<\/strong> p\u00e5 ett tema kopplat till Internationella organisationen f\u00f6r frankofoni (OIF). Juryn bestod av de ansvariga fr\u00e5n spr\u00e5k- och kulturella avdelningar fr\u00e5n dessa l\u00e4nder och radiospecialister fr\u00e5n UR.<\/p>\n<p><strong>Fr\u00e5n Europaskolan Str\u00e4ngn\u00e4s deltog klassen som studerar franska 5,<\/strong> med 15 elever. De hade t\u00e4vlat sedan november 2019 och f\u00f6rra veckan var det \u00e4ntligen dags f\u00f6r resultatet.<\/p>\n<p><strong>Nu har vi f\u00e5tt beskedet att Europaskolan Str\u00e4ngn\u00e4s st\u00e5r som vinnare<\/strong> i \u00e5rets frankofonit\u00e4vling! Fantastiska nyheter som g\u00f6r oss oerh\u00f6rt glada. Extra stolta blir vi, d\u00e5 det faktiskt \u00e4r sj\u00e4tte g\u00e5ngen som Europaskolan Str\u00e4ngn\u00e4s tar hem f\u00f6rstapriset.<\/p>\n<p><strong>Klassen vann 7 000 kronor och deras podcast kommer s\u00e4ndas i Utbildningsradion (UR) fr\u00e5n 28 mars.<\/strong> Troligtvis kommer den att \u00f6vers\u00e4ttas till svenska eftersom den publiceras i utbildningssyfte. Dessutom kommer vi senare att bjudas p\u00e5 en buff\u00e9 med kulinariska specialiteter fr\u00e5n de olika frankofonil\u00e4nderna.<\/p>\n<p><strong>Ett s\u00e4rskilt tack vill vi rikta till familjen Baltatzis i Str\u00e4ngn\u00e4s<\/strong> som l\u00e5nade oss sin inspelningsstudio. Utan dem hade vi inte kunnat vara lika proffsiga.<\/p>\n<p><a href=\"http:\/\/www.radio-elan.se\/concours-de-la-francophonie\/\"><strong>Den som inte vill v\u00e4nta till den 28 mars kan redan nu lyssna p\u00e5 skolans podcast <\/strong>h\u00e4r. &gt;\u00a0<\/a><\/p>\n<p><strong>Elevernas l\u00e4rare Caroline Noreen vill ocks\u00e5 uppm\u00e4rksamma en annan t\u00e4vling i franska<\/strong> som tv\u00e5 elever, Billie Baltatzis och Sofia Ed\u00e9n, deltar i. Billie skrev manuset i h\u00f6stas och filmen ligger nu verkligen r\u00e4tt i tiden! Se filmen nedan.<\/p>\n<p><iframe src=\"https:\/\/www.youtube.com\/embed\/rugLZi8zvNk\" width=\"550\" height=\"300\" frameborder=\"0\" allowfullscreen=\"allowfullscreen\"><span data-mce-type=\"bookmark\" style=\"display: inline-block; width: 0px; overflow: hidden; line-height: 0;\" class=\"mce_SELRES_start\">\ufeff<\/span><\/iframe><\/p>\n<p><em>\u00c5terigen stort grattis till v\u00e5ra kreativa och duktiga elever!<br \/>\n<\/em><\/p>\n<p><a href=\"https:\/\/www.francophonie.org\/\">L\u00e4s mer om Frankofonit\u00e4vlingen h\u00e4r. &gt;<\/a><\/p>\n<p>&nbsp;<\/p>\n","protected":false},"excerpt":{"rendered":"<p>Hurra! Europaskolan Str\u00e4ngn\u00e4s har vunnit Frankofonit\u00e4vlingen 2020 med en podcast p\u00e5 franska. \u201dToutes mes f\u00e9licitations \u00e0 mes fantastiques \u00e9l\u00e8ves!\u201d s\u00e4ger deras stolta l\u00e4rare Caroline Noreen, som dessutom blir \u00c5rets l\u00e4rare. Frankofonit\u00e4vlingen (Concours de la Francophonie) \u00e4r en t\u00e4vling f\u00f6r alla gymnasieelever som l\u00e4ser franska. Den ordnas varje \u00e5r sedan 1970 av franska institut runt om [&hellip;]<\/p>\n","protected":false},"author":1,"featured_media":11051,"comment_status":"closed","ping_status":"closed","sticky":false,"template":"","format":"standard","meta":{"footnotes":""},"categories":[44,11],"tags":[],"class_list":["post-11049","post","type-post","status-publish","format-standard","has-post-thumbnail","hentry","category-europaskolan-strangnas-i-bilder","category-utmarkelser-europaskolan-strangnas"],"blocksy_meta":[],"rttpg_featured_image_url":{"full":["https:\/\/www.europaskolan.se\/strangnas\/wp-content\/uploads\/sites\/2\/2020\/03\/ESS-Frankofoni-2020.jpg",708,714,false],"landscape":["https:\/\/www.europaskolan.se\/strangnas\/wp-content\/uploads\/sites\/2\/2020\/03\/ESS-Frankofoni-2020.jpg",708,714,false],"portraits":["https:\/\/www.europaskolan.se\/strangnas\/wp-content\/uploads\/sites\/2\/2020\/03\/ESS-Frankofoni-2020.jpg",708,714,false],"thumbnail":["https:\/\/www.europaskolan.se\/strangnas\/wp-content\/uploads\/sites\/2\/2020\/03\/ESS-Frankofoni-2020-149x150.jpg",149,150,true],"medium":["https:\/\/www.europaskolan.se\/strangnas\/wp-content\/uploads\/sites\/2\/2020\/03\/ESS-Frankofoni-2020-297x300.jpg",297,300,true],"large":["https:\/\/www.europaskolan.se\/strangnas\/wp-content\/uploads\/sites\/2\/2020\/03\/ESS-Frankofoni-2020.jpg",708,714,false],"1536x1536":["https:\/\/www.europaskolan.se\/strangnas\/wp-content\/uploads\/sites\/2\/2020\/03\/ESS-Frankofoni-2020.jpg",708,714,false],"2048x2048":["https:\/\/www.europaskolan.se\/strangnas\/wp-content\/uploads\/sites\/2\/2020\/03\/ESS-Frankofoni-2020.jpg",708,714,false],"sow-carousel-default":["https:\/\/www.europaskolan.se\/strangnas\/wp-content\/uploads\/sites\/2\/2020\/03\/ESS-Frankofoni-2020.jpg",180,182,false]},"rttpg_author":{"display_name":"admin","author_link":"https:\/\/www.europaskolan.se\/strangnas\/author\/admin\/"},"rttpg_comment":0,"rttpg_category":"<a href=\"https:\/\/www.europaskolan.se\/strangnas\/category\/europaskolan-strangnas-i-bilder\/\" rel=\"category tag\">Europaskolan Str\u00e4ngn\u00e4s i bilder<\/a> <a href=\"https:\/\/www.europaskolan.se\/strangnas\/category\/utmarkelser-europaskolan-strangnas\/\" rel=\"category tag\">Utm\u00e4rkelser \u2013 Europaskolan Str\u00e4ngn\u00e4s<\/a>","rttpg_excerpt":"Hurra! Europaskolan Str\u00e4ngn\u00e4s har vunnit Frankofonit\u00e4vlingen 2020 med en podcast p\u00e5 franska. \u201dToutes mes f\u00e9licitations \u00e0 mes fantastiques \u00e9l\u00e8ves!\u201d s\u00e4ger deras stolta l\u00e4rare Caroline Noreen, som dessutom blir \u00c5rets l\u00e4rare. Frankofonit\u00e4vlingen (Concours de la Francophonie) \u00e4r en t\u00e4vling f\u00f6r alla gymnasieelever som l\u00e4ser franska. Den ordnas varje \u00e5r sedan 1970 av franska institut runt om&hellip;","_links":{"self":[{"href":"https:\/\/www.europaskolan.se\/strangnas\/wp-json\/wp\/v2\/posts\/11049","targetHints":{"allow":["GET"]}}],"collection":[{"href":"https:\/\/www.europaskolan.se\/strangnas\/wp-json\/wp\/v2\/posts"}],"about":[{"href":"https:\/\/www.europaskolan.se\/strangnas\/wp-json\/wp\/v2\/types\/post"}],"author":[{"embeddable":true,"href":"https:\/\/www.europaskolan.se\/strangnas\/wp-json\/wp\/v2\/users\/1"}],"replies":[{"embeddable":true,"href":"https:\/\/www.europaskolan.se\/strangnas\/wp-json\/wp\/v2\/comments?post=11049"}],"version-history":[{"count":0,"href":"https:\/\/www.europaskolan.se\/strangnas\/wp-json\/wp\/v2\/posts\/11049\/revisions"}],"wp:featuredmedia":[{"embeddable":true,"href":"https:\/\/www.europaskolan.se\/strangnas\/wp-json\/wp\/v2\/media\/11051"}],"wp:attachment":[{"href":"https:\/\/www.europaskolan.se\/strangnas\/wp-json\/wp\/v2\/media?parent=11049"}],"wp:term":[{"taxonomy":"category","embeddable":true,"href":"https:\/\/www.europaskolan.se\/strangnas\/wp-json\/wp\/v2\/categories?post=11049"},{"taxonomy":"post_tag","embeddable":true,"href":"https:\/\/www.europaskolan.se\/strangnas\/wp-json\/wp\/v2\/tags?post=11049"}],"curies":[{"name":"wp","href":"https:\/\/api.w.org\/{rel}","templated":true}]}}