{"id":11008,"date":"2020-03-12T19:16:38","date_gmt":"2020-03-12T18:16:38","guid":{"rendered":"https:\/\/www.europaskolan.se\/strangnas\/?p=11008"},"modified":"2020-04-20T14:55:08","modified_gmt":"2020-04-20T12:55:08","slug":"europaskolan-strangnas-till-riksfinal-i-international-language-competition-2020","status":"publish","type":"post","link":"https:\/\/www.europaskolan.se\/strangnas\/europaskolan-strangnas-till-riksfinal-i-international-language-competition-2020\/","title":{"rendered":"Europaskolan Str\u00e4ngn\u00e4s till riksfinal i International Language Competition 2020"},"content":{"rendered":"<p><strong><a href=\"https:\/\/www.europaskolan.se\/strangnas\/europaskolan-strangnas-till-riksfinal-i-international-language-competition-2020\/ess-riksfinal-i-international-language-competition-2020\/\" rel=\"attachment wp-att-11014\"><img fetchpriority=\"high\" decoding=\"async\" class=\"alignnone size-full wp-image-11014\" src=\"https:\/\/www.europaskolan.se\/strangnas\/wp-content\/uploads\/sites\/2\/2020\/03\/ESS-riksfinal-i-International-Language-Competition-2020.jpg\" alt=\"\" width=\"640\" height=\"480\" srcset=\"https:\/\/www.europaskolan.se\/strangnas\/wp-content\/uploads\/sites\/2\/2020\/03\/ESS-riksfinal-i-International-Language-Competition-2020.jpg 640w, https:\/\/www.europaskolan.se\/strangnas\/wp-content\/uploads\/sites\/2\/2020\/03\/ESS-riksfinal-i-International-Language-Competition-2020-400x300.jpg 400w, https:\/\/www.europaskolan.se\/strangnas\/wp-content\/uploads\/sites\/2\/2020\/03\/ESS-riksfinal-i-International-Language-Competition-2020-200x150.jpg 200w, https:\/\/www.europaskolan.se\/strangnas\/wp-content\/uploads\/sites\/2\/2020\/03\/ESS-riksfinal-i-International-Language-Competition-2020-174x131.jpg 174w, https:\/\/www.europaskolan.se\/strangnas\/wp-content\/uploads\/sites\/2\/2020\/03\/ESS-riksfinal-i-International-Language-Competition-2020-300x225.jpg 300w, https:\/\/www.europaskolan.se\/strangnas\/wp-content\/uploads\/sites\/2\/2020\/03\/ESS-riksfinal-i-International-Language-Competition-2020-70x53.jpg 70w\" sizes=\"(max-width: 640px) 100vw, 640px\" \/><\/a><\/strong><\/p>\n<p><em>Riksfinal i International Language Competition \u2013 det v\u00e4ntar f\u00f6r Europaskolan Str\u00e4ngn\u00e4s, som just vunnit regionfinalen i Sveriges st\u00f6rsta spr\u00e5kt\u00e4vling. Stort grattis s\u00e4ger vi till v\u00e5ra duktiga elever <\/em><em>Elsa Ekerwall Andersson och Elias Hjert!<\/em><\/p>\n<p><strong>International Language Competition \u00e4r en spr\u00e5k- och kulturt\u00e4vling i moderna spr\u00e5k <\/strong><strong>(tidigare kallad Spr\u00e5kolympiaden.) <\/strong>T\u00e4vlingen \u00e4r rikst\u00e4ckande och v\u00e4nder sig till b\u00e5de grund- och gymnasieskolor i varje land.<\/p>\n<p><strong>Det fr\u00e4msta syftet med t\u00e4vlingen \u00e4r att uppmuntra elever att l\u00e4sa moderna spr\u00e5k p\u00e5 h\u00f6gre niv\u00e5. <\/strong>Vidare \u00e4r syftet att skolungdomar ska f\u00e5 ett \u00f6kat intresse f\u00f6r att till\u00e4gna sig kunskap om kunskap om kulturaspekter, historia och allm\u00e4nna relevanta samh\u00e4llsfr\u00e5gor i de l\u00e4nderna d\u00e4r m\u00e5lspr\u00e5ket talas. Dessutom vill man fr\u00e4mja en sund t\u00e4vlingsanda samt skapa ett n\u00e4t av kunskapsbyte och metodik inom moderna spr\u00e5k.<\/p>\n<p><strong>I 2020 \u00e5rs t\u00e4vling har Europaskolan Str\u00e4ngn\u00e4s just vunnit regionfinalen!<\/strong> Det \u00e4r Elsa Ekerwall Andersson och Elias Hjert, klass EU17, som st\u00e5r f\u00f6r insatsen med sina eminenta kunskaper i engelska.<\/p>\n<p><a href=\"https:\/\/www.europaskolan.se\/strangnas\/europaskolan_engelskaflaggan1-300x225\/\"><img decoding=\"async\" class=\"alignnone size-full wp-image-8476\" src=\"https:\/\/www.europaskolan.se\/strangnas\/wp-content\/uploads\/sites\/2\/2017\/07\/Europaskolan_engelskaflaggan1-300x225-1.jpg\" alt=\"\" width=\"300\" height=\"225\" \/><\/a><\/p>\n<p><strong>Linda Eriksson \u00e4r elevernas stolta l\u00e4rare,<\/strong> som ber\u00e4ttar:<br \/>\n\u2013 Det f\u00f6rsta kvalprovet \u00e4gde rum individuellt och digitalt p\u00e5 skolan. Mina elever placerade sig i topp p\u00e5 skolan, och Europaskolan Str\u00e4ngn\u00e4s vann \u00e4ven sammanlagt i regionen.<\/p>\n<p>Under regionfinalen i Stockholm fick v\u00e5ra delegater t\u00e4vla i par med samma slags fr\u00e5gor, en stor variation fr\u00e5n realia till grammatik. \u00c4ven h\u00e4r placerade sig mina elever i topp med b\u00e4st resultat i hela Stockholmsregionen. D\u00e4rmed \u00e4r vi nu inbjudna till riksfinalen!<\/p>\n<p><strong>Riksfinalen \u00e4ger rum i Malm\u00f6 den 16 mars,<\/strong> d\u00e5 v\u00e5ra elever kommer att forts\u00e4tta t\u00e4vla i engelska.<\/p>\n<p><em>Vi gratulerar till den stora framg\u00e5ngen och \u00f6nskar finalisterna stort lycka till i Malm\u00f6! <\/em><\/p>\n<p><a href=\"https:\/\/ilcompetition.se\/\" target=\"_blank\" rel=\"noopener noreferrer\">L\u00e4s mer International Language Competition h\u00e4r. &gt;\u00a0<\/a><\/p>\n<p><a href=\"https:\/\/www.europaskolan.se\/strangnas\/europaskolan-strangnas-till-riksfinal-i-international-language-competition-2020\/nedladdning\/\" rel=\"attachment wp-att-11017\"><img decoding=\"async\" class=\"alignnone size-full wp-image-11017\" src=\"https:\/\/www.europaskolan.se\/strangnas\/wp-content\/uploads\/sites\/2\/2020\/03\/nedladdning.jpg\" alt=\"\" width=\"225\" height=\"225\" srcset=\"https:\/\/www.europaskolan.se\/strangnas\/wp-content\/uploads\/sites\/2\/2020\/03\/nedladdning.jpg 225w, https:\/\/www.europaskolan.se\/strangnas\/wp-content\/uploads\/sites\/2\/2020\/03\/nedladdning-150x150.jpg 150w\" sizes=\"(max-width: 225px) 100vw, 225px\" \/><\/a><\/p>\n","protected":false},"excerpt":{"rendered":"<p>Riksfinal i International Language Competition \u2013 det v\u00e4ntar f\u00f6r Europaskolan Str\u00e4ngn\u00e4s, som just vunnit regionfinalen i Sveriges st\u00f6rsta spr\u00e5kt\u00e4vling. Stort grattis s\u00e4ger vi till v\u00e5ra duktiga elever Elsa Ekerwall Andersson och Elias Hjert! International Language Competition \u00e4r en spr\u00e5k- och kulturt\u00e4vling i moderna spr\u00e5k (tidigare kallad Spr\u00e5kolympiaden.) T\u00e4vlingen \u00e4r rikst\u00e4ckande och v\u00e4nder sig till b\u00e5de [&hellip;]<\/p>\n","protected":false},"author":1,"featured_media":11014,"comment_status":"closed","ping_status":"closed","sticky":false,"template":"","format":"standard","meta":{"footnotes":""},"categories":[11],"tags":[],"class_list":["post-11008","post","type-post","status-publish","format-standard","has-post-thumbnail","hentry","category-utmarkelser-europaskolan-strangnas"],"blocksy_meta":[],"rttpg_featured_image_url":{"full":["https:\/\/www.europaskolan.se\/strangnas\/wp-content\/uploads\/sites\/2\/2020\/03\/ESS-riksfinal-i-International-Language-Competition-2020.jpg",640,480,false],"landscape":["https:\/\/www.europaskolan.se\/strangnas\/wp-content\/uploads\/sites\/2\/2020\/03\/ESS-riksfinal-i-International-Language-Competition-2020.jpg",640,480,false],"portraits":["https:\/\/www.europaskolan.se\/strangnas\/wp-content\/uploads\/sites\/2\/2020\/03\/ESS-riksfinal-i-International-Language-Competition-2020.jpg",640,480,false],"thumbnail":["https:\/\/www.europaskolan.se\/strangnas\/wp-content\/uploads\/sites\/2\/2020\/03\/ESS-riksfinal-i-International-Language-Competition-2020-200x150.jpg",200,150,true],"medium":["https:\/\/www.europaskolan.se\/strangnas\/wp-content\/uploads\/sites\/2\/2020\/03\/ESS-riksfinal-i-International-Language-Competition-2020-400x300.jpg",400,300,true],"large":["https:\/\/www.europaskolan.se\/strangnas\/wp-content\/uploads\/sites\/2\/2020\/03\/ESS-riksfinal-i-International-Language-Competition-2020.jpg",640,480,false],"1536x1536":["https:\/\/www.europaskolan.se\/strangnas\/wp-content\/uploads\/sites\/2\/2020\/03\/ESS-riksfinal-i-International-Language-Competition-2020.jpg",640,480,false],"2048x2048":["https:\/\/www.europaskolan.se\/strangnas\/wp-content\/uploads\/sites\/2\/2020\/03\/ESS-riksfinal-i-International-Language-Competition-2020.jpg",640,480,false],"sow-carousel-default":["https:\/\/www.europaskolan.se\/strangnas\/wp-content\/uploads\/sites\/2\/2020\/03\/ESS-riksfinal-i-International-Language-Competition-2020.jpg",243,182,false]},"rttpg_author":{"display_name":"admin","author_link":"https:\/\/www.europaskolan.se\/strangnas\/author\/admin\/"},"rttpg_comment":0,"rttpg_category":"<a href=\"https:\/\/www.europaskolan.se\/strangnas\/category\/utmarkelser-europaskolan-strangnas\/\" rel=\"category tag\">Utm\u00e4rkelser \u2013 Europaskolan Str\u00e4ngn\u00e4s<\/a>","rttpg_excerpt":"Riksfinal i International Language Competition \u2013 det v\u00e4ntar f\u00f6r Europaskolan Str\u00e4ngn\u00e4s, som just vunnit regionfinalen i Sveriges st\u00f6rsta spr\u00e5kt\u00e4vling. Stort grattis s\u00e4ger vi till v\u00e5ra duktiga elever Elsa Ekerwall Andersson och Elias Hjert! International Language Competition \u00e4r en spr\u00e5k- och kulturt\u00e4vling i moderna spr\u00e5k (tidigare kallad Spr\u00e5kolympiaden.) T\u00e4vlingen \u00e4r rikst\u00e4ckande och v\u00e4nder sig till b\u00e5de&hellip;","_links":{"self":[{"href":"https:\/\/www.europaskolan.se\/strangnas\/wp-json\/wp\/v2\/posts\/11008","targetHints":{"allow":["GET"]}}],"collection":[{"href":"https:\/\/www.europaskolan.se\/strangnas\/wp-json\/wp\/v2\/posts"}],"about":[{"href":"https:\/\/www.europaskolan.se\/strangnas\/wp-json\/wp\/v2\/types\/post"}],"author":[{"embeddable":true,"href":"https:\/\/www.europaskolan.se\/strangnas\/wp-json\/wp\/v2\/users\/1"}],"replies":[{"embeddable":true,"href":"https:\/\/www.europaskolan.se\/strangnas\/wp-json\/wp\/v2\/comments?post=11008"}],"version-history":[{"count":0,"href":"https:\/\/www.europaskolan.se\/strangnas\/wp-json\/wp\/v2\/posts\/11008\/revisions"}],"wp:featuredmedia":[{"embeddable":true,"href":"https:\/\/www.europaskolan.se\/strangnas\/wp-json\/wp\/v2\/media\/11014"}],"wp:attachment":[{"href":"https:\/\/www.europaskolan.se\/strangnas\/wp-json\/wp\/v2\/media?parent=11008"}],"wp:term":[{"taxonomy":"category","embeddable":true,"href":"https:\/\/www.europaskolan.se\/strangnas\/wp-json\/wp\/v2\/categories?post=11008"},{"taxonomy":"post_tag","embeddable":true,"href":"https:\/\/www.europaskolan.se\/strangnas\/wp-json\/wp\/v2\/tags?post=11008"}],"curies":[{"name":"wp","href":"https:\/\/api.w.org\/{rel}","templated":true}]}}