{"id":10956,"date":"2020-02-17T10:45:44","date_gmt":"2020-02-17T09:45:44","guid":{"rendered":"https:\/\/www.europaskolan.se\/strangnas\/?p=10956"},"modified":"2021-08-16T14:24:21","modified_gmt":"2021-08-16T12:24:21","slug":"europaskolan-strangnas-pa-5e-plats-av-74-skolor-i-tavlingen-wallenbergs-fysikpris","status":"publish","type":"post","link":"https:\/\/www.europaskolan.se\/strangnas\/europaskolan-strangnas-pa-5e-plats-av-74-skolor-i-tavlingen-wallenbergs-fysikpris\/","title":{"rendered":"Europaskolan Str\u00e4ngn\u00e4s p\u00e5 5:e plats av 74 skolor i t\u00e4vlingen Wallenbergs fysikpris"},"content":{"rendered":"<p><a href=\"https:\/\/www.europaskolan.se\/strangnas\/europaskolan-strangnas-pa-5e-plats-av-74-skolor-i-tavlingen-wallenbergs-fysikpris\/ess-wallenbergs-fysikpris-2020\/\" rel=\"attachment wp-att-10958\"><img fetchpriority=\"high\" decoding=\"async\" class=\"alignnone size-full wp-image-10958\" src=\"https:\/\/www.europaskolan.se\/strangnas\/wp-content\/uploads\/sites\/2\/2020\/02\/ESS-Wallenbergs-fysikpris-2020.jpg\" alt=\"\" width=\"720\" height=\"960\" srcset=\"https:\/\/www.europaskolan.se\/strangnas\/wp-content\/uploads\/sites\/2\/2020\/02\/ESS-Wallenbergs-fysikpris-2020.jpg 720w, https:\/\/www.europaskolan.se\/strangnas\/wp-content\/uploads\/sites\/2\/2020\/02\/ESS-Wallenbergs-fysikpris-2020-225x300.jpg 225w, https:\/\/www.europaskolan.se\/strangnas\/wp-content\/uploads\/sites\/2\/2020\/02\/ESS-Wallenbergs-fysikpris-2020-113x150.jpg 113w\" sizes=\"(max-width: 720px) 100vw, 720px\" \/><\/a><\/p>\n<p><em>I dag s\u00e4ger vi ett stort grattis till Sara Elmgart, Lovisa Strange, Petter Johansson och Benjamin Scott p\u00e5 Europaskolan Str\u00e4ngn\u00e4s. De s\u00e5g n\u00e4mligen till att v\u00e5r skola placerade sig p\u00e5 femte plats av 74 t\u00e4vlande skolor i t\u00e4vlingen Wallenbergs fysikpris. <\/em><\/p>\n<p><strong>Wallenbergs fysikpris \u00e4r den svenska uttagningst\u00e4vlingen till fysikolympiaden,<\/strong> och de h\u00e4r fyra duktiga ungdomarna placerade sig bland topp 25 av n\u00e4stan 600 t\u00e4vlande. Vi p\u00e5 Europaskolan Str\u00e4ngn\u00e4s \u00e4r oerh\u00f6rt stolta \u00f6ver deras insats.<\/p>\n<p><strong>V\u00e5ra t\u00e4vlande elever g\u00e5r alla p\u00e5 Science, Europaskolan Str\u00e4ngn\u00e4s naturvetenskapliga spetsprogram. <\/strong>Lovisa och Sara g\u00e5r tredje \u00e5ret medan Petter och Benjamin g\u00e5r andra \u00e5ret p\u00e5 denna spetsutbildning, d\u00e4r de f\u00e5r m\u00f6jlighet att s\u00e4rskilt f\u00f6rdjupa sig inom ett naturvetenskapligt \u00e4mne, exempelvis fysik.<\/p>\n<p><strong>Ungdomarna bel\u00f6nas f\u00f6r sina insatser av Svenska Fysikersamfundet<\/strong> med 1 000 kr var och Europaskolan Str\u00e4ngn\u00e4s fysikinstitution med 3 000 kr fr\u00e5n stiftelsen Marcus och Amalia Wallenbergs minnesfond.<\/p>\n<p><strong>Elevernas fysikl\u00e4rare Erik Waltersson \u00e4r f\u00f6rst\u00e5s oerh\u00f6rt stolt och n\u00f6jd<\/strong> \u00f6ver deras insatser. Han uppmanar g\u00e4rna fler att prova p\u00e5 uppgifterna och m\u00e4ta sig mot v\u00e5ra duktiga elever. Se l\u00e4nk nedan, d\u00e4r \u00e5rets uppgifter finns tillg\u00e4ngliga inom kort. (Lovisa fick 24 po\u00e4ng och Benjamin 23, medan Sara och Petter b\u00e5da fick 22.)<\/p>\n<p><a href=\"http:\/\/www.fysikersamfundet.se\/wallenbergs-fysikpris-uddev\u2026\/\" target=\"_blank\" rel=\"noopener noreferrer\">L\u00e4s mer om Fysikersamfundet och Wallenbergs fysikpris h\u00e4r &gt;<\/a><br \/>\n<a href=\"http:\/\/www.fysikersamfundet.se\/wallenbergs-fysikpris\/\" target=\"_blank\" rel=\"noopener noreferrer\">Tidigare \u00e5rs uttagningst\u00e4vlingar (och snart \u00e4ven \u00e5rets) finns h\u00e4r &gt;<\/a><\/p>\n","protected":false},"excerpt":{"rendered":"<p>I dag s\u00e4ger vi ett stort grattis till Sara Elmgart, Lovisa Strange, Petter Johansson och Benjamin Scott p\u00e5 Europaskolan Str\u00e4ngn\u00e4s. De s\u00e5g n\u00e4mligen till att v\u00e5r skola placerade sig p\u00e5 femte plats av 74 t\u00e4vlande skolor i t\u00e4vlingen Wallenbergs fysikpris. Wallenbergs fysikpris \u00e4r den svenska uttagningst\u00e4vlingen till fysikolympiaden, och de h\u00e4r fyra duktiga ungdomarna placerade [&hellip;]<\/p>\n","protected":false},"author":1,"featured_media":10961,"comment_status":"closed","ping_status":"closed","sticky":false,"template":"","format":"standard","meta":{"footnotes":""},"categories":[44,11],"tags":[],"class_list":["post-10956","post","type-post","status-publish","format-standard","has-post-thumbnail","hentry","category-europaskolan-strangnas-i-bilder","category-utmarkelser-europaskolan-strangnas"],"blocksy_meta":[],"rttpg_featured_image_url":{"full":["https:\/\/www.europaskolan.se\/strangnas\/wp-content\/uploads\/sites\/2\/2020\/02\/ESS-Wallenbergs-fysikpris-2020-1.jpg",720,786,false],"landscape":["https:\/\/www.europaskolan.se\/strangnas\/wp-content\/uploads\/sites\/2\/2020\/02\/ESS-Wallenbergs-fysikpris-2020-1.jpg",720,786,false],"portraits":["https:\/\/www.europaskolan.se\/strangnas\/wp-content\/uploads\/sites\/2\/2020\/02\/ESS-Wallenbergs-fysikpris-2020-1.jpg",720,786,false],"thumbnail":["https:\/\/www.europaskolan.se\/strangnas\/wp-content\/uploads\/sites\/2\/2020\/02\/ESS-Wallenbergs-fysikpris-2020-1-137x150.jpg",137,150,true],"medium":["https:\/\/www.europaskolan.se\/strangnas\/wp-content\/uploads\/sites\/2\/2020\/02\/ESS-Wallenbergs-fysikpris-2020-1-275x300.jpg",275,300,true],"large":["https:\/\/www.europaskolan.se\/strangnas\/wp-content\/uploads\/sites\/2\/2020\/02\/ESS-Wallenbergs-fysikpris-2020-1.jpg",720,786,false],"1536x1536":["https:\/\/www.europaskolan.se\/strangnas\/wp-content\/uploads\/sites\/2\/2020\/02\/ESS-Wallenbergs-fysikpris-2020-1.jpg",720,786,false],"2048x2048":["https:\/\/www.europaskolan.se\/strangnas\/wp-content\/uploads\/sites\/2\/2020\/02\/ESS-Wallenbergs-fysikpris-2020-1.jpg",720,786,false],"sow-carousel-default":["https:\/\/www.europaskolan.se\/strangnas\/wp-content\/uploads\/sites\/2\/2020\/02\/ESS-Wallenbergs-fysikpris-2020-1.jpg",167,182,false]},"rttpg_author":{"display_name":"admin","author_link":"https:\/\/www.europaskolan.se\/strangnas\/author\/admin\/"},"rttpg_comment":0,"rttpg_category":"<a href=\"https:\/\/www.europaskolan.se\/strangnas\/category\/europaskolan-strangnas-i-bilder\/\" rel=\"category tag\">Europaskolan Str\u00e4ngn\u00e4s i bilder<\/a> <a href=\"https:\/\/www.europaskolan.se\/strangnas\/category\/utmarkelser-europaskolan-strangnas\/\" rel=\"category tag\">Utm\u00e4rkelser \u2013 Europaskolan Str\u00e4ngn\u00e4s<\/a>","rttpg_excerpt":"I dag s\u00e4ger vi ett stort grattis till Sara Elmgart, Lovisa Strange, Petter Johansson och Benjamin Scott p\u00e5 Europaskolan Str\u00e4ngn\u00e4s. De s\u00e5g n\u00e4mligen till att v\u00e5r skola placerade sig p\u00e5 femte plats av 74 t\u00e4vlande skolor i t\u00e4vlingen Wallenbergs fysikpris. Wallenbergs fysikpris \u00e4r den svenska uttagningst\u00e4vlingen till fysikolympiaden, och de h\u00e4r fyra duktiga ungdomarna placerade&hellip;","_links":{"self":[{"href":"https:\/\/www.europaskolan.se\/strangnas\/wp-json\/wp\/v2\/posts\/10956","targetHints":{"allow":["GET"]}}],"collection":[{"href":"https:\/\/www.europaskolan.se\/strangnas\/wp-json\/wp\/v2\/posts"}],"about":[{"href":"https:\/\/www.europaskolan.se\/strangnas\/wp-json\/wp\/v2\/types\/post"}],"author":[{"embeddable":true,"href":"https:\/\/www.europaskolan.se\/strangnas\/wp-json\/wp\/v2\/users\/1"}],"replies":[{"embeddable":true,"href":"https:\/\/www.europaskolan.se\/strangnas\/wp-json\/wp\/v2\/comments?post=10956"}],"version-history":[{"count":0,"href":"https:\/\/www.europaskolan.se\/strangnas\/wp-json\/wp\/v2\/posts\/10956\/revisions"}],"wp:featuredmedia":[{"embeddable":true,"href":"https:\/\/www.europaskolan.se\/strangnas\/wp-json\/wp\/v2\/media\/10961"}],"wp:attachment":[{"href":"https:\/\/www.europaskolan.se\/strangnas\/wp-json\/wp\/v2\/media?parent=10956"}],"wp:term":[{"taxonomy":"category","embeddable":true,"href":"https:\/\/www.europaskolan.se\/strangnas\/wp-json\/wp\/v2\/categories?post=10956"},{"taxonomy":"post_tag","embeddable":true,"href":"https:\/\/www.europaskolan.se\/strangnas\/wp-json\/wp\/v2\/tags?post=10956"}],"curies":[{"name":"wp","href":"https:\/\/api.w.org\/{rel}","templated":true}]}}