{"id":10847,"date":"2019-12-28T11:20:39","date_gmt":"2019-12-28T10:20:39","guid":{"rendered":"https:\/\/www.europaskolan.se\/strangnas\/?p=10847"},"modified":"2021-08-03T09:31:47","modified_gmt":"2021-08-03T07:31:47","slug":"hogtidlig-julavslutning-i-domkyrkan-for-europaskolan-strangnas","status":"publish","type":"post","link":"https:\/\/www.europaskolan.se\/strangnas\/hogtidlig-julavslutning-i-domkyrkan-for-europaskolan-strangnas\/","title":{"rendered":"H\u00f6gtidlig julavslutning i domkyrkan f\u00f6r <BR>Europaskolan Str\u00e4ngn\u00e4s"},"content":{"rendered":"<p><em><img fetchpriority=\"high\" decoding=\"async\" class=\"alignnone size-full wp-image-10858\" src=\"https:\/\/www.europaskolan.se\/strangnas\/wp-content\/uploads\/sites\/2\/2019\/12\/ESS_Julavslutning-2019-2.jpg\" alt=\"\" width=\"731\" height=\"960\" srcset=\"https:\/\/www.europaskolan.se\/strangnas\/wp-content\/uploads\/sites\/2\/2019\/12\/ESS_Julavslutning-2019-2.jpg 731w, https:\/\/www.europaskolan.se\/strangnas\/wp-content\/uploads\/sites\/2\/2019\/12\/ESS_Julavslutning-2019-2-228x300.jpg 228w, https:\/\/www.europaskolan.se\/strangnas\/wp-content\/uploads\/sites\/2\/2019\/12\/ESS_Julavslutning-2019-2-114x150.jpg 114w\" sizes=\"(max-width: 731px) 100vw, 731px\" \/><\/em><\/p>\n<p><em>Fredagen den 20 december satte vi punkt f\u00f6r h\u00f6stterminen p\u00e5 Europaskolan Str\u00e4ngn\u00e4s. D\u00e5 samlades skolan traditionsenligt f\u00f6r en h\u00f6gtidlig avslutning i Str\u00e4ngn\u00e4s domkyrka.<\/em><\/p>\n<p><strong>\u00c5rets julavslutning inleddes med en v\u00e4lkomsth\u00e4lsning av komminister Catharina Carlsson<\/strong>. I katedralen var det, som alltid, fullsatt med elever, personal, anh\u00f6riga och s\u00e4rskilt inbjudna g\u00e4ster, som slutit upp f\u00f6r denna st\u00e4mningsfulla tradition.<\/p>\n<p><img decoding=\"async\" class=\"alignnone size-full wp-image-10854\" src=\"https:\/\/www.europaskolan.se\/strangnas\/wp-content\/uploads\/sites\/2\/2019\/12\/ESS_Julavslutning-2019-6.jpg\" alt=\"\" width=\"634\" height=\"960\" srcset=\"https:\/\/www.europaskolan.se\/strangnas\/wp-content\/uploads\/sites\/2\/2019\/12\/ESS_Julavslutning-2019-6.jpg 634w, https:\/\/www.europaskolan.se\/strangnas\/wp-content\/uploads\/sites\/2\/2019\/12\/ESS_Julavslutning-2019-6-198x300.jpg 198w, https:\/\/www.europaskolan.se\/strangnas\/wp-content\/uploads\/sites\/2\/2019\/12\/ESS_Julavslutning-2019-6-99x150.jpg 99w\" sizes=\"(max-width: 634px) 100vw, 634px\" \/><\/p>\n<p><img decoding=\"async\" class=\"alignnone size-full wp-image-10852\" src=\"https:\/\/www.europaskolan.se\/strangnas\/wp-content\/uploads\/sites\/2\/2019\/12\/ESS_Julavslutning-2019-8.jpg\" alt=\"\" width=\"694\" height=\"960\" srcset=\"https:\/\/www.europaskolan.se\/strangnas\/wp-content\/uploads\/sites\/2\/2019\/12\/ESS_Julavslutning-2019-8.jpg 694w, https:\/\/www.europaskolan.se\/strangnas\/wp-content\/uploads\/sites\/2\/2019\/12\/ESS_Julavslutning-2019-8-217x300.jpg 217w, https:\/\/www.europaskolan.se\/strangnas\/wp-content\/uploads\/sites\/2\/2019\/12\/ESS_Julavslutning-2019-8-108x150.jpg 108w\" sizes=\"(max-width: 694px) 100vw, 694px\" \/><\/p>\n<p><strong>S\u00e5 f\u00f6ljde vacker musik, s\u00e5ng och diktl\u00e4sning, framf\u00f6rt av v\u00e5ra beg\u00e5vade elever.<\/strong> Vi blev, \u00e5terigen som alltid, mycket imponerade av de talanger som ryms i v\u00e5r skola!<\/p>\n<p><img loading=\"lazy\" decoding=\"async\" class=\"alignnone size-full wp-image-10857\" src=\"https:\/\/www.europaskolan.se\/strangnas\/wp-content\/uploads\/sites\/2\/2019\/12\/ESS_Julavslutning-2019-3.jpg\" alt=\"\" width=\"644\" height=\"960\" srcset=\"https:\/\/www.europaskolan.se\/strangnas\/wp-content\/uploads\/sites\/2\/2019\/12\/ESS_Julavslutning-2019-3.jpg 644w, https:\/\/www.europaskolan.se\/strangnas\/wp-content\/uploads\/sites\/2\/2019\/12\/ESS_Julavslutning-2019-3-201x300.jpg 201w, https:\/\/www.europaskolan.se\/strangnas\/wp-content\/uploads\/sites\/2\/2019\/12\/ESS_Julavslutning-2019-3-101x150.jpg 101w\" sizes=\"(max-width: 644px) 100vw, 644px\" \/><\/p>\n<p><strong>Rektor Thomas Axelsson h\u00f6ll \u00e5rets jultal,<\/strong> d\u00e4r det inte gick att ta miste p\u00e5 Europaskolan Str\u00e4ngn\u00e4s varma gemenskap och speciella st\u00e4mning, ocks\u00e5 kallad Europaandan.<\/p>\n<p><img loading=\"lazy\" decoding=\"async\" class=\"alignnone size-full wp-image-10855\" src=\"https:\/\/www.europaskolan.se\/strangnas\/wp-content\/uploads\/sites\/2\/2019\/12\/ESS_Julavslutning-2019-5.jpg\" alt=\"\" width=\"650\" height=\"942\" srcset=\"https:\/\/www.europaskolan.se\/strangnas\/wp-content\/uploads\/sites\/2\/2019\/12\/ESS_Julavslutning-2019-5.jpg 650w, https:\/\/www.europaskolan.se\/strangnas\/wp-content\/uploads\/sites\/2\/2019\/12\/ESS_Julavslutning-2019-5-207x300.jpg 207w, https:\/\/www.europaskolan.se\/strangnas\/wp-content\/uploads\/sites\/2\/2019\/12\/ESS_Julavslutning-2019-5-104x150.jpg 104w\" sizes=\"(max-width: 650px) 100vw, 650px\" \/><\/p>\n<p><img loading=\"lazy\" decoding=\"async\" class=\"alignnone size-full wp-image-10859\" src=\"https:\/\/www.europaskolan.se\/strangnas\/wp-content\/uploads\/sites\/2\/2019\/12\/ESS_Julavslutning-2019-1.jpg\" alt=\"\" width=\"916\" height=\"850\" srcset=\"https:\/\/www.europaskolan.se\/strangnas\/wp-content\/uploads\/sites\/2\/2019\/12\/ESS_Julavslutning-2019-1.jpg 916w, https:\/\/www.europaskolan.se\/strangnas\/wp-content\/uploads\/sites\/2\/2019\/12\/ESS_Julavslutning-2019-1-323x300.jpg 323w, https:\/\/www.europaskolan.se\/strangnas\/wp-content\/uploads\/sites\/2\/2019\/12\/ESS_Julavslutning-2019-1-162x150.jpg 162w, https:\/\/www.europaskolan.se\/strangnas\/wp-content\/uploads\/sites\/2\/2019\/12\/ESS_Julavslutning-2019-1-768x713.jpg 768w\" sizes=\"(max-width: 916px) 100vw, 916px\" \/><\/p>\n<p><strong>N\u00e4ste talare var Stiftelsen Europaskolans vice ordf\u00f6rande Henrik Landerholm, <\/strong>som gjorde en tillbaka\u00adblick p\u00e5 Europaskolans f\u00f6rsta 25 \u00e5r. I \u00e5r var det ju, som bekant, just 25 \u00e5r sedan gymnasiet Europaskolan Str\u00e4ngn\u00e4s grundades, sedermera f\u00f6ljt av grundskolorna Europaskolan Rogge och Europaskolan Malmk\u00f6ping. Det \u00e4r verkligen en imponerande utveckling vi kan se tillbaka p\u00e5!<\/p>\n<p><img loading=\"lazy\" decoding=\"async\" class=\"alignnone size-full wp-image-10853\" src=\"https:\/\/www.europaskolan.se\/strangnas\/wp-content\/uploads\/sites\/2\/2019\/12\/ESS_Julavslutning-2019-7.jpg\" alt=\"\" width=\"704\" height=\"960\" srcset=\"https:\/\/www.europaskolan.se\/strangnas\/wp-content\/uploads\/sites\/2\/2019\/12\/ESS_Julavslutning-2019-7.jpg 704w, https:\/\/www.europaskolan.se\/strangnas\/wp-content\/uploads\/sites\/2\/2019\/12\/ESS_Julavslutning-2019-7-220x300.jpg 220w, https:\/\/www.europaskolan.se\/strangnas\/wp-content\/uploads\/sites\/2\/2019\/12\/ESS_Julavslutning-2019-7-110x150.jpg 110w\" sizes=\"(max-width: 704px) 100vw, 704px\" \/><\/p>\n<p><img loading=\"lazy\" decoding=\"async\" class=\"alignnone size-full wp-image-10856\" src=\"https:\/\/www.europaskolan.se\/strangnas\/wp-content\/uploads\/sites\/2\/2019\/12\/ESS_Julavslutning-2019-4.jpg\" alt=\"\" width=\"960\" height=\"557\" srcset=\"https:\/\/www.europaskolan.se\/strangnas\/wp-content\/uploads\/sites\/2\/2019\/12\/ESS_Julavslutning-2019-4.jpg 960w, https:\/\/www.europaskolan.se\/strangnas\/wp-content\/uploads\/sites\/2\/2019\/12\/ESS_Julavslutning-2019-4-517x300.jpg 517w, https:\/\/www.europaskolan.se\/strangnas\/wp-content\/uploads\/sites\/2\/2019\/12\/ESS_Julavslutning-2019-4-200x116.jpg 200w, https:\/\/www.europaskolan.se\/strangnas\/wp-content\/uploads\/sites\/2\/2019\/12\/ESS_Julavslutning-2019-4-768x446.jpg 768w\" sizes=\"(max-width: 960px) 100vw, 960px\" \/><\/p>\n<p><strong>Dagens sista talare var Europaskolan Str\u00e4ngn\u00e4s inspektor Eva \u00c5kesson,<\/strong> som till vardags \u00e4r rectrix magnifica vid Uppsala universitet. Hon avslutade sitt tal med att \u00f6nska alla vid v\u00e5r skola en god jul och ett gott nytt \u00e5r.<\/p>\n<p><img loading=\"lazy\" decoding=\"async\" class=\"alignnone size-full wp-image-10851\" src=\"https:\/\/www.europaskolan.se\/strangnas\/wp-content\/uploads\/sites\/2\/2019\/12\/ESS_Julavslutning-2019-9.jpg\" alt=\"\" width=\"607\" height=\"960\" srcset=\"https:\/\/www.europaskolan.se\/strangnas\/wp-content\/uploads\/sites\/2\/2019\/12\/ESS_Julavslutning-2019-9.jpg 607w, https:\/\/www.europaskolan.se\/strangnas\/wp-content\/uploads\/sites\/2\/2019\/12\/ESS_Julavslutning-2019-9-190x300.jpg 190w, https:\/\/www.europaskolan.se\/strangnas\/wp-content\/uploads\/sites\/2\/2019\/12\/ESS_Julavslutning-2019-9-95x150.jpg 95w\" sizes=\"(max-width: 607px) 100vw, 607px\" \/><\/p>\n<p><strong>Efter lite mingel p\u00e5 kyrkbacken<\/strong> <strong>och samling hos mentorerna<\/strong> var det dags att g\u00e5 p\u00e5 v\u00e4lf\u00f6rtj\u00e4nt jullov.<\/p>\n<p><img loading=\"lazy\" decoding=\"async\" class=\"alignnone size-full wp-image-10848\" src=\"https:\/\/www.europaskolan.se\/strangnas\/wp-content\/uploads\/sites\/2\/2019\/12\/ESS_Julavslutning-2019-12.jpg\" alt=\"\" width=\"960\" height=\"750\" srcset=\"https:\/\/www.europaskolan.se\/strangnas\/wp-content\/uploads\/sites\/2\/2019\/12\/ESS_Julavslutning-2019-12.jpg 960w, https:\/\/www.europaskolan.se\/strangnas\/wp-content\/uploads\/sites\/2\/2019\/12\/ESS_Julavslutning-2019-12-384x300.jpg 384w, https:\/\/www.europaskolan.se\/strangnas\/wp-content\/uploads\/sites\/2\/2019\/12\/ESS_Julavslutning-2019-12-192x150.jpg 192w, https:\/\/www.europaskolan.se\/strangnas\/wp-content\/uploads\/sites\/2\/2019\/12\/ESS_Julavslutning-2019-12-768x600.jpg 768w\" sizes=\"(max-width: 960px) 100vw, 960px\" \/><\/p>\n<p><img loading=\"lazy\" decoding=\"async\" class=\"alignnone size-full wp-image-10850\" src=\"https:\/\/www.europaskolan.se\/strangnas\/wp-content\/uploads\/sites\/2\/2019\/12\/ESS_Julavslutning-2019-10.jpg\" alt=\"\" width=\"960\" height=\"797\" srcset=\"https:\/\/www.europaskolan.se\/strangnas\/wp-content\/uploads\/sites\/2\/2019\/12\/ESS_Julavslutning-2019-10.jpg 960w, https:\/\/www.europaskolan.se\/strangnas\/wp-content\/uploads\/sites\/2\/2019\/12\/ESS_Julavslutning-2019-10-361x300.jpg 361w, https:\/\/www.europaskolan.se\/strangnas\/wp-content\/uploads\/sites\/2\/2019\/12\/ESS_Julavslutning-2019-10-181x150.jpg 181w, https:\/\/www.europaskolan.se\/strangnas\/wp-content\/uploads\/sites\/2\/2019\/12\/ESS_Julavslutning-2019-10-768x638.jpg 768w\" sizes=\"(max-width: 960px) 100vw, 960px\" \/><\/p>\n<p><em>Tack allihop f\u00f6r det g\u00e5ngna \u00e5ret! Vi \u00f6nskar er en fortsatt sk\u00f6n ledighet och ett riktigt gott nytt \u00e5r!<\/em><\/p>\n<p style=\"margin: 4.5pt 0cm 4.5pt 0cm;\"><span style=\"font-family: 'inherit',serif;\">Foto: P-O Ros\u00e9n, Str\u00e4ngn\u00e4s<\/span><\/p>\n","protected":false},"excerpt":{"rendered":"<p>Fredagen den 20 december satte vi punkt f\u00f6r h\u00f6stterminen p\u00e5 Europaskolan Str\u00e4ngn\u00e4s. D\u00e5 samlades skolan traditionsenligt f\u00f6r en h\u00f6gtidlig avslutning i Str\u00e4ngn\u00e4s domkyrka. \u00c5rets julavslutning inleddes med en v\u00e4lkomsth\u00e4lsning av komminister Catharina Carlsson. I katedralen var det, som alltid, fullsatt med elever, personal, anh\u00f6riga och s\u00e4rskilt inbjudna g\u00e4ster, som slutit upp f\u00f6r denna st\u00e4mningsfulla tradition. [&hellip;]<\/p>\n","protected":false},"author":1,"featured_media":10849,"comment_status":"closed","ping_status":"closed","sticky":false,"template":"","format":"standard","meta":{"footnotes":""},"categories":[3,44],"tags":[],"class_list":["post-10847","post","type-post","status-publish","format-standard","has-post-thumbnail","hentry","category-aktuellt-europaskolan-strangnas","category-europaskolan-strangnas-i-bilder"],"blocksy_meta":[],"rttpg_featured_image_url":{"full":["https:\/\/www.europaskolan.se\/strangnas\/wp-content\/uploads\/sites\/2\/2019\/12\/ESS_Julavslutning-2019-11.jpg",960,717,false],"landscape":["https:\/\/www.europaskolan.se\/strangnas\/wp-content\/uploads\/sites\/2\/2019\/12\/ESS_Julavslutning-2019-11.jpg",960,717,false],"portraits":["https:\/\/www.europaskolan.se\/strangnas\/wp-content\/uploads\/sites\/2\/2019\/12\/ESS_Julavslutning-2019-11.jpg",960,717,false],"thumbnail":["https:\/\/www.europaskolan.se\/strangnas\/wp-content\/uploads\/sites\/2\/2019\/12\/ESS_Julavslutning-2019-11-200x150.jpg",200,150,true],"medium":["https:\/\/www.europaskolan.se\/strangnas\/wp-content\/uploads\/sites\/2\/2019\/12\/ESS_Julavslutning-2019-11-402x300.jpg",402,300,true],"large":["https:\/\/www.europaskolan.se\/strangnas\/wp-content\/uploads\/sites\/2\/2019\/12\/ESS_Julavslutning-2019-11.jpg",960,717,false],"1536x1536":["https:\/\/www.europaskolan.se\/strangnas\/wp-content\/uploads\/sites\/2\/2019\/12\/ESS_Julavslutning-2019-11.jpg",960,717,false],"2048x2048":["https:\/\/www.europaskolan.se\/strangnas\/wp-content\/uploads\/sites\/2\/2019\/12\/ESS_Julavslutning-2019-11.jpg",960,717,false],"sow-carousel-default":["https:\/\/www.europaskolan.se\/strangnas\/wp-content\/uploads\/sites\/2\/2019\/12\/ESS_Julavslutning-2019-11.jpg",244,182,false]},"rttpg_author":{"display_name":"admin","author_link":"https:\/\/www.europaskolan.se\/strangnas\/author\/admin\/"},"rttpg_comment":0,"rttpg_category":"<a href=\"https:\/\/www.europaskolan.se\/strangnas\/category\/aktuellt-europaskolan-strangnas\/\" rel=\"category tag\">Aktuellt \u2013 Europaskolan Str\u00e4ngn\u00e4s<\/a> <a href=\"https:\/\/www.europaskolan.se\/strangnas\/category\/europaskolan-strangnas-i-bilder\/\" rel=\"category tag\">Europaskolan Str\u00e4ngn\u00e4s i bilder<\/a>","rttpg_excerpt":"Fredagen den 20 december satte vi punkt f\u00f6r h\u00f6stterminen p\u00e5 Europaskolan Str\u00e4ngn\u00e4s. D\u00e5 samlades skolan traditionsenligt f\u00f6r en h\u00f6gtidlig avslutning i Str\u00e4ngn\u00e4s domkyrka. \u00c5rets julavslutning inleddes med en v\u00e4lkomsth\u00e4lsning av komminister Catharina Carlsson. I katedralen var det, som alltid, fullsatt med elever, personal, anh\u00f6riga och s\u00e4rskilt inbjudna g\u00e4ster, som slutit upp f\u00f6r denna st\u00e4mningsfulla tradition.&hellip;","_links":{"self":[{"href":"https:\/\/www.europaskolan.se\/strangnas\/wp-json\/wp\/v2\/posts\/10847","targetHints":{"allow":["GET"]}}],"collection":[{"href":"https:\/\/www.europaskolan.se\/strangnas\/wp-json\/wp\/v2\/posts"}],"about":[{"href":"https:\/\/www.europaskolan.se\/strangnas\/wp-json\/wp\/v2\/types\/post"}],"author":[{"embeddable":true,"href":"https:\/\/www.europaskolan.se\/strangnas\/wp-json\/wp\/v2\/users\/1"}],"replies":[{"embeddable":true,"href":"https:\/\/www.europaskolan.se\/strangnas\/wp-json\/wp\/v2\/comments?post=10847"}],"version-history":[{"count":0,"href":"https:\/\/www.europaskolan.se\/strangnas\/wp-json\/wp\/v2\/posts\/10847\/revisions"}],"wp:featuredmedia":[{"embeddable":true,"href":"https:\/\/www.europaskolan.se\/strangnas\/wp-json\/wp\/v2\/media\/10849"}],"wp:attachment":[{"href":"https:\/\/www.europaskolan.se\/strangnas\/wp-json\/wp\/v2\/media?parent=10847"}],"wp:term":[{"taxonomy":"category","embeddable":true,"href":"https:\/\/www.europaskolan.se\/strangnas\/wp-json\/wp\/v2\/categories?post=10847"},{"taxonomy":"post_tag","embeddable":true,"href":"https:\/\/www.europaskolan.se\/strangnas\/wp-json\/wp\/v2\/tags?post=10847"}],"curies":[{"name":"wp","href":"https:\/\/api.w.org\/{rel}","templated":true}]}}