{"id":10820,"date":"2019-12-17T13:09:10","date_gmt":"2019-12-17T12:09:10","guid":{"rendered":"https:\/\/www.europaskolan.se\/strangnas\/?p=10820"},"modified":"2021-08-03T09:31:59","modified_gmt":"2021-08-03T07:31:59","slug":"luciafirande-och-abiturientmiddag-for-europaskolan-strangnas","status":"publish","type":"post","link":"https:\/\/www.europaskolan.se\/strangnas\/luciafirande-och-abiturientmiddag-for-europaskolan-strangnas\/","title":{"rendered":"Luciafirande och abiturientmiddag f\u00f6r<BR> Europaskolan Str\u00e4ngn\u00e4s"},"content":{"rendered":"<p><img fetchpriority=\"high\" decoding=\"async\" class=\"alignnone size-full wp-image-10821\" src=\"https:\/\/www.europaskolan.se\/strangnas\/wp-content\/uploads\/sites\/2\/2019\/12\/ESS_Lucia-2019-1.jpg\" alt=\"\" width=\"1976\" height=\"1187\" srcset=\"https:\/\/www.europaskolan.se\/strangnas\/wp-content\/uploads\/sites\/2\/2019\/12\/ESS_Lucia-2019-1.jpg 1976w, https:\/\/www.europaskolan.se\/strangnas\/wp-content\/uploads\/sites\/2\/2019\/12\/ESS_Lucia-2019-1-499x300.jpg 499w, https:\/\/www.europaskolan.se\/strangnas\/wp-content\/uploads\/sites\/2\/2019\/12\/ESS_Lucia-2019-1-1024x615.jpg 1024w, https:\/\/www.europaskolan.se\/strangnas\/wp-content\/uploads\/sites\/2\/2019\/12\/ESS_Lucia-2019-1-200x120.jpg 200w, https:\/\/www.europaskolan.se\/strangnas\/wp-content\/uploads\/sites\/2\/2019\/12\/ESS_Lucia-2019-1-768x461.jpg 768w, https:\/\/www.europaskolan.se\/strangnas\/wp-content\/uploads\/sites\/2\/2019\/12\/ESS_Lucia-2019-1-1536x923.jpg 1536w\" sizes=\"(max-width: 1976px) 100vw, 1976px\" \/><\/p>\n<p><em>Traditionerna \u00e4r m\u00e5nga p\u00e5 Europaskolan Str\u00e4ngn\u00e4s och vi v\u00e4rnar om dem alla. Inte minst eftersom de leder till \u00f6kad gemenskap! I fredags stod tv\u00e5 av dem p\u00e5 programmet: luciamorgon vid M\u00e4laren och sedan abiturienten \u2013 en milstolpe f\u00f6r v\u00e5ra avg\u00e5ngselever.<\/em><\/p>\n<p><strong>Luciadagen 2019 b\u00f6rjade st\u00e4mningsfullt p\u00e5 \u00c5ngb\u00e5tsbron,<\/strong> Europaskolan Str\u00e4ngn\u00e4s \u201dskolg\u00e5rd\u201d, med M\u00e4laren som fond. H\u00e4r genomf\u00f6rde luciaf\u00f6ljet sitt fina musikprogram, f\u00f6ljt av appl\u00e5der och jubel. Vi hade ocks\u00e5 prisutdelning i t\u00e4vlingen om \u00e5rets finaste pepparkakshus, ytterligare en tradition.<\/p>\n<p><img decoding=\"async\" class=\"alignnone size-full wp-image-10822\" src=\"https:\/\/www.europaskolan.se\/strangnas\/wp-content\/uploads\/sites\/2\/2019\/12\/ESS_Lucia-2019-2.jpg\" alt=\"\" width=\"1680\" height=\"1120\" srcset=\"https:\/\/www.europaskolan.se\/strangnas\/wp-content\/uploads\/sites\/2\/2019\/12\/ESS_Lucia-2019-2.jpg 1680w, https:\/\/www.europaskolan.se\/strangnas\/wp-content\/uploads\/sites\/2\/2019\/12\/ESS_Lucia-2019-2-450x300.jpg 450w, https:\/\/www.europaskolan.se\/strangnas\/wp-content\/uploads\/sites\/2\/2019\/12\/ESS_Lucia-2019-2-1024x683.jpg 1024w, https:\/\/www.europaskolan.se\/strangnas\/wp-content\/uploads\/sites\/2\/2019\/12\/ESS_Lucia-2019-2-200x133.jpg 200w, https:\/\/www.europaskolan.se\/strangnas\/wp-content\/uploads\/sites\/2\/2019\/12\/ESS_Lucia-2019-2-768x512.jpg 768w, https:\/\/www.europaskolan.se\/strangnas\/wp-content\/uploads\/sites\/2\/2019\/12\/ESS_Lucia-2019-2-1536x1024.jpg 1536w\" sizes=\"(max-width: 1680px) 100vw, 1680px\" \/><\/p>\n<p><strong>Sedan fortsatte dagen med abiturienten<\/strong>, som \u00e4r en av v\u00e5ra absoluta h\u00f6jdpunkter. Abiturienten \u00e4r en gammal l\u00e4roverkstradition som (fram till 1968) visade att studentskrivningarna hade b\u00f6rjat. P\u00e5 Europaskolan Str\u00e4ngn\u00e4s firar vi den f\u00f6r att v\u00e4rna om gamla traditioner, men ocks\u00e5 f\u00f6r att g\u00f6ra avg\u00e5ngs\u00e5ret \u00e4nnu mer h\u00f6gtidligt f\u00f6r v\u00e5ra elever!<\/p>\n<p><strong>F\u00f6rst kallade rektor Thomas Axelsson till samling<\/strong> p\u00e5 \u00c5ngb\u00e5tsbron, d\u00e4r eleverna tog p\u00e5 sina m\u00f6rkbl\u00e5 abiturientm\u00f6ssor. I v\u00e5r kommer de sedan att bytas mot studentens vita.<\/p>\n<p><img decoding=\"async\" class=\"alignnone size-full wp-image-10825\" src=\"https:\/\/www.europaskolan.se\/strangnas\/wp-content\/uploads\/sites\/2\/2019\/12\/ESS_Abiurientent-2019-1.jpg\" alt=\"\" width=\"1590\" height=\"1093\" srcset=\"https:\/\/www.europaskolan.se\/strangnas\/wp-content\/uploads\/sites\/2\/2019\/12\/ESS_Abiurientent-2019-1.jpg 1590w, https:\/\/www.europaskolan.se\/strangnas\/wp-content\/uploads\/sites\/2\/2019\/12\/ESS_Abiurientent-2019-1-436x300.jpg 436w, https:\/\/www.europaskolan.se\/strangnas\/wp-content\/uploads\/sites\/2\/2019\/12\/ESS_Abiurientent-2019-1-1024x704.jpg 1024w, https:\/\/www.europaskolan.se\/strangnas\/wp-content\/uploads\/sites\/2\/2019\/12\/ESS_Abiurientent-2019-1-200x137.jpg 200w, https:\/\/www.europaskolan.se\/strangnas\/wp-content\/uploads\/sites\/2\/2019\/12\/ESS_Abiurientent-2019-1-768x528.jpg 768w, https:\/\/www.europaskolan.se\/strangnas\/wp-content\/uploads\/sites\/2\/2019\/12\/ESS_Abiurientent-2019-1-1536x1056.jpg 1536w\" sizes=\"(max-width: 1590px) 100vw, 1590px\" \/><\/p>\n<p><img loading=\"lazy\" decoding=\"async\" class=\"alignnone size-full wp-image-10824\" src=\"https:\/\/www.europaskolan.se\/strangnas\/wp-content\/uploads\/sites\/2\/2019\/12\/ESS_Abiurientent-2019-2.jpg\" alt=\"\" width=\"2263\" height=\"1075\" srcset=\"https:\/\/www.europaskolan.se\/strangnas\/wp-content\/uploads\/sites\/2\/2019\/12\/ESS_Abiurientent-2019-2.jpg 2263w, https:\/\/www.europaskolan.se\/strangnas\/wp-content\/uploads\/sites\/2\/2019\/12\/ESS_Abiurientent-2019-2-632x300.jpg 632w, https:\/\/www.europaskolan.se\/strangnas\/wp-content\/uploads\/sites\/2\/2019\/12\/ESS_Abiurientent-2019-2-1024x486.jpg 1024w, https:\/\/www.europaskolan.se\/strangnas\/wp-content\/uploads\/sites\/2\/2019\/12\/ESS_Abiurientent-2019-2-200x95.jpg 200w, https:\/\/www.europaskolan.se\/strangnas\/wp-content\/uploads\/sites\/2\/2019\/12\/ESS_Abiurientent-2019-2-768x365.jpg 768w, https:\/\/www.europaskolan.se\/strangnas\/wp-content\/uploads\/sites\/2\/2019\/12\/ESS_Abiurientent-2019-2-1536x730.jpg 1536w, https:\/\/www.europaskolan.se\/strangnas\/wp-content\/uploads\/sites\/2\/2019\/12\/ESS_Abiurientent-2019-2-2048x973.jpg 2048w\" sizes=\"(max-width: 2263px) 100vw, 2263px\" \/><\/p>\n<p><strong>Firandet fortsatte sedan med abiturientmiddagen, <\/strong>en h\u00f6gtidlig gemensam middag d\u00e4r eleverna f\u00e5r tillf\u00e4lle att \u00f6va sig i vett och etikett. Det \u00e4r kunskaper som sedan kommer v\u00e4l till pass under v\u00e5rens studentbal!<\/p>\n<p><strong>\u00c5rets abiturientmiddag gick av stapeln p\u00e5 Elsas kantin,<\/strong> d\u00e4r kv\u00e4llen b\u00f6rjade med en timmes mingel i k\u00e4llaren. M\u00e5nga passade p\u00e5 att bli fotograferade, alltmedan st\u00e4mningen steg.<\/p>\n<p><img loading=\"lazy\" decoding=\"async\" class=\"alignnone size-full wp-image-10829\" src=\"https:\/\/www.europaskolan.se\/strangnas\/wp-content\/uploads\/sites\/2\/2019\/12\/ESS_Abiurientent-2019-5.jpg\" alt=\"\" width=\"1888\" height=\"1390\" srcset=\"https:\/\/www.europaskolan.se\/strangnas\/wp-content\/uploads\/sites\/2\/2019\/12\/ESS_Abiurientent-2019-5.jpg 1888w, https:\/\/www.europaskolan.se\/strangnas\/wp-content\/uploads\/sites\/2\/2019\/12\/ESS_Abiurientent-2019-5-407x300.jpg 407w, https:\/\/www.europaskolan.se\/strangnas\/wp-content\/uploads\/sites\/2\/2019\/12\/ESS_Abiurientent-2019-5-1024x754.jpg 1024w, https:\/\/www.europaskolan.se\/strangnas\/wp-content\/uploads\/sites\/2\/2019\/12\/ESS_Abiurientent-2019-5-200x147.jpg 200w, https:\/\/www.europaskolan.se\/strangnas\/wp-content\/uploads\/sites\/2\/2019\/12\/ESS_Abiurientent-2019-5-768x565.jpg 768w, https:\/\/www.europaskolan.se\/strangnas\/wp-content\/uploads\/sites\/2\/2019\/12\/ESS_Abiurientent-2019-5-1536x1131.jpg 1536w, https:\/\/www.europaskolan.se\/strangnas\/wp-content\/uploads\/sites\/2\/2019\/12\/ESS_Abiurientent-2019-5-70x53.jpg 70w\" sizes=\"(max-width: 1888px) 100vw, 1888px\" \/><\/p>\n<p><img loading=\"lazy\" decoding=\"async\" class=\"alignnone size-full wp-image-10830\" src=\"https:\/\/www.europaskolan.se\/strangnas\/wp-content\/uploads\/sites\/2\/2019\/12\/ESS_Abiurientent-2019-3.jpg\" alt=\"\" width=\"1836\" height=\"1309\" srcset=\"https:\/\/www.europaskolan.se\/strangnas\/wp-content\/uploads\/sites\/2\/2019\/12\/ESS_Abiurientent-2019-3.jpg 1836w, https:\/\/www.europaskolan.se\/strangnas\/wp-content\/uploads\/sites\/2\/2019\/12\/ESS_Abiurientent-2019-3-421x300.jpg 421w, https:\/\/www.europaskolan.se\/strangnas\/wp-content\/uploads\/sites\/2\/2019\/12\/ESS_Abiurientent-2019-3-1024x730.jpg 1024w, https:\/\/www.europaskolan.se\/strangnas\/wp-content\/uploads\/sites\/2\/2019\/12\/ESS_Abiurientent-2019-3-200x143.jpg 200w, https:\/\/www.europaskolan.se\/strangnas\/wp-content\/uploads\/sites\/2\/2019\/12\/ESS_Abiurientent-2019-3-768x548.jpg 768w, https:\/\/www.europaskolan.se\/strangnas\/wp-content\/uploads\/sites\/2\/2019\/12\/ESS_Abiurientent-2019-3-1536x1095.jpg 1536w\" sizes=\"(max-width: 1836px) 100vw, 1836px\" \/><\/p>\n<p><strong>S\u00e5 kallade kv\u00e4llens v\u00e4rdpar till bords <\/strong>f\u00f6r en festlig trer\u00e4ttersmeny, ackompanjerad av musikunderh\u00e5llning. Flera l\u00e4rare och elever h\u00f6ll ocks\u00e5 tal. N\u00e4r den formella delen av festen var slut drog sig l\u00e4rare och skolledning tillbaka. D\u00e5 var det n\u00e4mligen dags f\u00f6r de blivande studenterna att str\u00f6mma ner i \u201dunderjorden\u201d f\u00f6r att forts\u00e4tta firandet p\u00e5 egen hand.<\/p>\n<p><img loading=\"lazy\" decoding=\"async\" class=\"alignnone size-full wp-image-10828\" src=\"https:\/\/www.europaskolan.se\/strangnas\/wp-content\/uploads\/sites\/2\/2019\/12\/ESS_Abiurientent-2019-6.jpg\" alt=\"\" width=\"1557\" height=\"1120\" srcset=\"https:\/\/www.europaskolan.se\/strangnas\/wp-content\/uploads\/sites\/2\/2019\/12\/ESS_Abiurientent-2019-6.jpg 1557w, https:\/\/www.europaskolan.se\/strangnas\/wp-content\/uploads\/sites\/2\/2019\/12\/ESS_Abiurientent-2019-6-417x300.jpg 417w, https:\/\/www.europaskolan.se\/strangnas\/wp-content\/uploads\/sites\/2\/2019\/12\/ESS_Abiurientent-2019-6-1024x737.jpg 1024w, https:\/\/www.europaskolan.se\/strangnas\/wp-content\/uploads\/sites\/2\/2019\/12\/ESS_Abiurientent-2019-6-200x144.jpg 200w, https:\/\/www.europaskolan.se\/strangnas\/wp-content\/uploads\/sites\/2\/2019\/12\/ESS_Abiurientent-2019-6-768x552.jpg 768w, https:\/\/www.europaskolan.se\/strangnas\/wp-content\/uploads\/sites\/2\/2019\/12\/ESS_Abiurientent-2019-6-1536x1105.jpg 1536w\" sizes=\"(max-width: 1557px) 100vw, 1557px\" \/><\/p>\n<p><img loading=\"lazy\" decoding=\"async\" class=\"alignnone size-full wp-image-10827\" src=\"https:\/\/www.europaskolan.se\/strangnas\/wp-content\/uploads\/sites\/2\/2019\/12\/ESS_Abiurientent-2019-7.jpg\" alt=\"\" width=\"1951\" height=\"1204\" srcset=\"https:\/\/www.europaskolan.se\/strangnas\/wp-content\/uploads\/sites\/2\/2019\/12\/ESS_Abiurientent-2019-7.jpg 1951w, https:\/\/www.europaskolan.se\/strangnas\/wp-content\/uploads\/sites\/2\/2019\/12\/ESS_Abiurientent-2019-7-486x300.jpg 486w, https:\/\/www.europaskolan.se\/strangnas\/wp-content\/uploads\/sites\/2\/2019\/12\/ESS_Abiurientent-2019-7-1024x632.jpg 1024w, https:\/\/www.europaskolan.se\/strangnas\/wp-content\/uploads\/sites\/2\/2019\/12\/ESS_Abiurientent-2019-7-200x123.jpg 200w, https:\/\/www.europaskolan.se\/strangnas\/wp-content\/uploads\/sites\/2\/2019\/12\/ESS_Abiurientent-2019-7-768x474.jpg 768w, https:\/\/www.europaskolan.se\/strangnas\/wp-content\/uploads\/sites\/2\/2019\/12\/ESS_Abiurientent-2019-7-1536x948.jpg 1536w\" sizes=\"(max-width: 1951px) 100vw, 1951px\" \/><\/p>\n<p><img loading=\"lazy\" decoding=\"async\" class=\"alignnone size-full wp-image-10826\" src=\"https:\/\/www.europaskolan.se\/strangnas\/wp-content\/uploads\/sites\/2\/2019\/12\/ESS_Abiurientent-2019-8.jpg\" alt=\"\" width=\"2000\" height=\"1307\" srcset=\"https:\/\/www.europaskolan.se\/strangnas\/wp-content\/uploads\/sites\/2\/2019\/12\/ESS_Abiurientent-2019-8.jpg 2000w, https:\/\/www.europaskolan.se\/strangnas\/wp-content\/uploads\/sites\/2\/2019\/12\/ESS_Abiurientent-2019-8-459x300.jpg 459w, https:\/\/www.europaskolan.se\/strangnas\/wp-content\/uploads\/sites\/2\/2019\/12\/ESS_Abiurientent-2019-8-1024x669.jpg 1024w, https:\/\/www.europaskolan.se\/strangnas\/wp-content\/uploads\/sites\/2\/2019\/12\/ESS_Abiurientent-2019-8-200x131.jpg 200w, https:\/\/www.europaskolan.se\/strangnas\/wp-content\/uploads\/sites\/2\/2019\/12\/ESS_Abiurientent-2019-8-768x502.jpg 768w, https:\/\/www.europaskolan.se\/strangnas\/wp-content\/uploads\/sites\/2\/2019\/12\/ESS_Abiurientent-2019-8-1536x1004.jpg 1536w\" sizes=\"(max-width: 2000px) 100vw, 2000px\" \/><\/p>\n<p><em>Tack allihop f\u00f6r en fantastisk kv\u00e4ll. Nu \u00f6nskar vi er varmt lycka till med den sista terminen p\u00e5 gymnasiet!<\/em><\/p>\n<p>Foto: P-O Ros\u00e9n, Str\u00e4ngn\u00e4s<\/p>\n","protected":false},"excerpt":{"rendered":"<p>Traditionerna \u00e4r m\u00e5nga p\u00e5 Europaskolan Str\u00e4ngn\u00e4s och vi v\u00e4rnar om dem alla. Inte minst eftersom de leder till \u00f6kad gemenskap! I fredags stod tv\u00e5 av dem p\u00e5 programmet: luciamorgon vid M\u00e4laren och sedan abiturienten \u2013 en milstolpe f\u00f6r v\u00e5ra avg\u00e5ngselever. Luciadagen 2019 b\u00f6rjade st\u00e4mningsfullt p\u00e5 \u00c5ngb\u00e5tsbron, Europaskolan Str\u00e4ngn\u00e4s \u201dskolg\u00e5rd\u201d, med M\u00e4laren som fond. H\u00e4r genomf\u00f6rde [&hellip;]<\/p>\n","protected":false},"author":1,"featured_media":10832,"comment_status":"closed","ping_status":"closed","sticky":false,"template":"","format":"standard","meta":{"footnotes":""},"categories":[3,44],"tags":[],"class_list":["post-10820","post","type-post","status-publish","format-standard","has-post-thumbnail","hentry","category-aktuellt-europaskolan-strangnas","category-europaskolan-strangnas-i-bilder"],"blocksy_meta":[],"rttpg_featured_image_url":{"full":["https:\/\/www.europaskolan.se\/strangnas\/wp-content\/uploads\/sites\/2\/2019\/12\/ESS_Lucia-2019-3.jpg",1852,1365,false],"landscape":["https:\/\/www.europaskolan.se\/strangnas\/wp-content\/uploads\/sites\/2\/2019\/12\/ESS_Lucia-2019-3.jpg",1852,1365,false],"portraits":["https:\/\/www.europaskolan.se\/strangnas\/wp-content\/uploads\/sites\/2\/2019\/12\/ESS_Lucia-2019-3.jpg",1852,1365,false],"thumbnail":["https:\/\/www.europaskolan.se\/strangnas\/wp-content\/uploads\/sites\/2\/2019\/12\/ESS_Lucia-2019-3-200x147.jpg",200,147,true],"medium":["https:\/\/www.europaskolan.se\/strangnas\/wp-content\/uploads\/sites\/2\/2019\/12\/ESS_Lucia-2019-3-407x300.jpg",407,300,true],"large":["https:\/\/www.europaskolan.se\/strangnas\/wp-content\/uploads\/sites\/2\/2019\/12\/ESS_Lucia-2019-3-1024x755.jpg",1024,755,true],"1536x1536":["https:\/\/www.europaskolan.se\/strangnas\/wp-content\/uploads\/sites\/2\/2019\/12\/ESS_Lucia-2019-3-1536x1132.jpg",1536,1132,true],"2048x2048":["https:\/\/www.europaskolan.se\/strangnas\/wp-content\/uploads\/sites\/2\/2019\/12\/ESS_Lucia-2019-3.jpg",1852,1365,false],"sow-carousel-default":["https:\/\/www.europaskolan.se\/strangnas\/wp-content\/uploads\/sites\/2\/2019\/12\/ESS_Lucia-2019-3.jpg",247,182,false]},"rttpg_author":{"display_name":"admin","author_link":"https:\/\/www.europaskolan.se\/strangnas\/author\/admin\/"},"rttpg_comment":0,"rttpg_category":"<a href=\"https:\/\/www.europaskolan.se\/strangnas\/category\/aktuellt-europaskolan-strangnas\/\" rel=\"category tag\">Aktuellt \u2013 Europaskolan Str\u00e4ngn\u00e4s<\/a> <a href=\"https:\/\/www.europaskolan.se\/strangnas\/category\/europaskolan-strangnas-i-bilder\/\" rel=\"category tag\">Europaskolan Str\u00e4ngn\u00e4s i bilder<\/a>","rttpg_excerpt":"Traditionerna \u00e4r m\u00e5nga p\u00e5 Europaskolan Str\u00e4ngn\u00e4s och vi v\u00e4rnar om dem alla. Inte minst eftersom de leder till \u00f6kad gemenskap! I fredags stod tv\u00e5 av dem p\u00e5 programmet: luciamorgon vid M\u00e4laren och sedan abiturienten \u2013 en milstolpe f\u00f6r v\u00e5ra avg\u00e5ngselever. Luciadagen 2019 b\u00f6rjade st\u00e4mningsfullt p\u00e5 \u00c5ngb\u00e5tsbron, Europaskolan Str\u00e4ngn\u00e4s \u201dskolg\u00e5rd\u201d, med M\u00e4laren som fond. H\u00e4r genomf\u00f6rde&hellip;","_links":{"self":[{"href":"https:\/\/www.europaskolan.se\/strangnas\/wp-json\/wp\/v2\/posts\/10820","targetHints":{"allow":["GET"]}}],"collection":[{"href":"https:\/\/www.europaskolan.se\/strangnas\/wp-json\/wp\/v2\/posts"}],"about":[{"href":"https:\/\/www.europaskolan.se\/strangnas\/wp-json\/wp\/v2\/types\/post"}],"author":[{"embeddable":true,"href":"https:\/\/www.europaskolan.se\/strangnas\/wp-json\/wp\/v2\/users\/1"}],"replies":[{"embeddable":true,"href":"https:\/\/www.europaskolan.se\/strangnas\/wp-json\/wp\/v2\/comments?post=10820"}],"version-history":[{"count":0,"href":"https:\/\/www.europaskolan.se\/strangnas\/wp-json\/wp\/v2\/posts\/10820\/revisions"}],"wp:featuredmedia":[{"embeddable":true,"href":"https:\/\/www.europaskolan.se\/strangnas\/wp-json\/wp\/v2\/media\/10832"}],"wp:attachment":[{"href":"https:\/\/www.europaskolan.se\/strangnas\/wp-json\/wp\/v2\/media?parent=10820"}],"wp:term":[{"taxonomy":"category","embeddable":true,"href":"https:\/\/www.europaskolan.se\/strangnas\/wp-json\/wp\/v2\/categories?post=10820"},{"taxonomy":"post_tag","embeddable":true,"href":"https:\/\/www.europaskolan.se\/strangnas\/wp-json\/wp\/v2\/tags?post=10820"}],"curies":[{"name":"wp","href":"https:\/\/api.w.org\/{rel}","templated":true}]}}