{"id":10806,"date":"2019-12-12T13:07:24","date_gmt":"2019-12-12T12:07:24","guid":{"rendered":"https:\/\/www.europaskolan.se\/strangnas\/?p=10806"},"modified":"2019-12-12T14:45:23","modified_gmt":"2019-12-12T13:45:23","slug":"alumnen-felix-moree-fran-europaskolan-strangnas-far-priset-arets-marknadsforingsbok-2019","status":"publish","type":"post","link":"https:\/\/www.europaskolan.se\/strangnas\/alumnen-felix-moree-fran-europaskolan-strangnas-far-priset-arets-marknadsforingsbok-2019\/","title":{"rendered":"Alumnen Felix M\u00f6r\u00e9e fr\u00e5n Europaskolan Str\u00e4ngn\u00e4s f\u00e5r priset \u00c5rets marknadsf\u00f6ringsbok 2019"},"content":{"rendered":"<figure id=\"attachment_10807\" aria-describedby=\"caption-attachment-10807\" style=\"width: 768px\" class=\"wp-caption alignnone\"><img fetchpriority=\"high\" decoding=\"async\" class=\"wp-image-10807 size-full\" src=\"https:\/\/www.europaskolan.se\/strangnas\/wp-content\/uploads\/sites\/2\/2019\/12\/vinnare-4_1941-768x576.jpg\" alt=\"\" width=\"768\" height=\"576\" srcset=\"https:\/\/www.europaskolan.se\/strangnas\/wp-content\/uploads\/sites\/2\/2019\/12\/vinnare-4_1941-768x576.jpg 768w, https:\/\/www.europaskolan.se\/strangnas\/wp-content\/uploads\/sites\/2\/2019\/12\/vinnare-4_1941-768x576-400x300.jpg 400w, https:\/\/www.europaskolan.se\/strangnas\/wp-content\/uploads\/sites\/2\/2019\/12\/vinnare-4_1941-768x576-200x150.jpg 200w, https:\/\/www.europaskolan.se\/strangnas\/wp-content\/uploads\/sites\/2\/2019\/12\/vinnare-4_1941-768x576-174x131.jpg 174w, https:\/\/www.europaskolan.se\/strangnas\/wp-content\/uploads\/sites\/2\/2019\/12\/vinnare-4_1941-768x576-300x225.jpg 300w, https:\/\/www.europaskolan.se\/strangnas\/wp-content\/uploads\/sites\/2\/2019\/12\/vinnare-4_1941-768x576-70x53.jpg 70w\" sizes=\"(max-width: 768px) 100vw, 768px\" \/><figcaption id=\"caption-attachment-10807\" class=\"wp-caption-text\">Felix M\u00f6r\u00e9e och Andreas Jonason, tv\u00e5 av f\u00f6rfattarna till \u00c5rets Marknadsf\u00f6ringsbok 2019, i mitten Francesca O\u2019Brien Apelgren, vd Sveriges Marknadsf\u00f6rbund. Foto: <a href=\"http:\/\/svemarknad.se\/\">Sveriges Marknadsf\u00f6rbund<\/a>.<\/figcaption><\/figure>\n<p><em>Vad betyder egentligen priss\u00e4ttning f\u00f6r ett f\u00f6retags l\u00f6nsamhet? Enormt mycket, det vet Felix M\u00f6r\u00e9e \u2013 tidigare elev p\u00e5 Europaskolan Str\u00e4ngn\u00e4s. Tillsammans med sina kollegor Hermann Simon och Andreas Jonason har han n\u00e4mligen skrivit en bok i \u00e4mnet. \u201dTa betalt! Hur pris p\u00e5verkar allt\u201d heter boken som nu har f\u00e5tt den prestigefyllda utm\u00e4rkelsen \u00c5rets marknadsf\u00f6ringsbok 2019. I en intervju ber\u00e4ttar Felix om tankarna bakom boken, sin tid p\u00e5 Europaskolan Str\u00e4ngn\u00e4s \u2013 och planerna f\u00f6r framtiden.<\/em><\/p>\n<p><strong>Att f\u00e5 kontakt med tidigare elever<\/strong> <strong>\u00e4r n\u00e5got vi alltid uppskattar<\/strong> inom Europaskolan. Kommer de dessutom med s\u00e5 trevliga nyheter som Felix M\u00f6r\u00e9e, delar vi dem g\u00e4rna med b\u00e5de dagens och kommande elever.<\/p>\n<p><strong>Under Europaskolan Str\u00e4ngn\u00e4s senaste \u00e5tertr\u00e4ff f\u00f6r alumner kom Felix M\u00f6r\u00e9e p\u00e5 bes\u00f6k.<\/strong> Ett bland m\u00e5nga trevliga \u00e5terseenden! Kort d\u00e4refter fick vi ocks\u00e5 ett mejl fr\u00e5n honom, med glada nyheter.<\/p>\n<p><strong>Felix M\u00f6r\u00e9e \u00e4r en av f\u00f6rfattarna till \u201dTa betalt! Hur pris p\u00e5verkar allt\u201d, <\/strong>en popul\u00e4r\u00advetenskaplig bok om priss\u00e4ttning, f\u00f6rs\u00e4ljning och marknadsf\u00f6ring. Detta \u00e4r fr\u00e5gor som Felix sj\u00e4lv arbetar med, tillsammans med bokens \u00f6vriga f\u00f6rfattare Hermann Simon och Andreas Jonason.<\/p>\n<p><strong>Nu har boken blivit utsedd till \u00c5rets marknadsf\u00f6ringsbok 2019! <\/strong>Det \u00e4r ett prestigefyllt pris som sedan 1991 delas ut av Sveriges Marknadsf\u00f6rbund, med syfte att premiera god marknadsf\u00f6rings\u00adlitteratur.<\/p>\n<p><img decoding=\"async\" class=\"alignnone size-full wp-image-10809\" src=\"https:\/\/www.europaskolan.se\/strangnas\/wp-content\/uploads\/sites\/2\/2019\/12\/ta-betalt-hur-pris-paverkar-allt.jpg\" alt=\"\" width=\"201\" height=\"304\" srcset=\"https:\/\/www.europaskolan.se\/strangnas\/wp-content\/uploads\/sites\/2\/2019\/12\/ta-betalt-hur-pris-paverkar-allt.jpg 201w, https:\/\/www.europaskolan.se\/strangnas\/wp-content\/uploads\/sites\/2\/2019\/12\/ta-betalt-hur-pris-paverkar-allt-198x300.jpg 198w, https:\/\/www.europaskolan.se\/strangnas\/wp-content\/uploads\/sites\/2\/2019\/12\/ta-betalt-hur-pris-paverkar-allt-99x150.jpg 99w\" sizes=\"(max-width: 201px) 100vw, 201px\" \/><\/p>\n<p><strong>Juryns motivering:<\/strong><\/p>\n<p><em>\u201dF\u00f6rfattarna beskriver p\u00e5 ett tydligt s\u00e4tt med m\u00e5nga relevanta exempel prisets effekt och betydelse f\u00f6r en verksamhets aff\u00e4r. Juryn uppfattar att boken ger ett bidrag till hela aff\u00e4rsmannaskapsomr\u00e5det, dvs kunskaper och kompetenser f\u00f6r att bedriva effektiva aff\u00e4rsverksamheter. Boken \u00e4r l\u00e4ttl\u00e4st och \u00f6versk\u00e5dlig och det \u00e4r juryns uppfattning att den erbjuder v\u00e4rdefulla insikter oavsett l\u00e4sarens bakgrund och roll.\u201d<\/em><\/p>\n<p><strong>Vi gl\u00e4der oss med Felix och hans medf\u00f6rfattare \u00e5r denna utm\u00e4rkelse,<\/strong> som visar hur l\u00e5ngt man kan n\u00e5 med kunskap, ambition och samarbete. Begrepp som alla \u00e4r delar av v\u00e5r skolas v\u00e4rdegrund.<\/p>\n<p><strong>Vi blev f\u00f6rst\u00e5s nyfikna p\u00e5 hur denna framg\u00e5ngsrika bok kom till.<\/strong> Likas\u00e5 p\u00e5 vad Felix annars g\u00f6r i dag, hur han ser tillbaka p\u00e5 sin gymnasietid och vad han har f\u00f6r tips till kommande elever som nu st\u00e5r inf\u00f6r sitt gymnasieval. L\u00e4s och bli inspirerad!<\/p>\n<h3><img decoding=\"async\" class=\"alignnone wp-image-10808\" src=\"https:\/\/www.europaskolan.se\/strangnas\/wp-content\/uploads\/sites\/2\/2019\/12\/Felix_Moree-svart-vit.jpg\" alt=\"\" width=\"200\" height=\"231\" srcset=\"https:\/\/www.europaskolan.se\/strangnas\/wp-content\/uploads\/sites\/2\/2019\/12\/Felix_Moree-svart-vit.jpg 889w, https:\/\/www.europaskolan.se\/strangnas\/wp-content\/uploads\/sites\/2\/2019\/12\/Felix_Moree-svart-vit-259x300.jpg 259w, https:\/\/www.europaskolan.se\/strangnas\/wp-content\/uploads\/sites\/2\/2019\/12\/Felix_Moree-svart-vit-885x1024.jpg 885w, https:\/\/www.europaskolan.se\/strangnas\/wp-content\/uploads\/sites\/2\/2019\/12\/Felix_Moree-svart-vit-130x150.jpg 130w, https:\/\/www.europaskolan.se\/strangnas\/wp-content\/uploads\/sites\/2\/2019\/12\/Felix_Moree-svart-vit-768x889.jpg 768w\" sizes=\"(max-width: 200px) 100vw, 200px\" \/><\/h3>\n<h3>Intervju med Felix M\u00f6r\u00e9e<\/h3>\n<p><strong>1. Stort grattis till priset! Hur reagerade ni p\u00e5 denna nyhet och vad inneb\u00e4r den f\u00f6r er fram\u00f6ver?<\/strong><\/p>\n<p>\u2013 J\u00e4ttekul naturligtvis! Vinsten f\u00f6r\u00e4ndrar inte s\u00e5 mycket f\u00f6rutom kanske just att fler f\u00e5r upp \u00f6gonen f\u00f6r priss\u00e4ttning och det arbete vi g\u00f6r. Vi har m\u00e4rkt att intresset f\u00f6r priss\u00e4ttning har \u00f6kat sen vi sl\u00e4ppte boken och att fler f\u00f6rst\u00e5r vilken enorm p\u00e5verkan priss\u00e4ttning kan ha p\u00e5 ett f\u00f6retags l\u00f6nsamhet.<\/p>\n<p><strong>2. Hur uppstod id\u00e9n till boken?<\/strong><\/p>\n<p>\u2013 Hermann, Andreas, och jag jobbar alla tre p\u00e5 f\u00f6retaget Simon-Kucher &amp; Partners som \u00e4r ett v\u00e4rldsledande bolag inom kommersiell strategi. Det vill s\u00e4ga, vi tar fram strategier f\u00f6r hur f\u00f6retag kan \u00f6ka sina int\u00e4kter och ett av v\u00e5ra arbetsomr\u00e5den \u00e4r just priss\u00e4ttning. Vi hade noterat att det saknades en konkret bok som tog upp alla aspekter av priss\u00e4ttning, samtidigt som intresset f\u00f6r priss\u00e4ttning hade \u00f6kat \u2013 d\u00e4rf\u00f6r best\u00e4mde vi oss f\u00f6r att ge ut en bok f\u00f6r att m\u00f6ta efterfr\u00e5gan.<\/p>\n<p><strong>3. I boken beskriver ni p\u00e5 ett tydligt s\u00e4tt, med m\u00e5nga relevanta exempel, prisets effekt och betydelse f\u00f6r en verksamhets aff\u00e4r. Men hur kom ni p\u00e5 att detta var ett relevant \u00e4mne att skriva om?<\/strong><\/p>\n<p>\u2013 Priss\u00e4ttning \u00e4r kanske den mest bortgl\u00f6mda h\u00e4vst\u00e5ngen f\u00f6r en l\u00f6nsam aff\u00e4r. Men faktum \u00e4r att priss\u00e4ttning har st\u00f6rst, och i de flesta fall snabbast, effekt p\u00e5 ett f\u00f6retags vinst. M\u00e5nga personer tror att priser \u00e4r satta efter n\u00e5gon naturlag, men man kan som f\u00f6retag p\u00e5verka priser och kunders betalningsvilja mycket mer \u00e4n man tror. Det finns m\u00e5nga dimensioner att ta h\u00e4nsyn till n\u00e4r man s\u00e4tter ett pris \u2013 fr\u00e5n prispositionering till psykologiska faktorer \u2013 och alla dessa f\u00f6rs\u00f6ker vi ta upp i v\u00e5r bok. Under senaste \u00e5ret har vi jobbat med paketering och priss\u00e4ttning f\u00f6r f\u00f6retag som bland annat Uber och LinkedIn. Vi har l\u00e4rt oss vad som funkar och inte funkar i praktiken \u2013 erfarenheter vi g\u00e4rna delar med oss av.<\/p>\n<p><strong>4. N\u00e4r gick du p\u00e5 Europaskolan Str\u00e4ngn\u00e4s och vad l\u00e4ste du f\u00f6r program? Hur kommer det sig att du valde just det programmet?<\/strong><\/p>\n<p>\u2013 Jag gick i KF07 och l\u00e4ste p\u00e5 Europaskolan Str\u00e4ngn\u00e4s mellan 2007 och 2010. Jag har alltid gillat matematik och naturvetenskap s\u00e5 Kemi- och fysikprogrammet passade som handen i handsken. Men ut\u00f6ver det var jag v\u00e4ldigt intresserad av spr\u00e5k, s\u00e5 jag l\u00e4ste ett ut\u00f6kat program med v\u00e4ldigt mycket spr\u00e5k.<\/p>\n<p><strong>5. Hur ser du tillbaka p\u00e5 din gymnasietid?<\/strong><\/p>\n<p>\u2013 Kul och l\u00e4rorik! Tiden p\u00e5 Europaskolan Str\u00e4ngn\u00e4s f\u00f6rberedde mig f\u00f6r att l\u00e4sa p\u00e5 universitetet och i f\u00f6rl\u00e4ngningen f\u00f6r det jag sysslar med nu. Det h\u00e4nde ocks\u00e5 alltid n\u00e5gonting kring Europaskolan och de personer som l\u00e4ste d\u00e4r \u2013 s\u00e5 det fanns alltid aktiviteter vid sidan av att man pluggade. Det \u00e4r kul att \u00e4n i dag springa p\u00e5 tidigare Europaelever i olika sammanhang \u2013 man bygger sitt framtida n\u00e4tverk redan p\u00e5 Europaskolan!<\/p>\n<p><strong>6. N\u00e5got s\u00e4rskilt minne fr\u00e5n gymnasiet som sticker ut?<\/strong><\/p>\n<p>\u2013 Framf\u00f6r allt den goda sammanh\u00e5llningen p\u00e5 skolan.\u00a0Alla k\u00e4nde alla och det var mycket aktiviteter som skedde p\u00e5 sidan av skolarbetet. Framf\u00f6r allt de olika bildningsresorna bidrog till en familj\u00e4r atmosf\u00e4r p\u00e5 skolan. Kunskapsm\u00e4ssigt var skolan ocks\u00e5 i framkant, n\u00e5gra av de b\u00e4sta l\u00e4rare jag n\u00e5gonsin haft har varit p\u00e5 Europaskolan.<\/p>\n<p><strong>7. Vad gjorde du direkt efter gymnasiet och vad g\u00f6r du i dag?<\/strong><\/p>\n<p>\u2013 Direkt efter gymnasiet b\u00f6rjade jag l\u00e4sa p\u00e5 Lunds universitet. F\u00f6r mig blev det en dubbelexamen \u2013 en civilingenj\u00f6rsexamen i teknisk fysik och en examen i ekonomi \u2013 som jag kombinerade med mycket utbytesstudier. F\u00f6r mig blev det utbyten till Frankrike, Chile, och Kina. Jag har alltid varit intresserad av ekonomi, matematik, och spr\u00e5k; s\u00e5 jag lyckades l\u00e4sa alla delar jag var intresserad av.<\/p>\n<p><strong>8. Hur ser dina framtidsplaner ut?<\/strong><\/p>\n<p>\u2013 N\u00e4rmsta tiden blir det att forts\u00e4tta med r\u00e5dgivning till v\u00e4rldsledande bolag om kommersiell strategi. Vi f\u00e5r se, det kanske blir fler b\u00f6cker och artiklar. Jag har \u00e4ven en vag plan p\u00e5 att l\u00e4sa en MBA (Master in Business Administration) inom ett par \u00e5r p\u00e5 n\u00e5got v\u00e4lrenommerat universitet.<\/p>\n<p><strong>9. Vad g\u00f6r du p\u00e5 fritiden? Intressen?<\/strong><\/p>\n<p>\u2013 Jag l\u00e4ser mycket, tr\u00e4nar, och f\u00f6rs\u00f6ker l\u00e4ra mig n\u00e5gonting nytt. Jag spenderar mycket tid p\u00e5 att resa b\u00e5de i jobbet och p\u00e5 fritiden. Det \u00e4r viktigt f\u00f6r mig att alltid utvecklas och att uppt\u00e4cka nya saker.<\/p>\n<p><strong>10. Har du n\u00e5gra tips till de elever som i dag st\u00e5r inf\u00f6r gymnasievalet? Och till dem som ska g\u00e5 p\u00e5 Europaskolan Str\u00e4ngn\u00e4s?<\/strong><\/p>\n<p>\u2013 T\u00e4nk fram\u00e5t och v\u00e5ga g\u00f6ra saker som du inte \u00e4r bra p\u00e5. Jag lever efter mottot att \u201ddet man inte kan, kan man inte f\u00f6r man inte gjort tillr\u00e4ckligt av det\u201d.\u00a0Jag tror det \u00e4r viktigt att l\u00e5ta hj\u00e4rtat och hj\u00e4rnan ta beslut gemensamt. T\u00e4nk p\u00e5 var det finns m\u00f6jligheter i framtiden och v\u00e4g in det n\u00e4r du beslutar om vad du ska g\u00f6ra h\u00e4rn\u00e4st.<\/p>\n<p>En trend man ser i n\u00e4ringslivet \u00e4r att det blir viktigare att kunna jobba med st\u00f6rre datam\u00e4ngder, att kunna (enklare) programmering, och att kunna kommunicera tydligt i internationella team. Att l\u00e4sa extra matematik, programmering, och spr\u00e5k kommer man aldrig \u00e5ngra!<\/p>\n<p><em>Stort tack f\u00f6r intervjun, Felix. Vi p\u00e5 Europaskolan \u00f6nskar dig varmt lycka till \u00e4ven i forts\u00e4ttningen!<\/em><\/p>\n<p><a href=\"http:\/\/svemarknad.se\/arets-marknadsforingsbok-ta-betalt\/\" target=\"_blank\" rel=\"noopener noreferrer\">L\u00e4s mer om utm\u00e4rkelsen \u00c5rets Marknadsf\u00f6ringsbok 2019 &gt;<\/a><br \/>\n<a href=\"https:\/\/www.adlibris.com\/se\/bok\/ta-betalt-hur-pris-paverkar-allt-9789188671929\" target=\"_blank\" rel=\"noopener noreferrer\">L\u00e4s mer om boken \u201dTa betalt! Hur pris p\u00e5verkar allt\u201d &gt;<\/a><\/p>\n<p>&nbsp;<\/p>\n","protected":false},"excerpt":{"rendered":"<p>Vad betyder egentligen priss\u00e4ttning f\u00f6r ett f\u00f6retags l\u00f6nsamhet? Enormt mycket, det vet Felix M\u00f6r\u00e9e \u2013 tidigare elev p\u00e5 Europaskolan Str\u00e4ngn\u00e4s. Tillsammans med sina kollegor Hermann Simon och Andreas Jonason har han n\u00e4mligen skrivit en bok i \u00e4mnet. \u201dTa betalt! Hur pris p\u00e5verkar allt\u201d heter boken som nu har f\u00e5tt den prestigefyllda utm\u00e4rkelsen \u00c5rets marknadsf\u00f6ringsbok 2019. [&hellip;]<\/p>\n","protected":false},"author":1,"featured_media":10807,"comment_status":"closed","ping_status":"closed","sticky":false,"template":"","format":"standard","meta":{"footnotes":""},"categories":[11],"tags":[],"class_list":["post-10806","post","type-post","status-publish","format-standard","has-post-thumbnail","hentry","category-utmarkelser-europaskolan-strangnas"],"blocksy_meta":[],"rttpg_featured_image_url":{"full":["https:\/\/www.europaskolan.se\/strangnas\/wp-content\/uploads\/sites\/2\/2019\/12\/vinnare-4_1941-768x576.jpg",768,576,false],"landscape":["https:\/\/www.europaskolan.se\/strangnas\/wp-content\/uploads\/sites\/2\/2019\/12\/vinnare-4_1941-768x576.jpg",768,576,false],"portraits":["https:\/\/www.europaskolan.se\/strangnas\/wp-content\/uploads\/sites\/2\/2019\/12\/vinnare-4_1941-768x576.jpg",768,576,false],"thumbnail":["https:\/\/www.europaskolan.se\/strangnas\/wp-content\/uploads\/sites\/2\/2019\/12\/vinnare-4_1941-768x576-200x150.jpg",200,150,true],"medium":["https:\/\/www.europaskolan.se\/strangnas\/wp-content\/uploads\/sites\/2\/2019\/12\/vinnare-4_1941-768x576-400x300.jpg",400,300,true],"large":["https:\/\/www.europaskolan.se\/strangnas\/wp-content\/uploads\/sites\/2\/2019\/12\/vinnare-4_1941-768x576.jpg",768,576,false],"1536x1536":["https:\/\/www.europaskolan.se\/strangnas\/wp-content\/uploads\/sites\/2\/2019\/12\/vinnare-4_1941-768x576.jpg",768,576,false],"2048x2048":["https:\/\/www.europaskolan.se\/strangnas\/wp-content\/uploads\/sites\/2\/2019\/12\/vinnare-4_1941-768x576.jpg",768,576,false],"sow-carousel-default":["https:\/\/www.europaskolan.se\/strangnas\/wp-content\/uploads\/sites\/2\/2019\/12\/vinnare-4_1941-768x576.jpg",243,182,false]},"rttpg_author":{"display_name":"admin","author_link":"https:\/\/www.europaskolan.se\/strangnas\/author\/admin\/"},"rttpg_comment":0,"rttpg_category":"<a href=\"https:\/\/www.europaskolan.se\/strangnas\/category\/utmarkelser-europaskolan-strangnas\/\" rel=\"category tag\">Utm\u00e4rkelser \u2013 Europaskolan Str\u00e4ngn\u00e4s<\/a>","rttpg_excerpt":"Vad betyder egentligen priss\u00e4ttning f\u00f6r ett f\u00f6retags l\u00f6nsamhet? Enormt mycket, det vet Felix M\u00f6r\u00e9e \u2013 tidigare elev p\u00e5 Europaskolan Str\u00e4ngn\u00e4s. Tillsammans med sina kollegor Hermann Simon och Andreas Jonason har han n\u00e4mligen skrivit en bok i \u00e4mnet. \u201dTa betalt! Hur pris p\u00e5verkar allt\u201d heter boken som nu har f\u00e5tt den prestigefyllda utm\u00e4rkelsen \u00c5rets marknadsf\u00f6ringsbok 2019.&hellip;","_links":{"self":[{"href":"https:\/\/www.europaskolan.se\/strangnas\/wp-json\/wp\/v2\/posts\/10806","targetHints":{"allow":["GET"]}}],"collection":[{"href":"https:\/\/www.europaskolan.se\/strangnas\/wp-json\/wp\/v2\/posts"}],"about":[{"href":"https:\/\/www.europaskolan.se\/strangnas\/wp-json\/wp\/v2\/types\/post"}],"author":[{"embeddable":true,"href":"https:\/\/www.europaskolan.se\/strangnas\/wp-json\/wp\/v2\/users\/1"}],"replies":[{"embeddable":true,"href":"https:\/\/www.europaskolan.se\/strangnas\/wp-json\/wp\/v2\/comments?post=10806"}],"version-history":[{"count":0,"href":"https:\/\/www.europaskolan.se\/strangnas\/wp-json\/wp\/v2\/posts\/10806\/revisions"}],"wp:featuredmedia":[{"embeddable":true,"href":"https:\/\/www.europaskolan.se\/strangnas\/wp-json\/wp\/v2\/media\/10807"}],"wp:attachment":[{"href":"https:\/\/www.europaskolan.se\/strangnas\/wp-json\/wp\/v2\/media?parent=10806"}],"wp:term":[{"taxonomy":"category","embeddable":true,"href":"https:\/\/www.europaskolan.se\/strangnas\/wp-json\/wp\/v2\/categories?post=10806"},{"taxonomy":"post_tag","embeddable":true,"href":"https:\/\/www.europaskolan.se\/strangnas\/wp-json\/wp\/v2\/tags?post=10806"}],"curies":[{"name":"wp","href":"https:\/\/api.w.org\/{rel}","templated":true}]}}