{"id":10744,"date":"2019-11-18T15:26:54","date_gmt":"2019-11-18T14:26:54","guid":{"rendered":"https:\/\/www.europaskolan.se\/strangnas\/?p=10744"},"modified":"2021-08-03T09:32:48","modified_gmt":"2021-08-03T07:32:48","slug":"atertraff-for-alumner-och-valbesokt-oppet-hus-pa-europaskolan-strangnas","status":"publish","type":"post","link":"https:\/\/www.europaskolan.se\/strangnas\/atertraff-for-alumner-och-valbesokt-oppet-hus-pa-europaskolan-strangnas\/","title":{"rendered":"\u00c5tertr\u00e4ff f\u00f6r alumner och v\u00e4lbes\u00f6kt \u00f6ppet hus p\u00e5 Europaskolan Str\u00e4ngn\u00e4s"},"content":{"rendered":"<p><img fetchpriority=\"high\" decoding=\"async\" class=\"alignnone size-full wp-image-10746\" src=\"https:\/\/www.europaskolan.se\/strangnas\/wp-content\/uploads\/sites\/2\/2019\/11\/ESS_Oppethus_3-1.jpg\" alt=\"\" width=\"1353\" height=\"765\" srcset=\"https:\/\/www.europaskolan.se\/strangnas\/wp-content\/uploads\/sites\/2\/2019\/11\/ESS_Oppethus_3-1.jpg 1353w, https:\/\/www.europaskolan.se\/strangnas\/wp-content\/uploads\/sites\/2\/2019\/11\/ESS_Oppethus_3-1-531x300.jpg 531w, https:\/\/www.europaskolan.se\/strangnas\/wp-content\/uploads\/sites\/2\/2019\/11\/ESS_Oppethus_3-1-1024x579.jpg 1024w, https:\/\/www.europaskolan.se\/strangnas\/wp-content\/uploads\/sites\/2\/2019\/11\/ESS_Oppethus_3-1-200x113.jpg 200w, https:\/\/www.europaskolan.se\/strangnas\/wp-content\/uploads\/sites\/2\/2019\/11\/ESS_Oppethus_3-1-768x434.jpg 768w, https:\/\/www.europaskolan.se\/strangnas\/wp-content\/uploads\/sites\/2\/2019\/11\/ESS_Oppethus_3-1-174x98.jpg 174w\" sizes=\"(max-width: 1353px) 100vw, 1353px\" \/><\/p>\n<p><em>Den 9 november hade vi \u00f6ppet hus p\u00e5 Europaskolan Str\u00e4ngn\u00e4s \u2013 som alltid mycket v\u00e4lbes\u00f6kt. Samtidigt inf\u00f6rde vi en ny tradition: \u00e5tertr\u00e4ff f\u00f6r de elever som tog studenten f\u00f6r fem \u00e5r sedan. V\u00e5ra duktiga f\u00f6retagarelever hade ocks\u00e5 UF-m\u00e4ssa med framg\u00e5ngsrik f\u00f6rs\u00e4ljning.<\/em><\/p>\n<p><strong>\u00d6ppet hus p\u00e5 Europaskolan Str\u00e4ngn\u00e4s<\/strong> inleddes, som tidigare \u00e5r, med samling i Dj\u00e4knehallen som \u00e4r skolans aula. H\u00e4r ber\u00e4ttade v\u00e5ra rektorer om skolans verksamhet f\u00f6r nyfikna bes\u00f6kare och (potentiella) blivande elever.<\/p>\n<p><strong>Presentationerna h\u00f6lls vid tv\u00e5 tillf\u00e4llen<\/strong> och var s\u00e5 v\u00e4lbes\u00f6kta att det stundtals blev tr\u00e5ngt. Men det gick f\u00f6rst\u00e5s bra \u00e4nd\u00e5. (\u201dFinns det hj\u00e4rterum, s\u00e5 \u2026\u201d) Det gl\u00e4der oss verkligen att s\u00e5 m\u00e5nga visar intresse f\u00f6r Europaskolan Str\u00e4ngn\u00e4s.<\/p>\n<p><strong>P\u00e5 plats fanns ocks\u00e5 l\u00e4rare, \u00f6vrig personal och elever, <\/strong>f\u00f6r att svara p\u00e5 fr\u00e5gor och visa runt i byggnaderna p\u00e5 v\u00e5rt stadscampus.<\/p>\n<p><img decoding=\"async\" class=\"alignnone size-full wp-image-10749\" src=\"https:\/\/www.europaskolan.se\/strangnas\/wp-content\/uploads\/sites\/2\/2019\/11\/ESS_Oppethus_6.jpg\" alt=\"\" width=\"1335\" height=\"695\" srcset=\"https:\/\/www.europaskolan.se\/strangnas\/wp-content\/uploads\/sites\/2\/2019\/11\/ESS_Oppethus_6.jpg 1335w, https:\/\/www.europaskolan.se\/strangnas\/wp-content\/uploads\/sites\/2\/2019\/11\/ESS_Oppethus_6-576x300.jpg 576w, https:\/\/www.europaskolan.se\/strangnas\/wp-content\/uploads\/sites\/2\/2019\/11\/ESS_Oppethus_6-1024x533.jpg 1024w, https:\/\/www.europaskolan.se\/strangnas\/wp-content\/uploads\/sites\/2\/2019\/11\/ESS_Oppethus_6-200x104.jpg 200w, https:\/\/www.europaskolan.se\/strangnas\/wp-content\/uploads\/sites\/2\/2019\/11\/ESS_Oppethus_6-768x400.jpg 768w\" sizes=\"(max-width: 1335px) 100vw, 1335px\" \/><\/p>\n<h3>UF-m\u00e4ssa f\u00f6r v\u00e5ra unga f\u00f6retagare<\/h3>\n<p><strong>Under dagen presenterade \u00e4ven v\u00e5ra UF-f\u00f6retag sina produkter och tj\u00e4nster.<\/strong> Det gjorde de i form av en UF-m\u00e4ssa, d\u00e4r de ocks\u00e5 t\u00e4vlade i b\u00e4sta pitch, b\u00e4sta monter, b\u00e4sta reklamfilm och b\u00e4sta f\u00f6retag. UF-f\u00f6retagen drivs av sista\u00e5rseleverna p\u00e5 F\u00f6retagarprogrammet, och detta gav dem bra tr\u00e4ning inf\u00f6r den regionala UF-m\u00e4ssan i mars n\u00e4sta \u00e5r.<\/p>\n<p><img decoding=\"async\" class=\"alignnone size-full wp-image-10750\" src=\"https:\/\/www.europaskolan.se\/strangnas\/wp-content\/uploads\/sites\/2\/2019\/11\/ESS_Oppethus_67.jpg\" alt=\"\" width=\"1248\" height=\"824\" srcset=\"https:\/\/www.europaskolan.se\/strangnas\/wp-content\/uploads\/sites\/2\/2019\/11\/ESS_Oppethus_67.jpg 1248w, https:\/\/www.europaskolan.se\/strangnas\/wp-content\/uploads\/sites\/2\/2019\/11\/ESS_Oppethus_67-454x300.jpg 454w, https:\/\/www.europaskolan.se\/strangnas\/wp-content\/uploads\/sites\/2\/2019\/11\/ESS_Oppethus_67-1024x676.jpg 1024w, https:\/\/www.europaskolan.se\/strangnas\/wp-content\/uploads\/sites\/2\/2019\/11\/ESS_Oppethus_67-200x132.jpg 200w, https:\/\/www.europaskolan.se\/strangnas\/wp-content\/uploads\/sites\/2\/2019\/11\/ESS_Oppethus_67-768x507.jpg 768w\" sizes=\"(max-width: 1248px) 100vw, 1248px\" \/><\/p>\n<p><img loading=\"lazy\" decoding=\"async\" class=\"alignnone size-full wp-image-10751\" src=\"https:\/\/www.europaskolan.se\/strangnas\/wp-content\/uploads\/sites\/2\/2019\/11\/ESS_Oppethus_8.jpg\" alt=\"\" width=\"691\" height=\"846\" srcset=\"https:\/\/www.europaskolan.se\/strangnas\/wp-content\/uploads\/sites\/2\/2019\/11\/ESS_Oppethus_8.jpg 691w, https:\/\/www.europaskolan.se\/strangnas\/wp-content\/uploads\/sites\/2\/2019\/11\/ESS_Oppethus_8-245x300.jpg 245w, https:\/\/www.europaskolan.se\/strangnas\/wp-content\/uploads\/sites\/2\/2019\/11\/ESS_Oppethus_8-123x150.jpg 123w\" sizes=\"(max-width: 691px) 100vw, 691px\" \/><\/p>\n<p><strong>Att de lyckades v\u00e4l med sina presentationer visar de h\u00f6ga f\u00f6rs\u00e4ljningssiffrorna.<\/strong> N\u00e5gra f\u00f6retag s\u00e5lde f\u00f6r mer \u00e4n 5 000 kronor!<\/p>\n<p>Fler bilder fr\u00e5n bland annat UF-m\u00e4ssan hittar du p\u00e5 v\u00e5r <a href=\"https:\/\/www.facebook.com\/Europaskolan\/\" target=\"_blank\" rel=\"noopener noreferrer\">Facebooksida &gt;<\/a><\/p>\n<p><img loading=\"lazy\" decoding=\"async\" class=\"alignnone size-full wp-image-10747\" src=\"https:\/\/www.europaskolan.se\/strangnas\/wp-content\/uploads\/sites\/2\/2019\/11\/ESS_Oppethus_1.jpg\" alt=\"\" width=\"1352\" height=\"707\" srcset=\"https:\/\/www.europaskolan.se\/strangnas\/wp-content\/uploads\/sites\/2\/2019\/11\/ESS_Oppethus_1.jpg 1352w, https:\/\/www.europaskolan.se\/strangnas\/wp-content\/uploads\/sites\/2\/2019\/11\/ESS_Oppethus_1-574x300.jpg 574w, https:\/\/www.europaskolan.se\/strangnas\/wp-content\/uploads\/sites\/2\/2019\/11\/ESS_Oppethus_1-1024x535.jpg 1024w, https:\/\/www.europaskolan.se\/strangnas\/wp-content\/uploads\/sites\/2\/2019\/11\/ESS_Oppethus_1-200x105.jpg 200w, https:\/\/www.europaskolan.se\/strangnas\/wp-content\/uploads\/sites\/2\/2019\/11\/ESS_Oppethus_1-768x402.jpg 768w\" sizes=\"(max-width: 1352px) 100vw, 1352px\" \/><\/p>\n<h3>\u00c5tertr\u00e4ff f\u00f6r 2014 \u00e5rs studenter<\/h3>\n<p><strong>I samband med \u00f6ppet hus bj\u00f6d vi ocks\u00e5 in till \u00e5tertr\u00e4ff<\/strong> <strong>f\u00f6r tidigare elever (alumner).<\/strong> I \u00e5r g\u00e4llde inbjudan 2014 \u00e5rs studenter, det vill s\u00e4ga de som gick i EU11, F\u00d611, KF11, Artes11 och Sci11. Det \u00e4r ju nu fem \u00e5r sedan de tog studenten.<\/p>\n<p><strong>F\u00f6r de alumner som hade m\u00f6jlighet att komma blev det m\u00e5nga glada \u00e5terseenden,<\/strong> b\u00e5de elever och l\u00e4rare emellan. Efter en rundvandring bj\u00f6d vi jubilarerna p\u00e5 en l\u00e4ttare m\u00e5ltid i J\u00e4rnhandeln, skolans matsal d\u00e4r v\u00e5ra egna kockar st\u00e5r f\u00f6r maten.<\/p>\n<p><img loading=\"lazy\" decoding=\"async\" class=\"alignnone size-full wp-image-10748\" src=\"https:\/\/www.europaskolan.se\/strangnas\/wp-content\/uploads\/sites\/2\/2019\/11\/ESS_Oppethus_2.jpg\" alt=\"\" width=\"1365\" height=\"874\" srcset=\"https:\/\/www.europaskolan.se\/strangnas\/wp-content\/uploads\/sites\/2\/2019\/11\/ESS_Oppethus_2.jpg 1365w, https:\/\/www.europaskolan.se\/strangnas\/wp-content\/uploads\/sites\/2\/2019\/11\/ESS_Oppethus_2-469x300.jpg 469w, https:\/\/www.europaskolan.se\/strangnas\/wp-content\/uploads\/sites\/2\/2019\/11\/ESS_Oppethus_2-1024x656.jpg 1024w, https:\/\/www.europaskolan.se\/strangnas\/wp-content\/uploads\/sites\/2\/2019\/11\/ESS_Oppethus_2-200x128.jpg 200w, https:\/\/www.europaskolan.se\/strangnas\/wp-content\/uploads\/sites\/2\/2019\/11\/ESS_Oppethus_2-768x492.jpg 768w\" sizes=\"(max-width: 1365px) 100vw, 1365px\" \/><\/p>\n<p><strong>\u00c5tertr\u00e4ffen \u00e4r starten f\u00f6r en ny tradition h\u00e4r p\u00e5 Europaskolan Str\u00e4ngn\u00e4s. <\/strong>Varje \u00e5r n\u00e4r vi har \u00f6ppet hus kommer vi n\u00e4mligen att bjuda in de klasser som firar fem \u00e5r sedan studenten. S\u00e5 \u00e5rg\u00e5ng 2012 \u2013 f\u00f6rbered er! N\u00e4sta \u00e5r ses vi.<\/p>\n<p><em>Varmt tack till alla medverkande f\u00f6r en mycket lyckad dag \u2013 och till alla bes\u00f6kare: V\u00e4lkomna \u00e5ter!<\/em><\/p>\n","protected":false},"excerpt":{"rendered":"<p>Den 9 november hade vi \u00f6ppet hus p\u00e5 Europaskolan Str\u00e4ngn\u00e4s \u2013 som alltid mycket v\u00e4lbes\u00f6kt. Samtidigt inf\u00f6rde vi en ny tradition: \u00e5tertr\u00e4ff f\u00f6r de elever som tog studenten f\u00f6r fem \u00e5r sedan. V\u00e5ra duktiga f\u00f6retagarelever hade ocks\u00e5 UF-m\u00e4ssa med framg\u00e5ngsrik f\u00f6rs\u00e4ljning. \u00d6ppet hus p\u00e5 Europaskolan Str\u00e4ngn\u00e4s inleddes, som tidigare \u00e5r, med samling i Dj\u00e4knehallen som [&hellip;]<\/p>\n","protected":false},"author":1,"featured_media":10756,"comment_status":"closed","ping_status":"closed","sticky":false,"template":"","format":"standard","meta":{"footnotes":""},"categories":[3,44],"tags":[],"class_list":["post-10744","post","type-post","status-publish","format-standard","has-post-thumbnail","hentry","category-aktuellt-europaskolan-strangnas","category-europaskolan-strangnas-i-bilder"],"blocksy_meta":[],"rttpg_featured_image_url":{"full":["https:\/\/www.europaskolan.se\/strangnas\/wp-content\/uploads\/sites\/2\/2019\/11\/ESS_Oppethus_11.jpg",712,647,false],"landscape":["https:\/\/www.europaskolan.se\/strangnas\/wp-content\/uploads\/sites\/2\/2019\/11\/ESS_Oppethus_11.jpg",712,647,false],"portraits":["https:\/\/www.europaskolan.se\/strangnas\/wp-content\/uploads\/sites\/2\/2019\/11\/ESS_Oppethus_11.jpg",712,647,false],"thumbnail":["https:\/\/www.europaskolan.se\/strangnas\/wp-content\/uploads\/sites\/2\/2019\/11\/ESS_Oppethus_11-165x150.jpg",165,150,true],"medium":["https:\/\/www.europaskolan.se\/strangnas\/wp-content\/uploads\/sites\/2\/2019\/11\/ESS_Oppethus_11-330x300.jpg",330,300,true],"large":["https:\/\/www.europaskolan.se\/strangnas\/wp-content\/uploads\/sites\/2\/2019\/11\/ESS_Oppethus_11.jpg",712,647,false],"1536x1536":["https:\/\/www.europaskolan.se\/strangnas\/wp-content\/uploads\/sites\/2\/2019\/11\/ESS_Oppethus_11.jpg",712,647,false],"2048x2048":["https:\/\/www.europaskolan.se\/strangnas\/wp-content\/uploads\/sites\/2\/2019\/11\/ESS_Oppethus_11.jpg",712,647,false],"sow-carousel-default":["https:\/\/www.europaskolan.se\/strangnas\/wp-content\/uploads\/sites\/2\/2019\/11\/ESS_Oppethus_11.jpg",200,182,false]},"rttpg_author":{"display_name":"admin","author_link":"https:\/\/www.europaskolan.se\/strangnas\/author\/admin\/"},"rttpg_comment":0,"rttpg_category":"<a href=\"https:\/\/www.europaskolan.se\/strangnas\/category\/aktuellt-europaskolan-strangnas\/\" rel=\"category tag\">Aktuellt \u2013 Europaskolan Str\u00e4ngn\u00e4s<\/a> <a href=\"https:\/\/www.europaskolan.se\/strangnas\/category\/europaskolan-strangnas-i-bilder\/\" rel=\"category tag\">Europaskolan Str\u00e4ngn\u00e4s i bilder<\/a>","rttpg_excerpt":"Den 9 november hade vi \u00f6ppet hus p\u00e5 Europaskolan Str\u00e4ngn\u00e4s \u2013 som alltid mycket v\u00e4lbes\u00f6kt. Samtidigt inf\u00f6rde vi en ny tradition: \u00e5tertr\u00e4ff f\u00f6r de elever som tog studenten f\u00f6r fem \u00e5r sedan. V\u00e5ra duktiga f\u00f6retagarelever hade ocks\u00e5 UF-m\u00e4ssa med framg\u00e5ngsrik f\u00f6rs\u00e4ljning. \u00d6ppet hus p\u00e5 Europaskolan Str\u00e4ngn\u00e4s inleddes, som tidigare \u00e5r, med samling i Dj\u00e4knehallen som&hellip;","_links":{"self":[{"href":"https:\/\/www.europaskolan.se\/strangnas\/wp-json\/wp\/v2\/posts\/10744","targetHints":{"allow":["GET"]}}],"collection":[{"href":"https:\/\/www.europaskolan.se\/strangnas\/wp-json\/wp\/v2\/posts"}],"about":[{"href":"https:\/\/www.europaskolan.se\/strangnas\/wp-json\/wp\/v2\/types\/post"}],"author":[{"embeddable":true,"href":"https:\/\/www.europaskolan.se\/strangnas\/wp-json\/wp\/v2\/users\/1"}],"replies":[{"embeddable":true,"href":"https:\/\/www.europaskolan.se\/strangnas\/wp-json\/wp\/v2\/comments?post=10744"}],"version-history":[{"count":0,"href":"https:\/\/www.europaskolan.se\/strangnas\/wp-json\/wp\/v2\/posts\/10744\/revisions"}],"wp:featuredmedia":[{"embeddable":true,"href":"https:\/\/www.europaskolan.se\/strangnas\/wp-json\/wp\/v2\/media\/10756"}],"wp:attachment":[{"href":"https:\/\/www.europaskolan.se\/strangnas\/wp-json\/wp\/v2\/media?parent=10744"}],"wp:term":[{"taxonomy":"category","embeddable":true,"href":"https:\/\/www.europaskolan.se\/strangnas\/wp-json\/wp\/v2\/categories?post=10744"},{"taxonomy":"post_tag","embeddable":true,"href":"https:\/\/www.europaskolan.se\/strangnas\/wp-json\/wp\/v2\/tags?post=10744"}],"curies":[{"name":"wp","href":"https:\/\/api.w.org\/{rel}","templated":true}]}}