{"id":10703,"date":"2019-11-01T10:04:08","date_gmt":"2019-11-01T09:04:08","guid":{"rendered":"https:\/\/www.europaskolan.se\/strangnas\/?p=10703"},"modified":"2019-11-01T10:06:11","modified_gmt":"2019-11-01T09:06:11","slug":"my-danvind-pa-europaskolan-strangnas-ar-nominerad-till-lilla-augustpriset-2019","status":"publish","type":"post","link":"https:\/\/www.europaskolan.se\/strangnas\/my-danvind-pa-europaskolan-strangnas-ar-nominerad-till-lilla-augustpriset-2019\/","title":{"rendered":"My Danvind p\u00e5 Europaskolan Str\u00e4ngn\u00e4s \u00e4r nominerad till Lilla Augustpriset 2019"},"content":{"rendered":"<p><img fetchpriority=\"high\" decoding=\"async\" class=\"alignnone size-full wp-image-10704\" src=\"https:\/\/www.europaskolan.se\/strangnas\/wp-content\/uploads\/sites\/2\/2019\/11\/ESS-My-3.jpg\" alt=\"\" width=\"4032\" height=\"2268\" srcset=\"https:\/\/www.europaskolan.se\/strangnas\/wp-content\/uploads\/sites\/2\/2019\/11\/ESS-My-3.jpg 4032w, https:\/\/www.europaskolan.se\/strangnas\/wp-content\/uploads\/sites\/2\/2019\/11\/ESS-My-3-200x113.jpg 200w, https:\/\/www.europaskolan.se\/strangnas\/wp-content\/uploads\/sites\/2\/2019\/11\/ESS-My-3-533x300.jpg 533w, https:\/\/www.europaskolan.se\/strangnas\/wp-content\/uploads\/sites\/2\/2019\/11\/ESS-My-3-768x432.jpg 768w, https:\/\/www.europaskolan.se\/strangnas\/wp-content\/uploads\/sites\/2\/2019\/11\/ESS-My-3-1024x576.jpg 1024w, https:\/\/www.europaskolan.se\/strangnas\/wp-content\/uploads\/sites\/2\/2019\/11\/ESS-My-3-580x326.jpg 580w, https:\/\/www.europaskolan.se\/strangnas\/wp-content\/uploads\/sites\/2\/2019\/11\/ESS-My-3-174x98.jpg 174w\" sizes=\"(max-width: 4032px) 100vw, 4032px\" \/><\/p>\n<p><em>En av v\u00e5ra elever p\u00e5 Europaskolan Str\u00e4ngn\u00e4s \u00e4r nominerad till Lilla Augustpriset! Det \u00e4r My Danvind, 17 \u00e5r, som l\u00e4ser spetsprogrammet Modern Humanities. Med inspiration fr\u00e5n sitt samiska ursprung f\u00e5ngade hon juryns intresse. Vi \u00f6nskar My stort grattis och har \u00e4ven intervjuat henne om denna stora utm\u00e4rkelse.<\/em><\/p>\n<p><strong>Lilla Augustpriset \u00e4r Sveriges st\u00f6rsta litter\u00e4ra prist\u00e4vling f\u00f6r unga, <\/strong>mellan 16 och 20 \u00e5r. Priset har delats ut varje \u00e5r sedan 1994, d\u00e5 det instiftades av Svenska F\u00f6rl\u00e4ggaref\u00f6reningen. Med \u00e5ren har t\u00e4vlingen blivit en plantskola f\u00f6r nya f\u00f6rfattare, d\u00e4r det grundl\u00e4ggande syftet \u00e4r att \u00f6ka unga m\u00e4nniskors intresse f\u00f6r att l\u00e4sa och skriva.<\/p>\n<p><strong>I 2019 \u00e5rs t\u00e4vling har juryn nominerat sex f\u00f6rfattare<\/strong> <strong>som g\u00e5r vidare till final.<\/strong> Vinnaren utses sedan efter en omr\u00f6stning, d\u00e4r b\u00e5de juryns och allm\u00e4nhetens r\u00f6ster v\u00e4gs in. R\u00f6star g\u00f6r man p\u00e5 Lilla Augustprisets webbplats fram till och med den 18 november. Sedan koras vinnaren en vecka senare, vid den \u00e5rliga Augustgalan.<\/p>\n<p><strong>Till v\u00e5r stora gl\u00e4dje \u00e4r My Danvind p\u00e5 Europaskolan Str\u00e4ngn\u00e4s en av de nominerade till Lilla Augustpriset. <\/strong>Till Str\u00e4ngn\u00e4s flyttade hon f\u00f6rra \u00e5ret, och b\u00f6rjade d\u00e5 p\u00e5 Modern Humanities \u2013 en av skolans spetsutbildningar. I en intervju med Eskilstuna-Kuriren har hon ber\u00e4ttat att hon s\u00e5g en affisch om t\u00e4vlingen i skolan, och redan samma dag satte hon sig ned f\u00f6r att skriva sitt bidrag: en dikt. Dock var det utan n\u00e5gra speciella tankar om forts\u00e4ttningen, vilket innebar att nomineringen blev en stor \u00f6verraskning.<\/p>\n<p><strong>S\u00e5 h\u00e4r lyder juryns motivering till nomineringen av My Danvind:<\/strong><\/p>\n<p><em>\u201dVad kan en sj\u00f6 i mitten av ingenstans eller renens sp\u00e5r ber\u00e4tta? F\u00f6rfattaren har p\u00e5 ett skickligt s\u00e4tt l\u00e5tit det avskalade m\u00f6ta det m\u00e5lande, i funderingar \u00f6ver arvet och platsens betydelse. Texten lyfter lyrikens styrka: att med f\u00e5 ord skapa tydliga bilder.\u201d<\/em><\/p>\n<hr \/>\n<h3>Intervju med My Danvind:<\/h3>\n<p><strong>1. Stort grattis till nomineringen, My! Hur k\u00e4ndes det att f\u00e5 detta besked?<br \/>\n<\/strong>\u2013 Jag var oerh\u00f6rt f\u00f6rv\u00e5nad n\u00e4r jag fick reda p\u00e5 det. Egentligen hade jag inte ens t\u00e4nkt att jag hade en chans att bli nominerad, och n\u00e4r jag blev det var det en chock. Sj\u00e4lvklart blev jag \u00e4ven glad eftersom n\u00e5gon tyckte att min dikt var s\u00e5 pass bra.<\/p>\n<p><strong>2. Varifr\u00e5n fick du inspiration till din dikt?<\/strong><br \/>\n\u2013 Under sommaren var jag hos mina morf\u00f6r\u00e4ldrar och d\u00e4r bes\u00f6kte jag och min mamma en samisk offersten i n\u00e4rheten. Det blev v\u00e4ldigt m\u00e5nga intryck p\u00e5 en g\u00e5ng, med rensp\u00e5r p\u00e5 myren och tystnaden bredvid sj\u00f6n fanns det helt enkelt saker jag t\u00e4nkte att jag skulle kunna uttrycka med en dikt.<\/p>\n<p><strong>3. Hur v\u00e4cktes ditt intresse f\u00f6r att skriva?<br \/>\n<\/strong>\u2013 Sedan l\u00e5gstadiet har jag skrivit. P\u00e5 min f\u00f6rsta skola fick man best\u00e4mma sj\u00e4lv vad man ville g\u00f6ra, och jag valde ofta att skriva korta ber\u00e4ttelser. D\u00e4r fick jag i g\u00e5ng skrivandet, och m\u00e5nga i min omgivning tyckte \u00e4ven att det jag skrev var ganska bra, och d\u00e4rf\u00f6r fick jag en extra boost av att skriva.<\/p>\n<p><strong>4. Vilka slags texter skriver du mest \u2013 och vad handlar de om?<br \/>\n<\/strong>\u2013 Nuf\u00f6rtiden skriver jag mest dikter n\u00e4r jag f\u00e5r inspiration, men jag tycker mest om att skriva noveller.<\/p>\n<p><strong>5. Du g\u00e5r p\u00e5 Modern Humanities, en av Europaskolan Str\u00e4ngn\u00e4s spetsutbildningar. Hur kommer det sig att du valde denna utbildning?<br \/>\n<\/strong>\u2013 Jag flyttade till Str\u00e4ngn\u00e4s f\u00f6rra \u00e5ret och det blev v\u00e4ldigt l\u00e5ngt att pendla till Stockholm varje dag, s\u00e5 jag b\u00f6rjade leta efter program som fanns h\u00e4r. Jag hittade Modern Humanities, och det l\u00e4t intressant, s\u00e5 d\u00e4rf\u00f6r b\u00f6rjade jag h\u00e4r.<\/p>\n<p><strong>6. Om skulle vinna Lilla Augustpriset f\u00e5r du 15 000 kronor. Har du n\u00e5gra tankar om vad du skulle anv\u00e4nda vinsten till?<br \/>\n<\/strong>\u2013 Just nu v\u00e5gar jag inte ens t\u00e4nka p\u00e5 vad som skulle h\u00e4nda om jag skulle vinna. Det \u00e4r v\u00e4ldigt stort att ens kunna vara nominerad, och jag har egentligen inte hunnit processa att jag blev nominerad i det h\u00e4r l\u00e4get.<\/p>\n<p><strong>7. Vad skulle du vilja g\u00f6ra efter gymnasiet \u2013 och i framtiden?<br \/>\n<\/strong>\u2013 Efter gymnasiet vill jag forts\u00e4tta till universitet, vet inte exakt vad jag vill l\u00e4sa \u00e4n, men det f\u00e5r jag nog best\u00e4mma mig f\u00f6r snart. Efter det vill jag helst arbeta p\u00e5 heltid som f\u00f6rfattare, men det \u00e4r en dr\u00f6m som det antagligen kommer ta en stund att n\u00e5, s\u00e5 innan det vill jag arbeta inom n\u00e5gonting d\u00e4r litteratur eller spr\u00e5k spelar en stor roll.<\/p>\n<p><em>Tack s\u00e5 mycket f\u00f6r intervjun, My \u2013 och \u00e5terigen stort grattis till den fantastiska utm\u00e4rkelsen, \u00f6nskar vi p\u00e5 Europaskolan Str\u00e4ngn\u00e4s!<\/em><\/p>\n<p><a href=\"https:\/\/www.augustpriset.se\/forfaders-vordnad\" target=\"_blank\" rel=\"noopener noreferrer\">L\u00e4s My Danvinds dikt \u201dF\u00f6rf\u00e4ders v\u00f6rdnad\u201d h\u00e4r &gt;\u00a0<\/a><br \/>\n<a href=\"https:\/\/www.augustpriset.se\/lilla-augustpriset\" target=\"_blank\" rel=\"noopener noreferrer\">L\u00e4s mer om Lilla Augustpriset h\u00e4r &gt;<\/a><\/p>\n","protected":false},"excerpt":{"rendered":"<p>En av v\u00e5ra elever p\u00e5 Europaskolan Str\u00e4ngn\u00e4s \u00e4r nominerad till Lilla Augustpriset! Det \u00e4r My Danvind, 17 \u00e5r, som l\u00e4ser spetsprogrammet Modern Humanities. Med inspiration fr\u00e5n sitt samiska ursprung f\u00e5ngade hon juryns intresse. Vi \u00f6nskar My stort grattis och har \u00e4ven intervjuat henne om denna stora utm\u00e4rkelse. Lilla Augustpriset \u00e4r Sveriges st\u00f6rsta litter\u00e4ra prist\u00e4vling f\u00f6r [&hellip;]<\/p>\n","protected":false},"author":1,"featured_media":10706,"comment_status":"closed","ping_status":"closed","sticky":false,"template":"","format":"standard","meta":{"footnotes":""},"categories":[11],"tags":[],"class_list":["post-10703","post","type-post","status-publish","format-standard","has-post-thumbnail","hentry","category-utmarkelser-europaskolan-strangnas"],"blocksy_meta":[],"rttpg_featured_image_url":{"full":["https:\/\/www.europaskolan.se\/strangnas\/wp-content\/uploads\/sites\/2\/2019\/11\/ESS-My-1.jpg",1079,902,false],"landscape":["https:\/\/www.europaskolan.se\/strangnas\/wp-content\/uploads\/sites\/2\/2019\/11\/ESS-My-1.jpg",1079,902,false],"portraits":["https:\/\/www.europaskolan.se\/strangnas\/wp-content\/uploads\/sites\/2\/2019\/11\/ESS-My-1.jpg",1079,902,false],"thumbnail":["https:\/\/www.europaskolan.se\/strangnas\/wp-content\/uploads\/sites\/2\/2019\/11\/ESS-My-1-179x150.jpg",179,150,true],"medium":["https:\/\/www.europaskolan.se\/strangnas\/wp-content\/uploads\/sites\/2\/2019\/11\/ESS-My-1-359x300.jpg",359,300,true],"large":["https:\/\/www.europaskolan.se\/strangnas\/wp-content\/uploads\/sites\/2\/2019\/11\/ESS-My-1-1024x856.jpg",1024,856,true],"1536x1536":["https:\/\/www.europaskolan.se\/strangnas\/wp-content\/uploads\/sites\/2\/2019\/11\/ESS-My-1.jpg",1079,902,false],"2048x2048":["https:\/\/www.europaskolan.se\/strangnas\/wp-content\/uploads\/sites\/2\/2019\/11\/ESS-My-1.jpg",1079,902,false],"sow-carousel-default":["https:\/\/www.europaskolan.se\/strangnas\/wp-content\/uploads\/sites\/2\/2019\/11\/ESS-My-1.jpg",218,182,false]},"rttpg_author":{"display_name":"admin","author_link":"https:\/\/www.europaskolan.se\/strangnas\/author\/admin\/"},"rttpg_comment":0,"rttpg_category":"<a href=\"https:\/\/www.europaskolan.se\/strangnas\/category\/utmarkelser-europaskolan-strangnas\/\" rel=\"category tag\">Utm\u00e4rkelser \u2013 Europaskolan Str\u00e4ngn\u00e4s<\/a>","rttpg_excerpt":"En av v\u00e5ra elever p\u00e5 Europaskolan Str\u00e4ngn\u00e4s \u00e4r nominerad till Lilla Augustpriset! Det \u00e4r My Danvind, 17 \u00e5r, som l\u00e4ser spetsprogrammet Modern Humanities. Med inspiration fr\u00e5n sitt samiska ursprung f\u00e5ngade hon juryns intresse. Vi \u00f6nskar My stort grattis och har \u00e4ven intervjuat henne om denna stora utm\u00e4rkelse. Lilla Augustpriset \u00e4r Sveriges st\u00f6rsta litter\u00e4ra prist\u00e4vling f\u00f6r&hellip;","_links":{"self":[{"href":"https:\/\/www.europaskolan.se\/strangnas\/wp-json\/wp\/v2\/posts\/10703","targetHints":{"allow":["GET"]}}],"collection":[{"href":"https:\/\/www.europaskolan.se\/strangnas\/wp-json\/wp\/v2\/posts"}],"about":[{"href":"https:\/\/www.europaskolan.se\/strangnas\/wp-json\/wp\/v2\/types\/post"}],"author":[{"embeddable":true,"href":"https:\/\/www.europaskolan.se\/strangnas\/wp-json\/wp\/v2\/users\/1"}],"replies":[{"embeddable":true,"href":"https:\/\/www.europaskolan.se\/strangnas\/wp-json\/wp\/v2\/comments?post=10703"}],"version-history":[{"count":0,"href":"https:\/\/www.europaskolan.se\/strangnas\/wp-json\/wp\/v2\/posts\/10703\/revisions"}],"wp:featuredmedia":[{"embeddable":true,"href":"https:\/\/www.europaskolan.se\/strangnas\/wp-json\/wp\/v2\/media\/10706"}],"wp:attachment":[{"href":"https:\/\/www.europaskolan.se\/strangnas\/wp-json\/wp\/v2\/media?parent=10703"}],"wp:term":[{"taxonomy":"category","embeddable":true,"href":"https:\/\/www.europaskolan.se\/strangnas\/wp-json\/wp\/v2\/categories?post=10703"},{"taxonomy":"post_tag","embeddable":true,"href":"https:\/\/www.europaskolan.se\/strangnas\/wp-json\/wp\/v2\/tags?post=10703"}],"curies":[{"name":"wp","href":"https:\/\/api.w.org\/{rel}","templated":true}]}}