{"id":10659,"date":"2019-10-18T12:01:55","date_gmt":"2019-10-18T10:01:55","guid":{"rendered":"https:\/\/www.europaskolan.se\/strangnas\/?p=10659"},"modified":"2021-08-16T14:19:41","modified_gmt":"2021-08-16T12:19:41","slug":"spannande-bildningsdag-i-stockholm-for-europaskolan-strangnas","status":"publish","type":"post","link":"https:\/\/www.europaskolan.se\/strangnas\/spannande-bildningsdag-i-stockholm-for-europaskolan-strangnas\/","title":{"rendered":"Sp\u00e4nnande bildningsdag i Stockholm f\u00f6r Europaskolan Str\u00e4ngn\u00e4s"},"content":{"rendered":"<figure id=\"attachment_10670\" aria-describedby=\"caption-attachment-10670\" style=\"width: 834px\" class=\"wp-caption alignnone\"><img fetchpriority=\"high\" decoding=\"async\" class=\"size-full wp-image-10670\" src=\"https:\/\/www.europaskolan.se\/strangnas\/wp-content\/uploads\/sites\/2\/2019\/10\/ESS-Mod19-1-1.jpg\" alt=\"\" width=\"834\" height=\"532\" srcset=\"https:\/\/www.europaskolan.se\/strangnas\/wp-content\/uploads\/sites\/2\/2019\/10\/ESS-Mod19-1-1.jpg 834w, https:\/\/www.europaskolan.se\/strangnas\/wp-content\/uploads\/sites\/2\/2019\/10\/ESS-Mod19-1-1-200x128.jpg 200w, https:\/\/www.europaskolan.se\/strangnas\/wp-content\/uploads\/sites\/2\/2019\/10\/ESS-Mod19-1-1-470x300.jpg 470w, https:\/\/www.europaskolan.se\/strangnas\/wp-content\/uploads\/sites\/2\/2019\/10\/ESS-Mod19-1-1-768x490.jpg 768w\" sizes=\"(max-width: 834px) 100vw, 834px\" \/><figcaption id=\"caption-attachment-10670\" class=\"wp-caption-text\">Mod19 p\u00e5 medeltidsvandring i Gamla stan.<\/figcaption><\/figure>\n<p><em>Nu har vi haft \u00e5rets bildningsdag f\u00f6r Europaskolan Str\u00e4ngn\u00e4s, med m\u00e5nga intressanta studiebes\u00f6k. Inte mindre \u00e4n sex bussar for mot Stockholm, d\u00e4r bland annat bes\u00f6k p\u00e5 sp\u00e4nnande museer och tankev\u00e4ckande samtal stod p\u00e5 programmet. En mycket lyckad och givande dag! <\/em><\/p>\n<p><em><img decoding=\"async\" class=\"alignnone size-full wp-image-10661\" src=\"https:\/\/www.europaskolan.se\/strangnas\/wp-content\/uploads\/sites\/2\/2019\/10\/ESS_SCI18-1.jpg\" alt=\"\" width=\"1988\" height=\"1280\" srcset=\"https:\/\/www.europaskolan.se\/strangnas\/wp-content\/uploads\/sites\/2\/2019\/10\/ESS_SCI18-1.jpg 1988w, https:\/\/www.europaskolan.se\/strangnas\/wp-content\/uploads\/sites\/2\/2019\/10\/ESS_SCI18-1-200x129.jpg 200w, https:\/\/www.europaskolan.se\/strangnas\/wp-content\/uploads\/sites\/2\/2019\/10\/ESS_SCI18-1-466x300.jpg 466w, https:\/\/www.europaskolan.se\/strangnas\/wp-content\/uploads\/sites\/2\/2019\/10\/ESS_SCI18-1-768x494.jpg 768w, https:\/\/www.europaskolan.se\/strangnas\/wp-content\/uploads\/sites\/2\/2019\/10\/ESS_SCI18-1-1024x659.jpg 1024w\" sizes=\"(max-width: 1988px) 100vw, 1988px\" \/><\/em><\/p>\n<p><strong>Sci18 bes\u00f6kte det v\u00e4rldsledande forskningsinstitutet i matematik Mittag-Leffler.<\/strong> Vi fick en fantastiskt l\u00e4rorik och inspirerande visning av institutets bibliotekarie Mikael R\u00e5gstedt. F\u00f6rutom en levande beskrivning av den mycket intressanta historien om G\u00f6sta Mittag-Leffler och hur han etablerade sitt institut, fick vi en matematikhistorisk f\u00f6rel\u00e4sning ang\u00e5ende matematikens olika grenar och deras betydelse. Det hela avslutades med att vi fick bl\u00e4ddra i n\u00e5gra av matematikens viktigaste historiska verk, bland annat Fibonaccis &#8221;Liber de Abaco&#8221;, Euklides &#8221;Elementa&#8221; och Newtons &#8221;Principia Mathematica&#8221;.<\/p>\n<p><img decoding=\"async\" class=\"alignnone size-full wp-image-10664\" src=\"https:\/\/www.europaskolan.se\/strangnas\/wp-content\/uploads\/sites\/2\/2019\/10\/ESS_SCI18-4.jpg\" alt=\"\" width=\"1760\" height=\"912\" srcset=\"https:\/\/www.europaskolan.se\/strangnas\/wp-content\/uploads\/sites\/2\/2019\/10\/ESS_SCI18-4.jpg 1760w, https:\/\/www.europaskolan.se\/strangnas\/wp-content\/uploads\/sites\/2\/2019\/10\/ESS_SCI18-4-200x104.jpg 200w, https:\/\/www.europaskolan.se\/strangnas\/wp-content\/uploads\/sites\/2\/2019\/10\/ESS_SCI18-4-579x300.jpg 579w, https:\/\/www.europaskolan.se\/strangnas\/wp-content\/uploads\/sites\/2\/2019\/10\/ESS_SCI18-4-768x398.jpg 768w, https:\/\/www.europaskolan.se\/strangnas\/wp-content\/uploads\/sites\/2\/2019\/10\/ESS_SCI18-4-1024x531.jpg 1024w\" sizes=\"(max-width: 1760px) 100vw, 1760px\" \/><\/p>\n<p><img loading=\"lazy\" decoding=\"async\" class=\"alignnone size-full wp-image-10662\" src=\"https:\/\/www.europaskolan.se\/strangnas\/wp-content\/uploads\/sites\/2\/2019\/10\/ESS_SCI18-3.jpg\" alt=\"\" width=\"1134\" height=\"645\" srcset=\"https:\/\/www.europaskolan.se\/strangnas\/wp-content\/uploads\/sites\/2\/2019\/10\/ESS_SCI18-3.jpg 1134w, https:\/\/www.europaskolan.se\/strangnas\/wp-content\/uploads\/sites\/2\/2019\/10\/ESS_SCI18-3-200x114.jpg 200w, https:\/\/www.europaskolan.se\/strangnas\/wp-content\/uploads\/sites\/2\/2019\/10\/ESS_SCI18-3-527x300.jpg 527w, https:\/\/www.europaskolan.se\/strangnas\/wp-content\/uploads\/sites\/2\/2019\/10\/ESS_SCI18-3-768x437.jpg 768w, https:\/\/www.europaskolan.se\/strangnas\/wp-content\/uploads\/sites\/2\/2019\/10\/ESS_SCI18-3-1024x582.jpg 1024w, https:\/\/www.europaskolan.se\/strangnas\/wp-content\/uploads\/sites\/2\/2019\/10\/ESS_SCI18-3-174x98.jpg 174w\" sizes=\"(max-width: 1134px) 100vw, 1134px\" \/><\/p>\n<p><strong>Mod18 gjorde ett bes\u00f6k p\u00e5 Nationalmuseum,<\/strong> ett utm\u00e4rkt tillf\u00e4lle f\u00f6r bildning. De fick sedan st\u00e4lla fr\u00e5gor till en \u00f6verlevare fr\u00e5n f\u00f6rintelsen (med hj\u00e4lp av AI-teknik) p\u00e5 Historiska museet. En mycket intressant och annorlunda upplevelse!<\/p>\n<p><img loading=\"lazy\" decoding=\"async\" class=\"alignnone size-full wp-image-10665\" src=\"https:\/\/www.europaskolan.se\/strangnas\/wp-content\/uploads\/sites\/2\/2019\/10\/ESS-Mod18-1.jpg\" alt=\"\" width=\"1440\" height=\"1008\" srcset=\"https:\/\/www.europaskolan.se\/strangnas\/wp-content\/uploads\/sites\/2\/2019\/10\/ESS-Mod18-1.jpg 1440w, https:\/\/www.europaskolan.se\/strangnas\/wp-content\/uploads\/sites\/2\/2019\/10\/ESS-Mod18-1-200x140.jpg 200w, https:\/\/www.europaskolan.se\/strangnas\/wp-content\/uploads\/sites\/2\/2019\/10\/ESS-Mod18-1-429x300.jpg 429w, https:\/\/www.europaskolan.se\/strangnas\/wp-content\/uploads\/sites\/2\/2019\/10\/ESS-Mod18-1-768x538.jpg 768w, https:\/\/www.europaskolan.se\/strangnas\/wp-content\/uploads\/sites\/2\/2019\/10\/ESS-Mod18-1-1024x717.jpg 1024w\" sizes=\"(max-width: 1440px) 100vw, 1440px\" \/><\/p>\n<p><img loading=\"lazy\" decoding=\"async\" class=\"alignnone size-full wp-image-10673\" src=\"https:\/\/www.europaskolan.se\/strangnas\/wp-content\/uploads\/sites\/2\/2019\/10\/ESS-Mod18-2.jpg\" alt=\"\" width=\"1386\" height=\"990\" srcset=\"https:\/\/www.europaskolan.se\/strangnas\/wp-content\/uploads\/sites\/2\/2019\/10\/ESS-Mod18-2.jpg 1386w, https:\/\/www.europaskolan.se\/strangnas\/wp-content\/uploads\/sites\/2\/2019\/10\/ESS-Mod18-2-200x143.jpg 200w, https:\/\/www.europaskolan.se\/strangnas\/wp-content\/uploads\/sites\/2\/2019\/10\/ESS-Mod18-2-420x300.jpg 420w, https:\/\/www.europaskolan.se\/strangnas\/wp-content\/uploads\/sites\/2\/2019\/10\/ESS-Mod18-2-768x549.jpg 768w, https:\/\/www.europaskolan.se\/strangnas\/wp-content\/uploads\/sites\/2\/2019\/10\/ESS-Mod18-2-1024x731.jpg 1024w\" sizes=\"(max-width: 1386px) 100vw, 1386px\" \/><\/p>\n<p><strong>F\u00d619 bes\u00f6kte Sveriges Television<\/strong> och fick ett k\u00e4rt \u00e5terseende med Bolibompadraken.<\/p>\n<p>Aktuellts programledare Katia Elliot visade oss runt och ber\u00e4ttade om hur en s\u00e4ndning g\u00e5r till. Hon tog ocks\u00e5 upp vikten av att SVT \u00e4r oberoende och sakliga. Klassen bes\u00f6kte \u00e4ven Medeltidsmuseet, f\u00f6r att l\u00e4ra sig mer om hur Stockholm byggdes upp av Birger Jarl, om livet p\u00e5 1200-talet, mat, yrken och juridik<\/p>\n<p><img loading=\"lazy\" decoding=\"async\" class=\"alignnone size-full wp-image-10667\" src=\"https:\/\/www.europaskolan.se\/strangnas\/wp-content\/uploads\/sites\/2\/2019\/10\/ESS_Fo19-1.jpg\" alt=\"\" width=\"770\" height=\"637\" srcset=\"https:\/\/www.europaskolan.se\/strangnas\/wp-content\/uploads\/sites\/2\/2019\/10\/ESS_Fo19-1.jpg 770w, https:\/\/www.europaskolan.se\/strangnas\/wp-content\/uploads\/sites\/2\/2019\/10\/ESS_Fo19-1-181x150.jpg 181w, https:\/\/www.europaskolan.se\/strangnas\/wp-content\/uploads\/sites\/2\/2019\/10\/ESS_Fo19-1-363x300.jpg 363w, https:\/\/www.europaskolan.se\/strangnas\/wp-content\/uploads\/sites\/2\/2019\/10\/ESS_Fo19-1-768x635.jpg 768w\" sizes=\"(max-width: 770px) 100vw, 770px\" \/><\/p>\n<p><strong>F\u00f6r KF19 blev det bes\u00f6k p\u00e5 tv\u00e5 museer.<\/strong> F\u00f6rst Nationalmuseum d\u00e4r vi s\u00e5g utst\u00e4llningen \u201d1989 \u2013 kultur och politik\u201d. Kanske var det Europas lyckligaste \u00e5r, d\u00e5 Berlinmuren f\u00f6ll och blev den symboliska finalen f\u00f6r den politiska v\u00e4rldsordning som r\u00e5tt sedan andra v\u00e4rldskriget. Sedan bes\u00f6kte vi Moderna museet med f\u00f6rdjupning i n\u00e5gra av museets permanenta samlingar.<\/p>\n<p><img loading=\"lazy\" decoding=\"async\" class=\"alignnone size-full wp-image-10671\" src=\"https:\/\/www.europaskolan.se\/strangnas\/wp-content\/uploads\/sites\/2\/2019\/10\/ESS_Kf19-1.jpg\" alt=\"\" width=\"750\" height=\"562\" srcset=\"https:\/\/www.europaskolan.se\/strangnas\/wp-content\/uploads\/sites\/2\/2019\/10\/ESS_Kf19-1.jpg 750w, https:\/\/www.europaskolan.se\/strangnas\/wp-content\/uploads\/sites\/2\/2019\/10\/ESS_Kf19-1-200x150.jpg 200w, https:\/\/www.europaskolan.se\/strangnas\/wp-content\/uploads\/sites\/2\/2019\/10\/ESS_Kf19-1-400x300.jpg 400w, https:\/\/www.europaskolan.se\/strangnas\/wp-content\/uploads\/sites\/2\/2019\/10\/ESS_Kf19-1-174x131.jpg 174w, https:\/\/www.europaskolan.se\/strangnas\/wp-content\/uploads\/sites\/2\/2019\/10\/ESS_Kf19-1-300x225.jpg 300w, https:\/\/www.europaskolan.se\/strangnas\/wp-content\/uploads\/sites\/2\/2019\/10\/ESS_Kf19-1-70x53.jpg 70w\" sizes=\"(max-width: 750px) 100vw, 750px\" \/><\/p>\n<p><strong>Mod19 fick p\u00e5 f\u00f6rmiddagen g\u00e5 en medeltidsvandring i Gamla stan, <\/strong>under professionell guidning av personal fr\u00e5n Medeltidsmuseet. I Gamla stans gr\u00e4nder, bland kullerstenar och p\u00e5 husfasader gavs bilder och ber\u00e4ttelser hur Stockholm fungerande under medeltiden. Guidningen gav oss stort och sm\u00e5tt, levnadsskildringar fr\u00e5n s\u00e5v\u00e4l rika som fattiga vilket resulterade i en mycket givande f\u00f6rmiddag. Efter lunch v\u00e4ntade en workshop p\u00e5 Forum f\u00f6r Levande Historia d\u00e4r <em>Yttrandefrihetens gr\u00e4nser<\/em> behandlades. En mycket inspirerande pedagog v\u00e4gledde oss och gav klassen viktiga fr\u00e5gest\u00e4llningar att ta med sig. Eftermiddagen varvades med grupparbeten, diskussioner i sm\u00e5grupper s\u00e5v\u00e4l som helklass samt en VR-film fr\u00e5n den nynazistiska demonstrationen i Ludvika 2018 som bland annat bevittnades av f\u00f6rintelse\u00f6verlevaren H\u00e9di Fried. Uppl\u00e4gget gav upphov till intressanta och levande diskussioner om ett dagsaktuellt och viktigt \u00e4mne.<\/p>\n<p><img loading=\"lazy\" decoding=\"async\" class=\"alignnone size-full wp-image-10668\" src=\"https:\/\/www.europaskolan.se\/strangnas\/wp-content\/uploads\/sites\/2\/2019\/10\/ESS-Mod19-2.jpg\" alt=\"\" width=\"934\" height=\"508\" srcset=\"https:\/\/www.europaskolan.se\/strangnas\/wp-content\/uploads\/sites\/2\/2019\/10\/ESS-Mod19-2.jpg 934w, https:\/\/www.europaskolan.se\/strangnas\/wp-content\/uploads\/sites\/2\/2019\/10\/ESS-Mod19-2-200x109.jpg 200w, https:\/\/www.europaskolan.se\/strangnas\/wp-content\/uploads\/sites\/2\/2019\/10\/ESS-Mod19-2-552x300.jpg 552w, https:\/\/www.europaskolan.se\/strangnas\/wp-content\/uploads\/sites\/2\/2019\/10\/ESS-Mod19-2-768x418.jpg 768w\" sizes=\"(max-width: 934px) 100vw, 934px\" \/><\/p>\n<p><strong>Sammanfattningsvis var det med en hel del nyvunnen kunskap och vidgade vyer<\/strong> som bel\u00e5tna elever satte sig p\u00e5 bussen tillbaka till Str\u00e4ngn\u00e4s efter en heldag i huvudstaden.<\/p>\n<p><em>Tack alla f\u00f6r en mycket intressant bildningsdag!<\/em><\/p>\n","protected":false},"excerpt":{"rendered":"<p>Nu har vi haft \u00e5rets bildningsdag f\u00f6r Europaskolan Str\u00e4ngn\u00e4s, med m\u00e5nga intressanta studiebes\u00f6k. Inte mindre \u00e4n sex bussar for mot Stockholm, d\u00e4r bland annat bes\u00f6k p\u00e5 sp\u00e4nnande museer och tankev\u00e4ckande samtal stod p\u00e5 programmet. En mycket lyckad och givande dag! Sci18 bes\u00f6kte det v\u00e4rldsledande forskningsinstitutet i matematik Mittag-Leffler. Vi fick en fantastiskt l\u00e4rorik och inspirerande [&hellip;]<\/p>\n","protected":false},"author":1,"featured_media":10666,"comment_status":"closed","ping_status":"closed","sticky":false,"template":"","format":"standard","meta":{"footnotes":""},"categories":[3,44],"tags":[],"class_list":["post-10659","post","type-post","status-publish","format-standard","has-post-thumbnail","hentry","category-aktuellt-europaskolan-strangnas","category-europaskolan-strangnas-i-bilder"],"blocksy_meta":[],"rttpg_featured_image_url":{"full":["https:\/\/www.europaskolan.se\/strangnas\/wp-content\/uploads\/sites\/2\/2019\/10\/ESS_Fo19-2.jpg",912,611,false],"landscape":["https:\/\/www.europaskolan.se\/strangnas\/wp-content\/uploads\/sites\/2\/2019\/10\/ESS_Fo19-2.jpg",912,611,false],"portraits":["https:\/\/www.europaskolan.se\/strangnas\/wp-content\/uploads\/sites\/2\/2019\/10\/ESS_Fo19-2.jpg",912,611,false],"thumbnail":["https:\/\/www.europaskolan.se\/strangnas\/wp-content\/uploads\/sites\/2\/2019\/10\/ESS_Fo19-2-200x134.jpg",200,134,true],"medium":["https:\/\/www.europaskolan.se\/strangnas\/wp-content\/uploads\/sites\/2\/2019\/10\/ESS_Fo19-2-448x300.jpg",448,300,true],"large":["https:\/\/www.europaskolan.se\/strangnas\/wp-content\/uploads\/sites\/2\/2019\/10\/ESS_Fo19-2.jpg",912,611,false],"1536x1536":["https:\/\/www.europaskolan.se\/strangnas\/wp-content\/uploads\/sites\/2\/2019\/10\/ESS_Fo19-2.jpg",912,611,false],"2048x2048":["https:\/\/www.europaskolan.se\/strangnas\/wp-content\/uploads\/sites\/2\/2019\/10\/ESS_Fo19-2.jpg",912,611,false],"sow-carousel-default":["https:\/\/www.europaskolan.se\/strangnas\/wp-content\/uploads\/sites\/2\/2019\/10\/ESS_Fo19-2.jpg",272,182,false]},"rttpg_author":{"display_name":"admin","author_link":"https:\/\/www.europaskolan.se\/strangnas\/author\/admin\/"},"rttpg_comment":0,"rttpg_category":"<a href=\"https:\/\/www.europaskolan.se\/strangnas\/category\/aktuellt-europaskolan-strangnas\/\" rel=\"category tag\">Aktuellt \u2013 Europaskolan Str\u00e4ngn\u00e4s<\/a> <a href=\"https:\/\/www.europaskolan.se\/strangnas\/category\/europaskolan-strangnas-i-bilder\/\" rel=\"category tag\">Europaskolan Str\u00e4ngn\u00e4s i bilder<\/a>","rttpg_excerpt":"Nu har vi haft \u00e5rets bildningsdag f\u00f6r Europaskolan Str\u00e4ngn\u00e4s, med m\u00e5nga intressanta studiebes\u00f6k. Inte mindre \u00e4n sex bussar for mot Stockholm, d\u00e4r bland annat bes\u00f6k p\u00e5 sp\u00e4nnande museer och tankev\u00e4ckande samtal stod p\u00e5 programmet. En mycket lyckad och givande dag! Sci18 bes\u00f6kte det v\u00e4rldsledande forskningsinstitutet i matematik Mittag-Leffler. Vi fick en fantastiskt l\u00e4rorik och inspirerande&hellip;","_links":{"self":[{"href":"https:\/\/www.europaskolan.se\/strangnas\/wp-json\/wp\/v2\/posts\/10659","targetHints":{"allow":["GET"]}}],"collection":[{"href":"https:\/\/www.europaskolan.se\/strangnas\/wp-json\/wp\/v2\/posts"}],"about":[{"href":"https:\/\/www.europaskolan.se\/strangnas\/wp-json\/wp\/v2\/types\/post"}],"author":[{"embeddable":true,"href":"https:\/\/www.europaskolan.se\/strangnas\/wp-json\/wp\/v2\/users\/1"}],"replies":[{"embeddable":true,"href":"https:\/\/www.europaskolan.se\/strangnas\/wp-json\/wp\/v2\/comments?post=10659"}],"version-history":[{"count":0,"href":"https:\/\/www.europaskolan.se\/strangnas\/wp-json\/wp\/v2\/posts\/10659\/revisions"}],"wp:featuredmedia":[{"embeddable":true,"href":"https:\/\/www.europaskolan.se\/strangnas\/wp-json\/wp\/v2\/media\/10666"}],"wp:attachment":[{"href":"https:\/\/www.europaskolan.se\/strangnas\/wp-json\/wp\/v2\/media?parent=10659"}],"wp:term":[{"taxonomy":"category","embeddable":true,"href":"https:\/\/www.europaskolan.se\/strangnas\/wp-json\/wp\/v2\/categories?post=10659"},{"taxonomy":"post_tag","embeddable":true,"href":"https:\/\/www.europaskolan.se\/strangnas\/wp-json\/wp\/v2\/tags?post=10659"}],"curies":[{"name":"wp","href":"https:\/\/api.w.org\/{rel}","templated":true}]}}