{"id":10653,"date":"2019-10-11T19:02:48","date_gmt":"2019-10-11T17:02:48","guid":{"rendered":"https:\/\/www.europaskolan.se\/strangnas\/?p=10653"},"modified":"2019-10-11T19:04:08","modified_gmt":"2019-10-11T17:04:08","slug":"lovisa-och-georg-fran-europaskolan-strangnas-vann-fysiktavlingen-manadens-problem","status":"publish","type":"post","link":"https:\/\/www.europaskolan.se\/strangnas\/lovisa-och-georg-fran-europaskolan-strangnas-vann-fysiktavlingen-manadens-problem\/","title":{"rendered":"Lovisa och Georg fr\u00e5n Europaskolan Str\u00e4ngn\u00e4s vann fysikt\u00e4vlingen M\u00e5nadens problem"},"content":{"rendered":"<p><img fetchpriority=\"high\" decoding=\"async\" class=\"alignnone size-full wp-image-10654\" src=\"https:\/\/www.europaskolan.se\/strangnas\/wp-content\/uploads\/sites\/2\/2019\/10\/ESS-Manadens-problem.jpg\" alt=\"\" width=\"702\" height=\"792\" srcset=\"https:\/\/www.europaskolan.se\/strangnas\/wp-content\/uploads\/sites\/2\/2019\/10\/ESS-Manadens-problem.jpg 702w, https:\/\/www.europaskolan.se\/strangnas\/wp-content\/uploads\/sites\/2\/2019\/10\/ESS-Manadens-problem-133x150.jpg 133w, https:\/\/www.europaskolan.se\/strangnas\/wp-content\/uploads\/sites\/2\/2019\/10\/ESS-Manadens-problem-266x300.jpg 266w\" sizes=\"(max-width: 702px) 100vw, 702px\" \/><\/p>\n<p><em>I dag gratulerar vi Georg Persson och Lovisa Strange i v\u00e5r naturvetenskapliga spetstrea Science 17. De l\u00f6ste n\u00e4mligen september m\u00e5nads &#8221;M\u00e5nadens problem&#8221;, en t\u00e4vling hos Svenska Fysikersamfundet. <\/em><\/p>\n<p><strong>Svenska Fysikersamfundet f\u00f6rfattar varje m\u00e5nad ett fysikproblem <\/strong>som landets gymnasister uppmanas att l\u00f6sa. Syftet f\u00f6r denna ideella f\u00f6rening \u00e4r bland annat att sprida information om fysik och fysikutbildning och stimulera intresse f\u00f6r naturvetenskap.<\/p>\n<p><strong>Vinnarna i september m\u00e5nad 2019 blev Georg Persson och Lovisa Strange,<\/strong> som l\u00e4ser spetsprogrammet Science p\u00e5 Europaskolan Str\u00e4ngn\u00e4s. De l\u00f6ste problemet som en del i kursen fysik specialisering, som de l\u00e4ser som spetstillval i \u00e5rskurs 3. Nu kan de se fram emot varsin filmkv\u00e4ll i h\u00f6st, d\u00e5 priset best\u00e5r av biobiljetter.<\/p>\n<p><strong>Detta \u00e4r tredje \u00e5ret i rad som elever p\u00e5 Europaskolan Str\u00e4ngn\u00e4s vinner<\/strong> n\u00e5gon m\u00e5nad i fysikt\u00e4vlingen M\u00e5nadens problem.<\/p>\n<p><strong>Extra stolt \u00e4r f\u00f6rst\u00e5s elevernas l\u00e4rare Erik Waltersson,<\/strong> som uppmanar fler att f\u00f6rs\u00f6ka l\u00f6sa problemet som Lovisa och Georg klarade med full pott. Vilka g\u00f6r det, m\u00e5nntro? Pr\u00f6va sj\u00e4lv, via l\u00e4nken nedan.<\/p>\n<p><em>Stort grattis till er b\u00e5da, Lovisa och Georg! <\/em><\/p>\n<p><a href=\"http:\/\/www.fysikersamfundet.se\/manadens-problem\/\" target=\"_blank\" rel=\"noopener noreferrer\">H\u00e4r \u00e4r M\u00e5nadens problem f\u00f6r september 2019 &gt;<\/a><\/p>\n","protected":false},"excerpt":{"rendered":"<p>I dag gratulerar vi Georg Persson och Lovisa Strange i v\u00e5r naturvetenskapliga spetstrea Science 17. De l\u00f6ste n\u00e4mligen september m\u00e5nads &#8221;M\u00e5nadens problem&#8221;, en t\u00e4vling hos Svenska Fysikersamfundet. Svenska Fysikersamfundet f\u00f6rfattar varje m\u00e5nad ett fysikproblem som landets gymnasister uppmanas att l\u00f6sa. Syftet f\u00f6r denna ideella f\u00f6rening \u00e4r bland annat att sprida information om fysik och fysikutbildning [&hellip;]<\/p>\n","protected":false},"author":1,"featured_media":10656,"comment_status":"closed","ping_status":"closed","sticky":false,"template":"","format":"standard","meta":{"footnotes":""},"categories":[11],"tags":[],"class_list":["post-10653","post","type-post","status-publish","format-standard","has-post-thumbnail","hentry","category-utmarkelser-europaskolan-strangnas"],"blocksy_meta":[],"rttpg_featured_image_url":{"full":["https:\/\/www.europaskolan.se\/strangnas\/wp-content\/uploads\/sites\/2\/2019\/10\/ESS-Manadens-problem2.jpg",702,711,false],"landscape":["https:\/\/www.europaskolan.se\/strangnas\/wp-content\/uploads\/sites\/2\/2019\/10\/ESS-Manadens-problem2.jpg",702,711,false],"portraits":["https:\/\/www.europaskolan.se\/strangnas\/wp-content\/uploads\/sites\/2\/2019\/10\/ESS-Manadens-problem2.jpg",702,711,false],"thumbnail":["https:\/\/www.europaskolan.se\/strangnas\/wp-content\/uploads\/sites\/2\/2019\/10\/ESS-Manadens-problem2-148x150.jpg",148,150,true],"medium":["https:\/\/www.europaskolan.se\/strangnas\/wp-content\/uploads\/sites\/2\/2019\/10\/ESS-Manadens-problem2-296x300.jpg",296,300,true],"large":["https:\/\/www.europaskolan.se\/strangnas\/wp-content\/uploads\/sites\/2\/2019\/10\/ESS-Manadens-problem2.jpg",702,711,false],"1536x1536":["https:\/\/www.europaskolan.se\/strangnas\/wp-content\/uploads\/sites\/2\/2019\/10\/ESS-Manadens-problem2.jpg",702,711,false],"2048x2048":["https:\/\/www.europaskolan.se\/strangnas\/wp-content\/uploads\/sites\/2\/2019\/10\/ESS-Manadens-problem2.jpg",702,711,false],"sow-carousel-default":["https:\/\/www.europaskolan.se\/strangnas\/wp-content\/uploads\/sites\/2\/2019\/10\/ESS-Manadens-problem2.jpg",180,182,false]},"rttpg_author":{"display_name":"admin","author_link":"https:\/\/www.europaskolan.se\/strangnas\/author\/admin\/"},"rttpg_comment":0,"rttpg_category":"<a href=\"https:\/\/www.europaskolan.se\/strangnas\/category\/utmarkelser-europaskolan-strangnas\/\" rel=\"category tag\">Utm\u00e4rkelser \u2013 Europaskolan Str\u00e4ngn\u00e4s<\/a>","rttpg_excerpt":"I dag gratulerar vi Georg Persson och Lovisa Strange i v\u00e5r naturvetenskapliga spetstrea Science 17. De l\u00f6ste n\u00e4mligen september m\u00e5nads &#8221;M\u00e5nadens problem&#8221;, en t\u00e4vling hos Svenska Fysikersamfundet. Svenska Fysikersamfundet f\u00f6rfattar varje m\u00e5nad ett fysikproblem som landets gymnasister uppmanas att l\u00f6sa. Syftet f\u00f6r denna ideella f\u00f6rening \u00e4r bland annat att sprida information om fysik och fysikutbildning&hellip;","_links":{"self":[{"href":"https:\/\/www.europaskolan.se\/strangnas\/wp-json\/wp\/v2\/posts\/10653","targetHints":{"allow":["GET"]}}],"collection":[{"href":"https:\/\/www.europaskolan.se\/strangnas\/wp-json\/wp\/v2\/posts"}],"about":[{"href":"https:\/\/www.europaskolan.se\/strangnas\/wp-json\/wp\/v2\/types\/post"}],"author":[{"embeddable":true,"href":"https:\/\/www.europaskolan.se\/strangnas\/wp-json\/wp\/v2\/users\/1"}],"replies":[{"embeddable":true,"href":"https:\/\/www.europaskolan.se\/strangnas\/wp-json\/wp\/v2\/comments?post=10653"}],"version-history":[{"count":0,"href":"https:\/\/www.europaskolan.se\/strangnas\/wp-json\/wp\/v2\/posts\/10653\/revisions"}],"wp:featuredmedia":[{"embeddable":true,"href":"https:\/\/www.europaskolan.se\/strangnas\/wp-json\/wp\/v2\/media\/10656"}],"wp:attachment":[{"href":"https:\/\/www.europaskolan.se\/strangnas\/wp-json\/wp\/v2\/media?parent=10653"}],"wp:term":[{"taxonomy":"category","embeddable":true,"href":"https:\/\/www.europaskolan.se\/strangnas\/wp-json\/wp\/v2\/categories?post=10653"},{"taxonomy":"post_tag","embeddable":true,"href":"https:\/\/www.europaskolan.se\/strangnas\/wp-json\/wp\/v2\/tags?post=10653"}],"curies":[{"name":"wp","href":"https:\/\/api.w.org\/{rel}","templated":true}]}}