{"id":10519,"date":"2019-08-19T17:32:45","date_gmt":"2019-08-19T15:32:45","guid":{"rendered":"https:\/\/www.europaskolan.se\/strangnas\/?p=10519"},"modified":"2021-08-16T14:21:34","modified_gmt":"2021-08-16T12:21:34","slug":"skolstart-pa-europaskolan-strangnas-med-insparksvecka-och-sjofest","status":"publish","type":"post","link":"https:\/\/www.europaskolan.se\/strangnas\/skolstart-pa-europaskolan-strangnas-med-insparksvecka-och-sjofest\/","title":{"rendered":"Uppstartsvecka med sj\u00f6fest p\u00e5 Europaskolan Str\u00e4ngn\u00e4s"},"content":{"rendered":"<p><img fetchpriority=\"high\" decoding=\"async\" class=\"alignnone size-full wp-image-10523\" src=\"https:\/\/www.europaskolan.se\/strangnas\/wp-content\/uploads\/sites\/2\/2019\/08\/ESS-Skolstart4.jpg\" alt=\"\" width=\"960\" height=\"836\" srcset=\"https:\/\/www.europaskolan.se\/strangnas\/wp-content\/uploads\/sites\/2\/2019\/08\/ESS-Skolstart4.jpg 960w, https:\/\/www.europaskolan.se\/strangnas\/wp-content\/uploads\/sites\/2\/2019\/08\/ESS-Skolstart4-172x150.jpg 172w, https:\/\/www.europaskolan.se\/strangnas\/wp-content\/uploads\/sites\/2\/2019\/08\/ESS-Skolstart4-344x300.jpg 344w, https:\/\/www.europaskolan.se\/strangnas\/wp-content\/uploads\/sites\/2\/2019\/08\/ESS-Skolstart4-768x669.jpg 768w\" sizes=\"(max-width: 960px) 100vw, 960px\" \/><\/p>\n<p><em>Nu \u00e4r vi i g\u00e5ng med h\u00f6stterminen p\u00e5 Europaskolan Str\u00e4ngn\u00e4s efter en fantastisk uppstartsvecka. Kluriga och roliga \u00f6vningar v\u00e4ntade v\u00e5ra nya gymnasister, alltmedan de l\u00e4rde k\u00e4nna varandra. Veckan avslutades sedan med den legendariska Sj\u00f6festen, som i \u00e5r bj\u00f6d p\u00e5 nya inslag.<\/em><\/p>\n<p><strong>M\u00e5ndagen den 12 augusti var det dags f\u00f6r skolstart p\u00e5 Europaskolan Str\u00e4ngn\u00e4s.<\/strong> D\u00e5 samlades 168 nya elever som skulle b\u00f6rja hos oss. Lite nervositet kunde anas men det \u00e4r inte konstigt. Att g\u00e5 fr\u00e5n h\u00f6gstadiet till gymnasiet \u00e4r ju ett stort steg i livet!<\/p>\n<p><img decoding=\"async\" class=\"alignnone size-full wp-image-10525\" src=\"https:\/\/www.europaskolan.se\/strangnas\/wp-content\/uploads\/sites\/2\/2019\/08\/ESS-Skolstart2.jpg\" alt=\"\" width=\"1680\" height=\"977\" srcset=\"https:\/\/www.europaskolan.se\/strangnas\/wp-content\/uploads\/sites\/2\/2019\/08\/ESS-Skolstart2.jpg 1680w, https:\/\/www.europaskolan.se\/strangnas\/wp-content\/uploads\/sites\/2\/2019\/08\/ESS-Skolstart2-200x116.jpg 200w, https:\/\/www.europaskolan.se\/strangnas\/wp-content\/uploads\/sites\/2\/2019\/08\/ESS-Skolstart2-516x300.jpg 516w, https:\/\/www.europaskolan.se\/strangnas\/wp-content\/uploads\/sites\/2\/2019\/08\/ESS-Skolstart2-768x447.jpg 768w, https:\/\/www.europaskolan.se\/strangnas\/wp-content\/uploads\/sites\/2\/2019\/08\/ESS-Skolstart2-1024x596.jpg 1024w\" sizes=\"(max-width: 1680px) 100vw, 1680px\" \/><\/p>\n<p><strong>Uppstartsveckan drog sedan i g\u00e5ng med start i Dj\u00e4knehallen,<\/strong> skolans aula. H\u00e4r h\u00e4lsade rektor Thomas Axelsson v\u00e4lkommen, innan alla fick ta del av grundl\u00e4ggande information fr\u00e5n skolledningen. Dessutom fick eleverna m\u00e5nga bra tips p\u00e5 hur man b\u00f6r planera sin tid p\u00e5 gymnasiet f\u00f6r att b\u00e5de n\u00e5 m\u00e5len och samtidigt ha roligt! N\u00e4r skolans l\u00e4rare hade presenterat sig f\u00f6ljde alla med sina mentorer f\u00f6r att forts\u00e4tta inledningen i respektive klassrum.<\/p>\n<p><img decoding=\"async\" class=\"alignnone size-full wp-image-10528\" src=\"https:\/\/www.europaskolan.se\/strangnas\/wp-content\/uploads\/sites\/2\/2019\/08\/ESS-Skolstart5.jpg\" alt=\"\" width=\"1680\" height=\"1120\" srcset=\"https:\/\/www.europaskolan.se\/strangnas\/wp-content\/uploads\/sites\/2\/2019\/08\/ESS-Skolstart5.jpg 1680w, https:\/\/www.europaskolan.se\/strangnas\/wp-content\/uploads\/sites\/2\/2019\/08\/ESS-Skolstart5-200x133.jpg 200w, https:\/\/www.europaskolan.se\/strangnas\/wp-content\/uploads\/sites\/2\/2019\/08\/ESS-Skolstart5-450x300.jpg 450w, https:\/\/www.europaskolan.se\/strangnas\/wp-content\/uploads\/sites\/2\/2019\/08\/ESS-Skolstart5-768x512.jpg 768w, https:\/\/www.europaskolan.se\/strangnas\/wp-content\/uploads\/sites\/2\/2019\/08\/ESS-Skolstart5-1024x683.jpg 1024w\" sizes=\"(max-width: 1680px) 100vw, 1680px\" \/><\/p>\n<p><strong>S\u00e5 f\u00f6ljde terminens f\u00f6rsta lunch, med hemlagad och delikat mat. <\/strong>Flera passade ocks\u00e5 p\u00e5 att bes\u00f6ka \u00c5ngb\u00e5tsbron, som kanske \u00e4r Sveriges vackraste skolg\u00e5rd. H\u00e4r serveras ocks\u00e5 frukost varje morgon i skolans caf\u00e9.<\/p>\n<p><img loading=\"lazy\" decoding=\"async\" class=\"alignnone size-full wp-image-10527\" src=\"https:\/\/www.europaskolan.se\/strangnas\/wp-content\/uploads\/sites\/2\/2019\/08\/ESS-Skolstart6.jpg\" alt=\"\" width=\"2048\" height=\"1564\" srcset=\"https:\/\/www.europaskolan.se\/strangnas\/wp-content\/uploads\/sites\/2\/2019\/08\/ESS-Skolstart6.jpg 2048w, https:\/\/www.europaskolan.se\/strangnas\/wp-content\/uploads\/sites\/2\/2019\/08\/ESS-Skolstart6-196x150.jpg 196w, https:\/\/www.europaskolan.se\/strangnas\/wp-content\/uploads\/sites\/2\/2019\/08\/ESS-Skolstart6-393x300.jpg 393w, https:\/\/www.europaskolan.se\/strangnas\/wp-content\/uploads\/sites\/2\/2019\/08\/ESS-Skolstart6-768x587.jpg 768w, https:\/\/www.europaskolan.se\/strangnas\/wp-content\/uploads\/sites\/2\/2019\/08\/ESS-Skolstart6-1024x782.jpg 1024w, https:\/\/www.europaskolan.se\/strangnas\/wp-content\/uploads\/sites\/2\/2019\/08\/ESS-Skolstart6-70x53.jpg 70w\" sizes=\"(max-width: 2048px) 100vw, 2048px\" \/><\/p>\n<p><strong>D\u00e4refter fortsatte dagen med gemensamma aktiviteter.<\/strong> Allt med syfte att l\u00e4ra k\u00e4nna varandra under l\u00e4ttsamma former! F\u00f6rsta utmaningen blev att gruppvis para ihop olika konstverk med r\u00e4tt konstn\u00e4r. En aktivitet som inte bara innebar samarbete utan ocks\u00e5 en del skratt. \u00c4nnu mer skratt blev det n\u00e4r det var dags att kliva upp p\u00e5 provstenen. Under denna numera klassiska \u00f6vning g\u00e4ller det att balansera p\u00e5 en sten, s\u00e5 m\u00e5nga som m\u00f6jligt utan att ramla av. Det gick ganska l\u00e4tt f\u00f6r de grupper som n\u00f6jde sig med fyra personer men med fem var det en tuffare uppgift.<\/p>\n<p><img loading=\"lazy\" decoding=\"async\" class=\"alignnone size-full wp-image-10530\" src=\"https:\/\/www.europaskolan.se\/strangnas\/wp-content\/uploads\/sites\/2\/2019\/08\/ESS-Skolstart7.jpg\" alt=\"\" width=\"2048\" height=\"1317\" srcset=\"https:\/\/www.europaskolan.se\/strangnas\/wp-content\/uploads\/sites\/2\/2019\/08\/ESS-Skolstart7.jpg 2048w, https:\/\/www.europaskolan.se\/strangnas\/wp-content\/uploads\/sites\/2\/2019\/08\/ESS-Skolstart7-200x129.jpg 200w, https:\/\/www.europaskolan.se\/strangnas\/wp-content\/uploads\/sites\/2\/2019\/08\/ESS-Skolstart7-467x300.jpg 467w, https:\/\/www.europaskolan.se\/strangnas\/wp-content\/uploads\/sites\/2\/2019\/08\/ESS-Skolstart7-768x494.jpg 768w, https:\/\/www.europaskolan.se\/strangnas\/wp-content\/uploads\/sites\/2\/2019\/08\/ESS-Skolstart7-1024x659.jpg 1024w\" sizes=\"(max-width: 2048px) 100vw, 2048px\" \/><\/p>\n<p><strong>Sj\u00f6festen blev den stora avslutningen p\u00e5 uppstartsveckan, <\/strong>helt enligt v\u00e5r tradition! Syftet \u00e4r att \u00e5rets nya elever under trevliga former ska l\u00e4ra k\u00e4nna b\u00e5de varandra och \u00e4ldre eleverna, samtidigt som de l\u00e4r sig hitta inom skolomr\u00e5det.<\/p>\n<p><img loading=\"lazy\" decoding=\"async\" class=\"alignnone size-full wp-image-10537\" src=\"https:\/\/www.europaskolan.se\/strangnas\/wp-content\/uploads\/sites\/2\/2019\/08\/ESS-Skolstart11.jpg\" alt=\"\" width=\"1862\" height=\"1165\" srcset=\"https:\/\/www.europaskolan.se\/strangnas\/wp-content\/uploads\/sites\/2\/2019\/08\/ESS-Skolstart11.jpg 1862w, https:\/\/www.europaskolan.se\/strangnas\/wp-content\/uploads\/sites\/2\/2019\/08\/ESS-Skolstart11-200x125.jpg 200w, https:\/\/www.europaskolan.se\/strangnas\/wp-content\/uploads\/sites\/2\/2019\/08\/ESS-Skolstart11-479x300.jpg 479w, https:\/\/www.europaskolan.se\/strangnas\/wp-content\/uploads\/sites\/2\/2019\/08\/ESS-Skolstart11-768x481.jpg 768w, https:\/\/www.europaskolan.se\/strangnas\/wp-content\/uploads\/sites\/2\/2019\/08\/ESS-Skolstart11-1024x641.jpg 1024w\" sizes=\"(max-width: 1862px) 100vw, 1862px\" \/><\/p>\n<p><strong>Dagen f\u00f6r Sj\u00f6festen b\u00f6rjade med samling p\u00e5 \u00c5ngb\u00e5tsbron, <\/strong>d\u00e4r de elevf\u00f6reningar som finns p\u00e5 skolan passade p\u00e5 att presentera sig och v\u00e4rva nya medlemmar.<\/p>\n<p><img loading=\"lazy\" decoding=\"async\" class=\"alignnone size-full wp-image-10536\" src=\"https:\/\/www.europaskolan.se\/strangnas\/wp-content\/uploads\/sites\/2\/2019\/08\/ESS-Skolstart12.jpg\" alt=\"\" width=\"1758\" height=\"1412\" srcset=\"https:\/\/www.europaskolan.se\/strangnas\/wp-content\/uploads\/sites\/2\/2019\/08\/ESS-Skolstart12.jpg 1758w, https:\/\/www.europaskolan.se\/strangnas\/wp-content\/uploads\/sites\/2\/2019\/08\/ESS-Skolstart12-187x150.jpg 187w, https:\/\/www.europaskolan.se\/strangnas\/wp-content\/uploads\/sites\/2\/2019\/08\/ESS-Skolstart12-374x300.jpg 374w, https:\/\/www.europaskolan.se\/strangnas\/wp-content\/uploads\/sites\/2\/2019\/08\/ESS-Skolstart12-768x617.jpg 768w, https:\/\/www.europaskolan.se\/strangnas\/wp-content\/uploads\/sites\/2\/2019\/08\/ESS-Skolstart12-1024x822.jpg 1024w\" sizes=\"(max-width: 1758px) 100vw, 1758px\" \/><\/p>\n<p><strong>Sedan f\u00f6ljde flera t\u00e4vlingar, d\u00e4r ettor och tv\u00e5or blandades<\/strong> <strong>i grupper.<\/strong> H\u00e4r t\u00e4vlades det bland annat i den \u00e4dla idrotten tunnelboll. I M\u00e5nssons tr\u00e4dg\u00e5rd nedanf\u00f6r Str\u00e4ngn\u00e4s domkyrka fl\u00f6g alla m\u00f6jliga skodon i luften under en skostafett. Det blev ocks\u00e5 armkroksstafett som genomf\u00f6rdes under skallande skratt, liksom ett avancerat teoretiskt\/praktiskt prov p\u00e5 tid.<\/p>\n<p><img loading=\"lazy\" decoding=\"async\" class=\"alignnone size-full wp-image-10529\" src=\"https:\/\/www.europaskolan.se\/strangnas\/wp-content\/uploads\/sites\/2\/2019\/08\/ESS-Skolstart8.jpg\" alt=\"\" width=\"2048\" height=\"987\" srcset=\"https:\/\/www.europaskolan.se\/strangnas\/wp-content\/uploads\/sites\/2\/2019\/08\/ESS-Skolstart8.jpg 2048w, https:\/\/www.europaskolan.se\/strangnas\/wp-content\/uploads\/sites\/2\/2019\/08\/ESS-Skolstart8-200x96.jpg 200w, https:\/\/www.europaskolan.se\/strangnas\/wp-content\/uploads\/sites\/2\/2019\/08\/ESS-Skolstart8-622x300.jpg 622w, https:\/\/www.europaskolan.se\/strangnas\/wp-content\/uploads\/sites\/2\/2019\/08\/ESS-Skolstart8-768x370.jpg 768w, https:\/\/www.europaskolan.se\/strangnas\/wp-content\/uploads\/sites\/2\/2019\/08\/ESS-Skolstart8-1024x494.jpg 1024w\" sizes=\"(max-width: 2048px) 100vw, 2048px\" \/><\/p>\n<p><strong>Sj\u00f6festen \u00e4gde f\u00f6rst\u00e5s ocks\u00e5 rum p\u00e5 M\u00e4larens vatten,<\/strong> alldeles intill skolan. H\u00e4r stod b\u00e5trace p\u00e5 programmet med en nyhet f\u00f6r \u00e5ret: kajaker i st\u00e4llet f\u00f6r kanadensare som tidigare \u00e5r. \u00c4ven h\u00e4r var st\u00e4mningen p\u00e5 topp, trots att vi inte bara fick gratulera en segrare utan ocks\u00e5 \u201dskolans badpojke nummer 1\u201d. V\u00e4drets makter var ocks\u00e5 med oss, s\u00e5 ut\u00f6ver en regnskur vid lunch kunde dagen genomf\u00f6ras i fint v\u00e4der.<\/p>\n<p><img loading=\"lazy\" decoding=\"async\" class=\"alignnone size-full wp-image-10533\" src=\"https:\/\/www.europaskolan.se\/strangnas\/wp-content\/uploads\/sites\/2\/2019\/08\/ESS-Skolstart10.jpg\" alt=\"\" width=\"2012\" height=\"1129\" srcset=\"https:\/\/www.europaskolan.se\/strangnas\/wp-content\/uploads\/sites\/2\/2019\/08\/ESS-Skolstart10.jpg 2012w, https:\/\/www.europaskolan.se\/strangnas\/wp-content\/uploads\/sites\/2\/2019\/08\/ESS-Skolstart10-200x112.jpg 200w, https:\/\/www.europaskolan.se\/strangnas\/wp-content\/uploads\/sites\/2\/2019\/08\/ESS-Skolstart10-535x300.jpg 535w, https:\/\/www.europaskolan.se\/strangnas\/wp-content\/uploads\/sites\/2\/2019\/08\/ESS-Skolstart10-768x431.jpg 768w, https:\/\/www.europaskolan.se\/strangnas\/wp-content\/uploads\/sites\/2\/2019\/08\/ESS-Skolstart10-1024x575.jpg 1024w, https:\/\/www.europaskolan.se\/strangnas\/wp-content\/uploads\/sites\/2\/2019\/08\/ESS-Skolstart10-580x326.jpg 580w, https:\/\/www.europaskolan.se\/strangnas\/wp-content\/uploads\/sites\/2\/2019\/08\/ESS-Skolstart10-174x98.jpg 174w\" sizes=\"(max-width: 2012px) 100vw, 2012px\" \/><\/p>\n<p><img loading=\"lazy\" decoding=\"async\" class=\"alignnone size-full wp-image-10535\" src=\"https:\/\/www.europaskolan.se\/strangnas\/wp-content\/uploads\/sites\/2\/2019\/08\/ESS-Skolstart13.jpg\" alt=\"\" width=\"1680\" height=\"1120\" srcset=\"https:\/\/www.europaskolan.se\/strangnas\/wp-content\/uploads\/sites\/2\/2019\/08\/ESS-Skolstart13.jpg 1680w, https:\/\/www.europaskolan.se\/strangnas\/wp-content\/uploads\/sites\/2\/2019\/08\/ESS-Skolstart13-200x133.jpg 200w, https:\/\/www.europaskolan.se\/strangnas\/wp-content\/uploads\/sites\/2\/2019\/08\/ESS-Skolstart13-450x300.jpg 450w, https:\/\/www.europaskolan.se\/strangnas\/wp-content\/uploads\/sites\/2\/2019\/08\/ESS-Skolstart13-768x512.jpg 768w, https:\/\/www.europaskolan.se\/strangnas\/wp-content\/uploads\/sites\/2\/2019\/08\/ESS-Skolstart13-1024x683.jpg 1024w\" sizes=\"(max-width: 1680px) 100vw, 1680px\" \/><\/p>\n<p><img loading=\"lazy\" decoding=\"async\" class=\"alignnone size-full wp-image-10534\" src=\"https:\/\/www.europaskolan.se\/strangnas\/wp-content\/uploads\/sites\/2\/2019\/08\/ESS-Skolstart14.jpg\" alt=\"\" width=\"1568\" height=\"899\" srcset=\"https:\/\/www.europaskolan.se\/strangnas\/wp-content\/uploads\/sites\/2\/2019\/08\/ESS-Skolstart14.jpg 1568w, https:\/\/www.europaskolan.se\/strangnas\/wp-content\/uploads\/sites\/2\/2019\/08\/ESS-Skolstart14-200x115.jpg 200w, https:\/\/www.europaskolan.se\/strangnas\/wp-content\/uploads\/sites\/2\/2019\/08\/ESS-Skolstart14-523x300.jpg 523w, https:\/\/www.europaskolan.se\/strangnas\/wp-content\/uploads\/sites\/2\/2019\/08\/ESS-Skolstart14-768x440.jpg 768w, https:\/\/www.europaskolan.se\/strangnas\/wp-content\/uploads\/sites\/2\/2019\/08\/ESS-Skolstart14-1024x587.jpg 1024w\" sizes=\"(max-width: 1568px) 100vw, 1568px\" \/><\/p>\n<p><strong>Vi vill tacka alla f\u00f6r en h\u00e4rlig uppstartsvecka och sj\u00f6fest.<\/strong> Varje \u00e5r \u00e4r det lika roligt att se hur os\u00e4kerheten fr\u00e5n starten blir som bortbl\u00e5st. Att tala med varandra och l\u00f6sa uppgifter tillsammans fungerar alltid.<\/p>\n<p><em>\u00c4n en g\u00e5ng varmt v\u00e4lkomna till Europaskolan Str\u00e4ngn\u00e4s och tre sp\u00e4nnande gymnasie\u00e5r!<br \/>\n<\/em><\/p>\n<p>Fler bilder hittar ni p\u00e5 v\u00e5r <a href=\"https:\/\/www.facebook.com\/Europaskolan\/\" target=\"_blank\" rel=\"noopener noreferrer\">Facebooksida &gt;<\/a><\/p>\n","protected":false},"excerpt":{"rendered":"<p>Nu \u00e4r vi i g\u00e5ng med h\u00f6stterminen p\u00e5 Europaskolan Str\u00e4ngn\u00e4s efter en fantastisk uppstartsvecka. Kluriga och roliga \u00f6vningar v\u00e4ntade v\u00e5ra nya gymnasister, alltmedan de l\u00e4rde k\u00e4nna varandra. Veckan avslutades sedan med den legendariska Sj\u00f6festen, som i \u00e5r bj\u00f6d p\u00e5 nya inslag. M\u00e5ndagen den 12 augusti var det dags f\u00f6r skolstart p\u00e5 Europaskolan Str\u00e4ngn\u00e4s. D\u00e5 samlades [&hellip;]<\/p>\n","protected":false},"author":1,"featured_media":10540,"comment_status":"closed","ping_status":"closed","sticky":false,"template":"","format":"standard","meta":{"footnotes":""},"categories":[3,44],"tags":[],"class_list":["post-10519","post","type-post","status-publish","format-standard","has-post-thumbnail","hentry","category-aktuellt-europaskolan-strangnas","category-europaskolan-strangnas-i-bilder"],"blocksy_meta":[],"rttpg_featured_image_url":{"full":["https:\/\/www.europaskolan.se\/strangnas\/wp-content\/uploads\/sites\/2\/2019\/08\/ESS-Skolstart15.jpg",702,702,false],"landscape":["https:\/\/www.europaskolan.se\/strangnas\/wp-content\/uploads\/sites\/2\/2019\/08\/ESS-Skolstart15.jpg",702,702,false],"portraits":["https:\/\/www.europaskolan.se\/strangnas\/wp-content\/uploads\/sites\/2\/2019\/08\/ESS-Skolstart15.jpg",702,702,false],"thumbnail":["https:\/\/www.europaskolan.se\/strangnas\/wp-content\/uploads\/sites\/2\/2019\/08\/ESS-Skolstart15-150x150.jpg",150,150,true],"medium":["https:\/\/www.europaskolan.se\/strangnas\/wp-content\/uploads\/sites\/2\/2019\/08\/ESS-Skolstart15-300x300.jpg",300,300,true],"large":["https:\/\/www.europaskolan.se\/strangnas\/wp-content\/uploads\/sites\/2\/2019\/08\/ESS-Skolstart15.jpg",702,702,false],"1536x1536":["https:\/\/www.europaskolan.se\/strangnas\/wp-content\/uploads\/sites\/2\/2019\/08\/ESS-Skolstart15.jpg",702,702,false],"2048x2048":["https:\/\/www.europaskolan.se\/strangnas\/wp-content\/uploads\/sites\/2\/2019\/08\/ESS-Skolstart15.jpg",702,702,false],"sow-carousel-default":["https:\/\/www.europaskolan.se\/strangnas\/wp-content\/uploads\/sites\/2\/2019\/08\/ESS-Skolstart15.jpg",182,182,false]},"rttpg_author":{"display_name":"admin","author_link":"https:\/\/www.europaskolan.se\/strangnas\/author\/admin\/"},"rttpg_comment":0,"rttpg_category":"<a href=\"https:\/\/www.europaskolan.se\/strangnas\/category\/aktuellt-europaskolan-strangnas\/\" rel=\"category tag\">Aktuellt \u2013 Europaskolan Str\u00e4ngn\u00e4s<\/a> <a href=\"https:\/\/www.europaskolan.se\/strangnas\/category\/europaskolan-strangnas-i-bilder\/\" rel=\"category tag\">Europaskolan Str\u00e4ngn\u00e4s i bilder<\/a>","rttpg_excerpt":"Nu \u00e4r vi i g\u00e5ng med h\u00f6stterminen p\u00e5 Europaskolan Str\u00e4ngn\u00e4s efter en fantastisk uppstartsvecka. Kluriga och roliga \u00f6vningar v\u00e4ntade v\u00e5ra nya gymnasister, alltmedan de l\u00e4rde k\u00e4nna varandra. Veckan avslutades sedan med den legendariska Sj\u00f6festen, som i \u00e5r bj\u00f6d p\u00e5 nya inslag. M\u00e5ndagen den 12 augusti var det dags f\u00f6r skolstart p\u00e5 Europaskolan Str\u00e4ngn\u00e4s. D\u00e5 samlades&hellip;","_links":{"self":[{"href":"https:\/\/www.europaskolan.se\/strangnas\/wp-json\/wp\/v2\/posts\/10519","targetHints":{"allow":["GET"]}}],"collection":[{"href":"https:\/\/www.europaskolan.se\/strangnas\/wp-json\/wp\/v2\/posts"}],"about":[{"href":"https:\/\/www.europaskolan.se\/strangnas\/wp-json\/wp\/v2\/types\/post"}],"author":[{"embeddable":true,"href":"https:\/\/www.europaskolan.se\/strangnas\/wp-json\/wp\/v2\/users\/1"}],"replies":[{"embeddable":true,"href":"https:\/\/www.europaskolan.se\/strangnas\/wp-json\/wp\/v2\/comments?post=10519"}],"version-history":[{"count":0,"href":"https:\/\/www.europaskolan.se\/strangnas\/wp-json\/wp\/v2\/posts\/10519\/revisions"}],"wp:featuredmedia":[{"embeddable":true,"href":"https:\/\/www.europaskolan.se\/strangnas\/wp-json\/wp\/v2\/media\/10540"}],"wp:attachment":[{"href":"https:\/\/www.europaskolan.se\/strangnas\/wp-json\/wp\/v2\/media?parent=10519"}],"wp:term":[{"taxonomy":"category","embeddable":true,"href":"https:\/\/www.europaskolan.se\/strangnas\/wp-json\/wp\/v2\/categories?post=10519"},{"taxonomy":"post_tag","embeddable":true,"href":"https:\/\/www.europaskolan.se\/strangnas\/wp-json\/wp\/v2\/tags?post=10519"}],"curies":[{"name":"wp","href":"https:\/\/api.w.org\/{rel}","templated":true}]}}