{"id":10507,"date":"2019-08-14T09:05:21","date_gmt":"2019-08-14T07:05:21","guid":{"rendered":"https:\/\/www.europaskolan.se\/strangnas\/?p=10507"},"modified":"2021-08-16T14:22:19","modified_gmt":"2021-08-16T12:22:19","slug":"ulla-och-hans-sjostedts-stipendium-nytt-elevstipendium-inom-amnet-ekonomi-pa-europaskolan-strangnas","status":"publish","type":"post","link":"https:\/\/www.europaskolan.se\/strangnas\/ulla-och-hans-sjostedts-stipendium-nytt-elevstipendium-inom-amnet-ekonomi-pa-europaskolan-strangnas\/","title":{"rendered":"Ulla och Hans Sj\u00f6stedts stipendium \u2013 nytt elevstipendium inom \u00e4mnet ekonomi p\u00e5 Europaskolan Str\u00e4ngn\u00e4s"},"content":{"rendered":"<p><img fetchpriority=\"high\" decoding=\"async\" class=\"alignnone size-full wp-image-10509\" src=\"https:\/\/www.europaskolan.se\/strangnas\/wp-content\/uploads\/sites\/2\/2019\/08\/EuESS-Stipenider.jpg\" alt=\"\" width=\"1024\" height=\"597\" srcset=\"https:\/\/www.europaskolan.se\/strangnas\/wp-content\/uploads\/sites\/2\/2019\/08\/EuESS-Stipenider.jpg 1024w, https:\/\/www.europaskolan.se\/strangnas\/wp-content\/uploads\/sites\/2\/2019\/08\/EuESS-Stipenider-200x117.jpg 200w, https:\/\/www.europaskolan.se\/strangnas\/wp-content\/uploads\/sites\/2\/2019\/08\/EuESS-Stipenider-515x300.jpg 515w, https:\/\/www.europaskolan.se\/strangnas\/wp-content\/uploads\/sites\/2\/2019\/08\/EuESS-Stipenider-768x448.jpg 768w\" sizes=\"(max-width: 1024px) 100vw, 1024px\" \/><\/p>\n<p><em>Nu finns ett nytt stipendium f\u00f6r elever som studerar ekonomi p\u00e5 Europaskolan Str\u00e4ngn\u00e4s. Bakom det st\u00e5r de framg\u00e5ngsrika entrepren\u00f6rerna Hans och Ulla Sj\u00f6stedt fr\u00e5n Str\u00e4ngn\u00e4s. Tillsammans vill de uppmuntra elever som har presterat extra v\u00e4l i \u00e4mnet under gymnasietiden. <\/em><\/p>\n<p><strong>Ulla och Hans Sj\u00f6stedt \u00e4r b\u00e5da entrepren\u00f6rer <\/strong>med l\u00e5ng erfarenhet av f\u00f6retagande. Hans har kallats \u201dSveriges kr\u00e4ftkung\u201d, som mannen bakom landets stora kr\u00e4ftimport, medan Ulla gjort succ\u00e9 med import av v\u00e4skor och andra l\u00e4dervaror fr\u00e5n Asien. Genom sina stora framg\u00e5ngar har de en bred kunskap inom entrepren\u00f6rskap\/f\u00f6retagsamhet, och dessutom ett brett kontaktn\u00e4t p\u00e5 flera kontinenter.<\/p>\n<p><strong>Nu vill de st\u00f6dja elever p\u00e5 Europaskolan Str\u00e4ngn\u00e4s<\/strong> <strong>till framg\u00e5ngsrikt f\u00f6retagande,<\/strong> genom att instifta ett stipendium fr\u00e5n och med 2019.<\/p>\n<p><strong>Stipendiet riktas till elever som studerar ekonomi, <\/strong>med syfte att stimulera eleverna till f\u00f6rdjupade studier och \u00f6kad kunskap inom entrepren\u00f6rskap.<\/p>\n<p><strong>Ut\u00f6ver stipendiet vill stipendiegivarna \u00e4ven erbjuda st\u00f6d i andra former<\/strong> till eleverna p\u00e5 Europaskolan Str\u00e4ngn\u00e4s. Det kan till exempel handla om kontaktf\u00f6rmedling, studiebes\u00f6k, praktik eller v\u00e4gledning och mentorskap.<\/p>\n<h3>Det h\u00e4r \u00e4r Ulla och Hans Sj\u00f6stedts stipendium<\/h3>\n<p><strong>Ulla och Hans Sj\u00f6stedts stipendium inneb\u00e4r att 50 000 kronor ska delas ut en g\u00e5ng per \u00e5r under 10 \u00e5r. <\/strong>Mottagaren ska vara en ambiti\u00f6s elev p\u00e5 Europaskolan Str\u00e4ngn\u00e4s som g\u00e5r i \u00e5rskurs 3. Stipendiet kan bara erh\u00e5llas en g\u00e5ng per person.<\/p>\n<p><strong>H\u00e4r \u00e4r kriterierna f\u00f6r att erh\u00e5lla stipendiet:<\/strong><\/p>\n<p>Stipendiet ska delas ut vid v\u00e5rterminens avslutning till en elev som har uppvisat ber\u00f6mliga prestationer inom \u00e4mnet ekonomi, har goda spr\u00e5kkunskaper och som under hela studietiden p\u00e5 ett f\u00f6rtj\u00e4nstfullt s\u00e4tt<\/p>\n<p>\u2013 tagit sig an studierna i enlighet med Europaskolans v\u00e4rderingar<br \/>\n\u2013 \u00f6kat och f\u00f6rdjupat sina kunskaper inom \u00e4mnet<br \/>\n\u2013 uppvisat entrepren\u00f6rskap och f\u00f6retagsamhet<br \/>\n\u2013 uppvisat h\u00f6g ambition och vilja till f\u00f6rkovran inom \u00e4mnet<br \/>\n\u2013 uppn\u00e5tt en utm\u00e4rkt grund f\u00f6r fortsatta h\u00f6gre studier<br \/>\n\u2013 bidragit till ett gynnsamt klassrumsklimat genom att<\/p>\n<ul>\n<li>visa prov p\u00e5 god samarbetsf\u00f6rm\u00e5ga, med respekt f\u00f6r klasskamrater och andras v\u00e4rderingar<\/li>\n<li>aktivt deltaga i utbyte av erfarenheter och kunskaper inom \u00e4mnet tillsammans med klasskamrater och l\u00e4rare.<\/li>\n<\/ul>\n<p><strong>Stipendiaterna utses av stipendien\u00e4mnd,<\/strong> som ska best\u00e5 av rektor (tillika ordf\u00f6rande) och bitr\u00e4dande rektor (tillika sekreterare) samt 1\u20132 l\u00e4rare inom \u00e4mnesomr\u00e5det ekonomi som har undervisat eleven. Hans och Ulla Sj\u00f6stedt medverkar ocks\u00e5 i m\u00e5n av m\u00f6jlighet.<\/p>\n<p><strong>Varje stipendiat f\u00f6rv\u00e4ntas \u00e5terkomma med en skriftlig redovisning <\/strong>om hur stipendiet har anv\u00e4nts och hur det har bidragit till \u00f6kade kunskaper inom det entrepren\u00f6riella omr\u00e5det. Redovisningen ska ocks\u00e5 inneh\u00e5lla l\u00e4rdomar och goda r\u00e5d till Europaskolans elever.<\/p>\n<p><em>Vi vill rikta ett varmt tack till Ulla och Hans Sj\u00f6stedt f\u00f6r detta initiativ och ser fram emot att utse skolans f\u00f6rsta stipendiat!<\/em><\/p>\n<p><img decoding=\"async\" class=\"alignnone wp-image-10510\" src=\"https:\/\/www.europaskolan.se\/strangnas\/wp-content\/uploads\/sites\/2\/2019\/08\/Higgs.jpg\" alt=\"\" width=\"206\" height=\"175\" srcset=\"https:\/\/www.europaskolan.se\/strangnas\/wp-content\/uploads\/sites\/2\/2019\/08\/Higgs.jpg 261w, https:\/\/www.europaskolan.se\/strangnas\/wp-content\/uploads\/sites\/2\/2019\/08\/Higgs-176x150.jpg 176w\" sizes=\"(max-width: 206px) 100vw, 206px\" \/><\/p>\n<p>Vill du veta mera?<a href=\"https:\/\/www.europaskolan.se\/vision-och-vardegrund\/\"> L\u00e4s om Europaskolans v\u00e4rdegrund h\u00e4r&gt;\u00a0<\/a><\/p>\n<p>&nbsp;<\/p>\n<p>&nbsp;<\/p>\n<p>&nbsp;<\/p>\n<p>&nbsp;<\/p>\n","protected":false},"excerpt":{"rendered":"<p>Nu finns ett nytt stipendium f\u00f6r elever som studerar ekonomi p\u00e5 Europaskolan Str\u00e4ngn\u00e4s. Bakom det st\u00e5r de framg\u00e5ngsrika entrepren\u00f6rerna Hans och Ulla Sj\u00f6stedt fr\u00e5n Str\u00e4ngn\u00e4s. Tillsammans vill de uppmuntra elever som har presterat extra v\u00e4l i \u00e4mnet under gymnasietiden. Ulla och Hans Sj\u00f6stedt \u00e4r b\u00e5da entrepren\u00f6rer med l\u00e5ng erfarenhet av f\u00f6retagande. Hans har kallats \u201dSveriges [&hellip;]<\/p>\n","protected":false},"author":1,"featured_media":10509,"comment_status":"closed","ping_status":"closed","sticky":false,"template":"","format":"standard","meta":{"footnotes":""},"categories":[3,44],"tags":[],"class_list":["post-10507","post","type-post","status-publish","format-standard","has-post-thumbnail","hentry","category-aktuellt-europaskolan-strangnas","category-europaskolan-strangnas-i-bilder"],"blocksy_meta":[],"rttpg_featured_image_url":{"full":["https:\/\/www.europaskolan.se\/strangnas\/wp-content\/uploads\/sites\/2\/2019\/08\/EuESS-Stipenider.jpg",1024,597,false],"landscape":["https:\/\/www.europaskolan.se\/strangnas\/wp-content\/uploads\/sites\/2\/2019\/08\/EuESS-Stipenider.jpg",1024,597,false],"portraits":["https:\/\/www.europaskolan.se\/strangnas\/wp-content\/uploads\/sites\/2\/2019\/08\/EuESS-Stipenider.jpg",1024,597,false],"thumbnail":["https:\/\/www.europaskolan.se\/strangnas\/wp-content\/uploads\/sites\/2\/2019\/08\/EuESS-Stipenider-200x117.jpg",200,117,true],"medium":["https:\/\/www.europaskolan.se\/strangnas\/wp-content\/uploads\/sites\/2\/2019\/08\/EuESS-Stipenider-515x300.jpg",515,300,true],"large":["https:\/\/www.europaskolan.se\/strangnas\/wp-content\/uploads\/sites\/2\/2019\/08\/EuESS-Stipenider-1024x597.jpg",1024,597,true],"1536x1536":["https:\/\/www.europaskolan.se\/strangnas\/wp-content\/uploads\/sites\/2\/2019\/08\/EuESS-Stipenider.jpg",1024,597,false],"2048x2048":["https:\/\/www.europaskolan.se\/strangnas\/wp-content\/uploads\/sites\/2\/2019\/08\/EuESS-Stipenider.jpg",1024,597,false],"sow-carousel-default":["https:\/\/www.europaskolan.se\/strangnas\/wp-content\/uploads\/sites\/2\/2019\/08\/EuESS-Stipenider.jpg",272,159,false]},"rttpg_author":{"display_name":"admin","author_link":"https:\/\/www.europaskolan.se\/strangnas\/author\/admin\/"},"rttpg_comment":0,"rttpg_category":"<a href=\"https:\/\/www.europaskolan.se\/strangnas\/category\/aktuellt-europaskolan-strangnas\/\" rel=\"category tag\">Aktuellt \u2013 Europaskolan Str\u00e4ngn\u00e4s<\/a> <a href=\"https:\/\/www.europaskolan.se\/strangnas\/category\/europaskolan-strangnas-i-bilder\/\" rel=\"category tag\">Europaskolan Str\u00e4ngn\u00e4s i bilder<\/a>","rttpg_excerpt":"Nu finns ett nytt stipendium f\u00f6r elever som studerar ekonomi p\u00e5 Europaskolan Str\u00e4ngn\u00e4s. Bakom det st\u00e5r de framg\u00e5ngsrika entrepren\u00f6rerna Hans och Ulla Sj\u00f6stedt fr\u00e5n Str\u00e4ngn\u00e4s. Tillsammans vill de uppmuntra elever som har presterat extra v\u00e4l i \u00e4mnet under gymnasietiden. Ulla och Hans Sj\u00f6stedt \u00e4r b\u00e5da entrepren\u00f6rer med l\u00e5ng erfarenhet av f\u00f6retagande. Hans har kallats \u201dSveriges&hellip;","_links":{"self":[{"href":"https:\/\/www.europaskolan.se\/strangnas\/wp-json\/wp\/v2\/posts\/10507","targetHints":{"allow":["GET"]}}],"collection":[{"href":"https:\/\/www.europaskolan.se\/strangnas\/wp-json\/wp\/v2\/posts"}],"about":[{"href":"https:\/\/www.europaskolan.se\/strangnas\/wp-json\/wp\/v2\/types\/post"}],"author":[{"embeddable":true,"href":"https:\/\/www.europaskolan.se\/strangnas\/wp-json\/wp\/v2\/users\/1"}],"replies":[{"embeddable":true,"href":"https:\/\/www.europaskolan.se\/strangnas\/wp-json\/wp\/v2\/comments?post=10507"}],"version-history":[{"count":0,"href":"https:\/\/www.europaskolan.se\/strangnas\/wp-json\/wp\/v2\/posts\/10507\/revisions"}],"wp:featuredmedia":[{"embeddable":true,"href":"https:\/\/www.europaskolan.se\/strangnas\/wp-json\/wp\/v2\/media\/10509"}],"wp:attachment":[{"href":"https:\/\/www.europaskolan.se\/strangnas\/wp-json\/wp\/v2\/media?parent=10507"}],"wp:term":[{"taxonomy":"category","embeddable":true,"href":"https:\/\/www.europaskolan.se\/strangnas\/wp-json\/wp\/v2\/categories?post=10507"},{"taxonomy":"post_tag","embeddable":true,"href":"https:\/\/www.europaskolan.se\/strangnas\/wp-json\/wp\/v2\/tags?post=10507"}],"curies":[{"name":"wp","href":"https:\/\/api.w.org\/{rel}","templated":true}]}}