{"id":10460,"date":"2019-06-13T09:50:38","date_gmt":"2019-06-13T07:50:38","guid":{"rendered":"https:\/\/www.europaskolan.se\/strangnas\/?p=10460"},"modified":"2021-08-16T14:22:54","modified_gmt":"2021-08-16T12:22:54","slug":"student-och-skolavslutning-2019-for-europaskolan-strangnas","status":"publish","type":"post","link":"https:\/\/www.europaskolan.se\/strangnas\/student-och-skolavslutning-2019-for-europaskolan-strangnas\/","title":{"rendered":"Student och skolavslutning 2019 f\u00f6r Europaskolan Str\u00e4ngn\u00e4s"},"content":{"rendered":"<p><img fetchpriority=\"high\" decoding=\"async\" class=\"alignnone size-full wp-image-10481\" src=\"https:\/\/www.europaskolan.se\/strangnas\/wp-content\/uploads\/sites\/2\/2019\/06\/62101752_2511866628863571_1076487287354687488_o.jpg\" alt=\"\" width=\"2048\" height=\"1362\" srcset=\"https:\/\/www.europaskolan.se\/strangnas\/wp-content\/uploads\/sites\/2\/2019\/06\/62101752_2511866628863571_1076487287354687488_o.jpg 2048w, https:\/\/www.europaskolan.se\/strangnas\/wp-content\/uploads\/sites\/2\/2019\/06\/62101752_2511866628863571_1076487287354687488_o-200x133.jpg 200w, https:\/\/www.europaskolan.se\/strangnas\/wp-content\/uploads\/sites\/2\/2019\/06\/62101752_2511866628863571_1076487287354687488_o-451x300.jpg 451w, https:\/\/www.europaskolan.se\/strangnas\/wp-content\/uploads\/sites\/2\/2019\/06\/62101752_2511866628863571_1076487287354687488_o-768x511.jpg 768w, https:\/\/www.europaskolan.se\/strangnas\/wp-content\/uploads\/sites\/2\/2019\/06\/62101752_2511866628863571_1076487287354687488_o-1024x681.jpg 1024w\" sizes=\"(max-width: 2048px) 100vw, 2048px\" \/><\/p>\n<p><em>Nu har de tagit studenten, v\u00e5ra treor p\u00e5 Europaskolan Str\u00e4ngn\u00e4s! Tisdagen den 4 juni sprang de ut i konfetti och solsken, till allm\u00e4nt jubel. Tv\u00e5 dagar senare var det st\u00e4mningsfull skolavslutning i Str\u00e4ngn\u00e4s domkyrka.<\/em><\/p>\n<p><strong>Studentveckan p\u00e5 Europaskolan Str\u00e4ngn\u00e4s<\/strong> inleddes, som alltid, med m\u00f6ssp\u00e5tagning. D\u00e5 h\u00f6lls ett klassiskt \u201df\u00f6rh\u00f6r\u201d p\u00e5 \u00c5ngb\u00e5tsbron, med glimten i \u00f6gat, d\u00e4r alla klarade sig. Sedan kunde de bl\u00e5 abiturientm\u00f6ssorna bytas mot studentens vita.<\/p>\n<p><img decoding=\"async\" class=\"alignnone size-full wp-image-10477\" src=\"https:\/\/www.europaskolan.se\/strangnas\/wp-content\/uploads\/sites\/2\/2019\/06\/Europaskolan-studenten-2019-8-1.jpg\" alt=\"\" width=\"1644\" height=\"1120\" srcset=\"https:\/\/www.europaskolan.se\/strangnas\/wp-content\/uploads\/sites\/2\/2019\/06\/Europaskolan-studenten-2019-8-1.jpg 1644w, https:\/\/www.europaskolan.se\/strangnas\/wp-content\/uploads\/sites\/2\/2019\/06\/Europaskolan-studenten-2019-8-1-200x136.jpg 200w, https:\/\/www.europaskolan.se\/strangnas\/wp-content\/uploads\/sites\/2\/2019\/06\/Europaskolan-studenten-2019-8-1-440x300.jpg 440w, https:\/\/www.europaskolan.se\/strangnas\/wp-content\/uploads\/sites\/2\/2019\/06\/Europaskolan-studenten-2019-8-1-768x523.jpg 768w, https:\/\/www.europaskolan.se\/strangnas\/wp-content\/uploads\/sites\/2\/2019\/06\/Europaskolan-studenten-2019-8-1-1024x698.jpg 1024w\" sizes=\"(max-width: 1644px) 100vw, 1644px\" \/><\/p>\n<p><img decoding=\"async\" class=\"alignnone size-full wp-image-10476\" src=\"https:\/\/www.europaskolan.se\/strangnas\/wp-content\/uploads\/sites\/2\/2019\/06\/Europaskolan-studenten-2019-9.jpg\" alt=\"\" width=\"2048\" height=\"1312\" srcset=\"https:\/\/www.europaskolan.se\/strangnas\/wp-content\/uploads\/sites\/2\/2019\/06\/Europaskolan-studenten-2019-9.jpg 2048w, https:\/\/www.europaskolan.se\/strangnas\/wp-content\/uploads\/sites\/2\/2019\/06\/Europaskolan-studenten-2019-9-200x128.jpg 200w, https:\/\/www.europaskolan.se\/strangnas\/wp-content\/uploads\/sites\/2\/2019\/06\/Europaskolan-studenten-2019-9-468x300.jpg 468w, https:\/\/www.europaskolan.se\/strangnas\/wp-content\/uploads\/sites\/2\/2019\/06\/Europaskolan-studenten-2019-9-768x492.jpg 768w, https:\/\/www.europaskolan.se\/strangnas\/wp-content\/uploads\/sites\/2\/2019\/06\/Europaskolan-studenten-2019-9-1024x656.jpg 1024w\" sizes=\"(max-width: 2048px) 100vw, 2048px\" \/><\/p>\n<h3>Studentdagen<\/h3>\n<p><strong>S\u00e5 kom sj\u00e4lva studentdagen, med b\u00e4sta t\u00e4nkbara v\u00e4der:<\/strong> v\u00e4rme, bl\u00e5 himmel och str\u00e5lande sol. F\u00f6rst p\u00e5 programmet stod spexaktiviteter, som \u00e5rskurs 2 ordnade f\u00f6r v\u00e5ra avg\u00e5ngselever. En tradition som bjuder p\u00e5 m\u00e5nga skratt!<\/p>\n<p><img loading=\"lazy\" decoding=\"async\" class=\"alignnone size-full wp-image-10469\" src=\"https:\/\/www.europaskolan.se\/strangnas\/wp-content\/uploads\/sites\/2\/2019\/06\/Europaskolan-studenten-2019-7.jpg\" alt=\"\" width=\"2006\" height=\"1180\" srcset=\"https:\/\/www.europaskolan.se\/strangnas\/wp-content\/uploads\/sites\/2\/2019\/06\/Europaskolan-studenten-2019-7.jpg 2006w, https:\/\/www.europaskolan.se\/strangnas\/wp-content\/uploads\/sites\/2\/2019\/06\/Europaskolan-studenten-2019-7-200x118.jpg 200w, https:\/\/www.europaskolan.se\/strangnas\/wp-content\/uploads\/sites\/2\/2019\/06\/Europaskolan-studenten-2019-7-510x300.jpg 510w, https:\/\/www.europaskolan.se\/strangnas\/wp-content\/uploads\/sites\/2\/2019\/06\/Europaskolan-studenten-2019-7-768x452.jpg 768w, https:\/\/www.europaskolan.se\/strangnas\/wp-content\/uploads\/sites\/2\/2019\/06\/Europaskolan-studenten-2019-7-1024x602.jpg 1024w\" sizes=\"(max-width: 2006px) 100vw, 2006px\" \/><\/p>\n<p><img loading=\"lazy\" decoding=\"async\" class=\"alignnone size-full wp-image-10470\" src=\"https:\/\/www.europaskolan.se\/strangnas\/wp-content\/uploads\/sites\/2\/2019\/06\/Europaskolan-studenten-2019-6.jpg\" alt=\"\" width=\"2041\" height=\"1485\" srcset=\"https:\/\/www.europaskolan.se\/strangnas\/wp-content\/uploads\/sites\/2\/2019\/06\/Europaskolan-studenten-2019-6.jpg 2041w, https:\/\/www.europaskolan.se\/strangnas\/wp-content\/uploads\/sites\/2\/2019\/06\/Europaskolan-studenten-2019-6-200x146.jpg 200w, https:\/\/www.europaskolan.se\/strangnas\/wp-content\/uploads\/sites\/2\/2019\/06\/Europaskolan-studenten-2019-6-412x300.jpg 412w, https:\/\/www.europaskolan.se\/strangnas\/wp-content\/uploads\/sites\/2\/2019\/06\/Europaskolan-studenten-2019-6-768x559.jpg 768w, https:\/\/www.europaskolan.se\/strangnas\/wp-content\/uploads\/sites\/2\/2019\/06\/Europaskolan-studenten-2019-6-1024x745.jpg 1024w\" sizes=\"(max-width: 2041px) 100vw, 2041px\" \/><\/p>\n<p><strong>Sedan v\u00e4ntade avslutningslunch p\u00e5 Bishops Arms,<\/strong> f\u00f6r elever och l\u00e4rare. Alla l\u00e4t sig v\u00e4l smaka av den goda maten och det h\u00f6lls flera k\u00e4nslosamma tal. Men sedan var det dags att bryta upp f\u00f6r att komma i tid till \u201df\u00f6nsterflaxet\u201d och utspringet.<\/p>\n<p><img loading=\"lazy\" decoding=\"async\" class=\"alignnone size-full wp-image-10473\" src=\"https:\/\/www.europaskolan.se\/strangnas\/wp-content\/uploads\/sites\/2\/2019\/06\/Europaskolan-studenten-2019-3.jpg\" alt=\"\" width=\"2048\" height=\"1195\" srcset=\"https:\/\/www.europaskolan.se\/strangnas\/wp-content\/uploads\/sites\/2\/2019\/06\/Europaskolan-studenten-2019-3.jpg 2048w, https:\/\/www.europaskolan.se\/strangnas\/wp-content\/uploads\/sites\/2\/2019\/06\/Europaskolan-studenten-2019-3-200x117.jpg 200w, https:\/\/www.europaskolan.se\/strangnas\/wp-content\/uploads\/sites\/2\/2019\/06\/Europaskolan-studenten-2019-3-514x300.jpg 514w, https:\/\/www.europaskolan.se\/strangnas\/wp-content\/uploads\/sites\/2\/2019\/06\/Europaskolan-studenten-2019-3-768x448.jpg 768w, https:\/\/www.europaskolan.se\/strangnas\/wp-content\/uploads\/sites\/2\/2019\/06\/Europaskolan-studenten-2019-3-1024x598.jpg 1024w\" sizes=\"(max-width: 2048px) 100vw, 2048px\" \/><\/p>\n<p><strong>Framf\u00f6r skolans huvudbyggnad vid \u00c5ngb\u00e5tsbron <\/strong>stod anh\u00f6riga och v\u00e4nner redo, med plakat och blommor. L\u00e4raren Gunnar Elworth sk\u00f6tte mikrofonen med bravur och presenterade klass efter klass, som tittade fram i skolans f\u00f6nster f\u00f6r att vinka. \u00c4ven l\u00e4rark\u00e5ren vinkade fr\u00e5n skolans balkong.<\/p>\n<p><img loading=\"lazy\" decoding=\"async\" class=\"alignnone size-full wp-image-10478\" src=\"https:\/\/www.europaskolan.se\/strangnas\/wp-content\/uploads\/sites\/2\/2019\/06\/Europaskolan-studenten-2019-10.jpg\" alt=\"\" width=\"1653\" height=\"1087\" srcset=\"https:\/\/www.europaskolan.se\/strangnas\/wp-content\/uploads\/sites\/2\/2019\/06\/Europaskolan-studenten-2019-10.jpg 1653w, https:\/\/www.europaskolan.se\/strangnas\/wp-content\/uploads\/sites\/2\/2019\/06\/Europaskolan-studenten-2019-10-200x132.jpg 200w, https:\/\/www.europaskolan.se\/strangnas\/wp-content\/uploads\/sites\/2\/2019\/06\/Europaskolan-studenten-2019-10-456x300.jpg 456w, https:\/\/www.europaskolan.se\/strangnas\/wp-content\/uploads\/sites\/2\/2019\/06\/Europaskolan-studenten-2019-10-768x505.jpg 768w, https:\/\/www.europaskolan.se\/strangnas\/wp-content\/uploads\/sites\/2\/2019\/06\/Europaskolan-studenten-2019-10-1024x673.jpg 1024w\" sizes=\"(max-width: 1653px) 100vw, 1653px\" \/><\/p>\n<p><img loading=\"lazy\" decoding=\"async\" class=\"alignnone size-full wp-image-10472\" src=\"https:\/\/www.europaskolan.se\/strangnas\/wp-content\/uploads\/sites\/2\/2019\/06\/Europaskolan-studenten-2019-4.jpg\" alt=\"\" width=\"2048\" height=\"1375\" srcset=\"https:\/\/www.europaskolan.se\/strangnas\/wp-content\/uploads\/sites\/2\/2019\/06\/Europaskolan-studenten-2019-4.jpg 2048w, https:\/\/www.europaskolan.se\/strangnas\/wp-content\/uploads\/sites\/2\/2019\/06\/Europaskolan-studenten-2019-4-200x134.jpg 200w, https:\/\/www.europaskolan.se\/strangnas\/wp-content\/uploads\/sites\/2\/2019\/06\/Europaskolan-studenten-2019-4-447x300.jpg 447w, https:\/\/www.europaskolan.se\/strangnas\/wp-content\/uploads\/sites\/2\/2019\/06\/Europaskolan-studenten-2019-4-768x516.jpg 768w, https:\/\/www.europaskolan.se\/strangnas\/wp-content\/uploads\/sites\/2\/2019\/06\/Europaskolan-studenten-2019-4-1024x688.jpg 1024w\" sizes=\"(max-width: 2048px) 100vw, 2048px\" \/><\/p>\n<p><strong>Sedan var det \u00e4ntligen dags f\u00f6r det efterl\u00e4ngtade utspringet.<\/strong> N\u00e4r portarna \u00f6ppnades, till valfria toner f\u00f6r varje klass, visste gl\u00e4djen ingen \u00e4nde. Konfettin yrde, det tutades, sj\u00f6ngs och hurrades f\u00f6r full hals. Kramkalas med anh\u00f6riga och v\u00e4nner blev det ocks\u00e5 f\u00f6rst\u00e5s.<\/p>\n<p><img loading=\"lazy\" decoding=\"async\" class=\"alignnone size-full wp-image-10479\" src=\"https:\/\/www.europaskolan.se\/strangnas\/wp-content\/uploads\/sites\/2\/2019\/06\/Europaskolan-studenten-2019-11.jpg\" alt=\"\" width=\"1966\" height=\"1366\" srcset=\"https:\/\/www.europaskolan.se\/strangnas\/wp-content\/uploads\/sites\/2\/2019\/06\/Europaskolan-studenten-2019-11.jpg 1966w, https:\/\/www.europaskolan.se\/strangnas\/wp-content\/uploads\/sites\/2\/2019\/06\/Europaskolan-studenten-2019-11-200x139.jpg 200w, https:\/\/www.europaskolan.se\/strangnas\/wp-content\/uploads\/sites\/2\/2019\/06\/Europaskolan-studenten-2019-11-432x300.jpg 432w, https:\/\/www.europaskolan.se\/strangnas\/wp-content\/uploads\/sites\/2\/2019\/06\/Europaskolan-studenten-2019-11-768x534.jpg 768w, https:\/\/www.europaskolan.se\/strangnas\/wp-content\/uploads\/sites\/2\/2019\/06\/Europaskolan-studenten-2019-11-1024x711.jpg 1024w\" sizes=\"(max-width: 1966px) 100vw, 1966px\" \/><\/p>\n<p><img loading=\"lazy\" decoding=\"async\" class=\"alignnone size-full wp-image-10474\" src=\"https:\/\/www.europaskolan.se\/strangnas\/wp-content\/uploads\/sites\/2\/2019\/06\/Europaskolan-studenten-2019-2.jpg\" alt=\"\" width=\"1680\" height=\"1120\" srcset=\"https:\/\/www.europaskolan.se\/strangnas\/wp-content\/uploads\/sites\/2\/2019\/06\/Europaskolan-studenten-2019-2.jpg 1680w, https:\/\/www.europaskolan.se\/strangnas\/wp-content\/uploads\/sites\/2\/2019\/06\/Europaskolan-studenten-2019-2-200x133.jpg 200w, https:\/\/www.europaskolan.se\/strangnas\/wp-content\/uploads\/sites\/2\/2019\/06\/Europaskolan-studenten-2019-2-450x300.jpg 450w, https:\/\/www.europaskolan.se\/strangnas\/wp-content\/uploads\/sites\/2\/2019\/06\/Europaskolan-studenten-2019-2-768x512.jpg 768w, https:\/\/www.europaskolan.se\/strangnas\/wp-content\/uploads\/sites\/2\/2019\/06\/Europaskolan-studenten-2019-2-1024x683.jpg 1024w\" sizes=\"(max-width: 1680px) 100vw, 1680px\" \/><\/p>\n<p><strong>D\u00e4refter f\u00f6ljde den traditionella studentmarschen genom staden,<\/strong> till bl\u00e5sorkester, innan det var dags f\u00f6r fordonskortege. N\u00e4r studenterna \u00e4ntrade flaken vreds basen i botten och d\u00e5nande rytmer fyllde staden, ackompanjerat av fortsatt gl\u00e4djeyra.<\/p>\n<p><img loading=\"lazy\" decoding=\"async\" class=\"alignnone size-full wp-image-10480\" src=\"https:\/\/www.europaskolan.se\/strangnas\/wp-content\/uploads\/sites\/2\/2019\/06\/Europaskolan-studenten-2019-12.jpg\" alt=\"\" width=\"1916\" height=\"1341\" srcset=\"https:\/\/www.europaskolan.se\/strangnas\/wp-content\/uploads\/sites\/2\/2019\/06\/Europaskolan-studenten-2019-12.jpg 1916w, https:\/\/www.europaskolan.se\/strangnas\/wp-content\/uploads\/sites\/2\/2019\/06\/Europaskolan-studenten-2019-12-200x140.jpg 200w, https:\/\/www.europaskolan.se\/strangnas\/wp-content\/uploads\/sites\/2\/2019\/06\/Europaskolan-studenten-2019-12-429x300.jpg 429w, https:\/\/www.europaskolan.se\/strangnas\/wp-content\/uploads\/sites\/2\/2019\/06\/Europaskolan-studenten-2019-12-768x538.jpg 768w, https:\/\/www.europaskolan.se\/strangnas\/wp-content\/uploads\/sites\/2\/2019\/06\/Europaskolan-studenten-2019-12-1024x717.jpg 1024w\" sizes=\"(max-width: 1916px) 100vw, 1916px\" \/><\/p>\n<h3>Skolavslutning p\u00e5 nationaldagen<\/h3>\n<p><img loading=\"lazy\" decoding=\"async\" class=\"alignnone size-full wp-image-10464\" src=\"https:\/\/www.europaskolan.se\/strangnas\/wp-content\/uploads\/sites\/2\/2019\/06\/Europaskolan-skolavslutning-2019-3.jpg\" alt=\"\" width=\"678\" height=\"825\" srcset=\"https:\/\/www.europaskolan.se\/strangnas\/wp-content\/uploads\/sites\/2\/2019\/06\/Europaskolan-skolavslutning-2019-3.jpg 678w, https:\/\/www.europaskolan.se\/strangnas\/wp-content\/uploads\/sites\/2\/2019\/06\/Europaskolan-skolavslutning-2019-3-123x150.jpg 123w, https:\/\/www.europaskolan.se\/strangnas\/wp-content\/uploads\/sites\/2\/2019\/06\/Europaskolan-skolavslutning-2019-3-247x300.jpg 247w\" sizes=\"(max-width: 678px) 100vw, 678px\" \/><\/p>\n<p><strong>Torsdagen den 6 juni, p\u00e5 sj\u00e4lvaste nationaldagen, avslutades l\u00e4s\u00e5ret<\/strong> med h\u00f6gtidlig skolavslutning i Str\u00e4ngn\u00e4s domkyrka. H\u00e4r fick vi lyssna till s\u00e5v\u00e4l vacker musik och s\u00e5ng som t\u00e4nkv\u00e4rda tal. V\u00e5ra elever imponerade, som alltid, stort med sina framtr\u00e4danden! Under avslutningen var det ocks\u00e5 utdelning av stipendier till de som s\u00e4rskilt utm\u00e4rkt sig under gymnasietiden.<\/p>\n<p><img loading=\"lazy\" decoding=\"async\" class=\"alignnone size-full wp-image-10462\" src=\"https:\/\/www.europaskolan.se\/strangnas\/wp-content\/uploads\/sites\/2\/2019\/06\/Europaskolan-skolavslutning-2019-5.jpg\" alt=\"\" width=\"1984\" height=\"1224\" srcset=\"https:\/\/www.europaskolan.se\/strangnas\/wp-content\/uploads\/sites\/2\/2019\/06\/Europaskolan-skolavslutning-2019-5.jpg 1984w, https:\/\/www.europaskolan.se\/strangnas\/wp-content\/uploads\/sites\/2\/2019\/06\/Europaskolan-skolavslutning-2019-5-200x123.jpg 200w, https:\/\/www.europaskolan.se\/strangnas\/wp-content\/uploads\/sites\/2\/2019\/06\/Europaskolan-skolavslutning-2019-5-486x300.jpg 486w, https:\/\/www.europaskolan.se\/strangnas\/wp-content\/uploads\/sites\/2\/2019\/06\/Europaskolan-skolavslutning-2019-5-768x474.jpg 768w, https:\/\/www.europaskolan.se\/strangnas\/wp-content\/uploads\/sites\/2\/2019\/06\/Europaskolan-skolavslutning-2019-5-1024x632.jpg 1024w\" sizes=\"(max-width: 1984px) 100vw, 1984px\" \/><\/p>\n<p><img loading=\"lazy\" decoding=\"async\" class=\"alignnone size-full wp-image-10465\" src=\"https:\/\/www.europaskolan.se\/strangnas\/wp-content\/uploads\/sites\/2\/2019\/06\/Europaskolan-skolavslutning-2019-2.jpg\" alt=\"\" width=\"2015\" height=\"1223\" srcset=\"https:\/\/www.europaskolan.se\/strangnas\/wp-content\/uploads\/sites\/2\/2019\/06\/Europaskolan-skolavslutning-2019-2.jpg 2015w, https:\/\/www.europaskolan.se\/strangnas\/wp-content\/uploads\/sites\/2\/2019\/06\/Europaskolan-skolavslutning-2019-2-200x121.jpg 200w, https:\/\/www.europaskolan.se\/strangnas\/wp-content\/uploads\/sites\/2\/2019\/06\/Europaskolan-skolavslutning-2019-2-494x300.jpg 494w, https:\/\/www.europaskolan.se\/strangnas\/wp-content\/uploads\/sites\/2\/2019\/06\/Europaskolan-skolavslutning-2019-2-768x466.jpg 768w, https:\/\/www.europaskolan.se\/strangnas\/wp-content\/uploads\/sites\/2\/2019\/06\/Europaskolan-skolavslutning-2019-2-1024x622.jpg 1024w\" sizes=\"(max-width: 2015px) 100vw, 2015px\" \/><\/p>\n<p><img loading=\"lazy\" decoding=\"async\" class=\"alignnone size-full wp-image-10463\" src=\"https:\/\/www.europaskolan.se\/strangnas\/wp-content\/uploads\/sites\/2\/2019\/06\/Europaskolan-skolavslutning-2019-4.jpg\" alt=\"\" width=\"2023\" height=\"1551\" srcset=\"https:\/\/www.europaskolan.se\/strangnas\/wp-content\/uploads\/sites\/2\/2019\/06\/Europaskolan-skolavslutning-2019-4.jpg 2023w, https:\/\/www.europaskolan.se\/strangnas\/wp-content\/uploads\/sites\/2\/2019\/06\/Europaskolan-skolavslutning-2019-4-196x150.jpg 196w, https:\/\/www.europaskolan.se\/strangnas\/wp-content\/uploads\/sites\/2\/2019\/06\/Europaskolan-skolavslutning-2019-4-391x300.jpg 391w, https:\/\/www.europaskolan.se\/strangnas\/wp-content\/uploads\/sites\/2\/2019\/06\/Europaskolan-skolavslutning-2019-4-768x589.jpg 768w, https:\/\/www.europaskolan.se\/strangnas\/wp-content\/uploads\/sites\/2\/2019\/06\/Europaskolan-skolavslutning-2019-4-1024x785.jpg 1024w, https:\/\/www.europaskolan.se\/strangnas\/wp-content\/uploads\/sites\/2\/2019\/06\/Europaskolan-skolavslutning-2019-4-70x53.jpg 70w\" sizes=\"(max-width: 2023px) 100vw, 2023px\" \/><\/p>\n<p><strong>Efter avslutningen i domkyrkan fortsatte v\u00e5ra studenter till Dj\u00e4kneg\u00e5rden,<\/strong> f\u00f6r att en och en ta emot sina betyg av rektor i Dj\u00e4knehallen, skolans aula. Ytterligare en fin tradition, som ocks\u00e5 f\u00f6ljdes av m\u00e5nga anh\u00f6riga.<\/p>\n<p><img loading=\"lazy\" decoding=\"async\" class=\"alignnone size-full wp-image-10466\" src=\"https:\/\/www.europaskolan.se\/strangnas\/wp-content\/uploads\/sites\/2\/2019\/06\/Europaskolan-skolavslutning-2019-1.jpg\" alt=\"\" width=\"1644\" height=\"677\" srcset=\"https:\/\/www.europaskolan.se\/strangnas\/wp-content\/uploads\/sites\/2\/2019\/06\/Europaskolan-skolavslutning-2019-1.jpg 1644w, https:\/\/www.europaskolan.se\/strangnas\/wp-content\/uploads\/sites\/2\/2019\/06\/Europaskolan-skolavslutning-2019-1-200x82.jpg 200w, https:\/\/www.europaskolan.se\/strangnas\/wp-content\/uploads\/sites\/2\/2019\/06\/Europaskolan-skolavslutning-2019-1-680x280.jpg 680w, https:\/\/www.europaskolan.se\/strangnas\/wp-content\/uploads\/sites\/2\/2019\/06\/Europaskolan-skolavslutning-2019-1-768x316.jpg 768w, https:\/\/www.europaskolan.se\/strangnas\/wp-content\/uploads\/sites\/2\/2019\/06\/Europaskolan-skolavslutning-2019-1-1024x422.jpg 1024w\" sizes=\"(max-width: 1644px) 100vw, 1644px\" \/><\/p>\n<p><em>V\u00e5ra varmaste lyck\u00f6nskningar till er studenter som nu g\u00e5r vidare ut i livet! Vi tackar f\u00f6r \u201dl\u00e5net\u201d av er under dessa tre \u00e5r och m\u00e5nga glada minnen.<\/em><\/p>\n<p><strong>Fotograf: <\/strong>P-O Ros\u00e9n.<br \/>\nSamtliga bilder f\u00e5r laddas ner f\u00f6r privat bruk.<\/p>\n<p>&nbsp;<\/p>\n<p>&nbsp;<\/p>\n","protected":false},"excerpt":{"rendered":"<p>Nu har de tagit studenten, v\u00e5ra treor p\u00e5 Europaskolan Str\u00e4ngn\u00e4s! Tisdagen den 4 juni sprang de ut i konfetti och solsken, till allm\u00e4nt jubel. Tv\u00e5 dagar senare var det st\u00e4mningsfull skolavslutning i Str\u00e4ngn\u00e4s domkyrka. Studentveckan p\u00e5 Europaskolan Str\u00e4ngn\u00e4s inleddes, som alltid, med m\u00f6ssp\u00e5tagning. D\u00e5 h\u00f6lls ett klassiskt \u201df\u00f6rh\u00f6r\u201d p\u00e5 \u00c5ngb\u00e5tsbron, med glimten i \u00f6gat, d\u00e4r [&hellip;]<\/p>\n","protected":false},"author":1,"featured_media":10471,"comment_status":"closed","ping_status":"closed","sticky":false,"template":"","format":"standard","meta":{"footnotes":""},"categories":[3,44],"tags":[],"class_list":["post-10460","post","type-post","status-publish","format-standard","has-post-thumbnail","hentry","category-aktuellt-europaskolan-strangnas","category-europaskolan-strangnas-i-bilder"],"blocksy_meta":[],"rttpg_featured_image_url":{"full":["https:\/\/www.europaskolan.se\/strangnas\/wp-content\/uploads\/sites\/2\/2019\/06\/Europaskolan-studenten-2019-5.jpg",1832,1008,false],"landscape":["https:\/\/www.europaskolan.se\/strangnas\/wp-content\/uploads\/sites\/2\/2019\/06\/Europaskolan-studenten-2019-5.jpg",1832,1008,false],"portraits":["https:\/\/www.europaskolan.se\/strangnas\/wp-content\/uploads\/sites\/2\/2019\/06\/Europaskolan-studenten-2019-5.jpg",1832,1008,false],"thumbnail":["https:\/\/www.europaskolan.se\/strangnas\/wp-content\/uploads\/sites\/2\/2019\/06\/Europaskolan-studenten-2019-5-200x110.jpg",200,110,true],"medium":["https:\/\/www.europaskolan.se\/strangnas\/wp-content\/uploads\/sites\/2\/2019\/06\/Europaskolan-studenten-2019-5-545x300.jpg",545,300,true],"large":["https:\/\/www.europaskolan.se\/strangnas\/wp-content\/uploads\/sites\/2\/2019\/06\/Europaskolan-studenten-2019-5-1024x563.jpg",1024,563,true],"1536x1536":["https:\/\/www.europaskolan.se\/strangnas\/wp-content\/uploads\/sites\/2\/2019\/06\/Europaskolan-studenten-2019-5.jpg",1536,845,false],"2048x2048":["https:\/\/www.europaskolan.se\/strangnas\/wp-content\/uploads\/sites\/2\/2019\/06\/Europaskolan-studenten-2019-5.jpg",1832,1008,false],"sow-carousel-default":["https:\/\/www.europaskolan.se\/strangnas\/wp-content\/uploads\/sites\/2\/2019\/06\/Europaskolan-studenten-2019-5.jpg",272,150,false]},"rttpg_author":{"display_name":"admin","author_link":"https:\/\/www.europaskolan.se\/strangnas\/author\/admin\/"},"rttpg_comment":0,"rttpg_category":"<a href=\"https:\/\/www.europaskolan.se\/strangnas\/category\/aktuellt-europaskolan-strangnas\/\" rel=\"category tag\">Aktuellt \u2013 Europaskolan Str\u00e4ngn\u00e4s<\/a> <a href=\"https:\/\/www.europaskolan.se\/strangnas\/category\/europaskolan-strangnas-i-bilder\/\" rel=\"category tag\">Europaskolan Str\u00e4ngn\u00e4s i bilder<\/a>","rttpg_excerpt":"Nu har de tagit studenten, v\u00e5ra treor p\u00e5 Europaskolan Str\u00e4ngn\u00e4s! Tisdagen den 4 juni sprang de ut i konfetti och solsken, till allm\u00e4nt jubel. Tv\u00e5 dagar senare var det st\u00e4mningsfull skolavslutning i Str\u00e4ngn\u00e4s domkyrka. Studentveckan p\u00e5 Europaskolan Str\u00e4ngn\u00e4s inleddes, som alltid, med m\u00f6ssp\u00e5tagning. D\u00e5 h\u00f6lls ett klassiskt \u201df\u00f6rh\u00f6r\u201d p\u00e5 \u00c5ngb\u00e5tsbron, med glimten i \u00f6gat, d\u00e4r&hellip;","_links":{"self":[{"href":"https:\/\/www.europaskolan.se\/strangnas\/wp-json\/wp\/v2\/posts\/10460","targetHints":{"allow":["GET"]}}],"collection":[{"href":"https:\/\/www.europaskolan.se\/strangnas\/wp-json\/wp\/v2\/posts"}],"about":[{"href":"https:\/\/www.europaskolan.se\/strangnas\/wp-json\/wp\/v2\/types\/post"}],"author":[{"embeddable":true,"href":"https:\/\/www.europaskolan.se\/strangnas\/wp-json\/wp\/v2\/users\/1"}],"replies":[{"embeddable":true,"href":"https:\/\/www.europaskolan.se\/strangnas\/wp-json\/wp\/v2\/comments?post=10460"}],"version-history":[{"count":0,"href":"https:\/\/www.europaskolan.se\/strangnas\/wp-json\/wp\/v2\/posts\/10460\/revisions"}],"wp:featuredmedia":[{"embeddable":true,"href":"https:\/\/www.europaskolan.se\/strangnas\/wp-json\/wp\/v2\/media\/10471"}],"wp:attachment":[{"href":"https:\/\/www.europaskolan.se\/strangnas\/wp-json\/wp\/v2\/media?parent=10460"}],"wp:term":[{"taxonomy":"category","embeddable":true,"href":"https:\/\/www.europaskolan.se\/strangnas\/wp-json\/wp\/v2\/categories?post=10460"},{"taxonomy":"post_tag","embeddable":true,"href":"https:\/\/www.europaskolan.se\/strangnas\/wp-json\/wp\/v2\/tags?post=10460"}],"curies":[{"name":"wp","href":"https:\/\/api.w.org\/{rel}","templated":true}]}}