{"id":10397,"date":"2019-05-30T16:41:31","date_gmt":"2019-05-30T14:41:31","guid":{"rendered":"https:\/\/www.europaskolan.se\/strangnas\/?p=10397"},"modified":"2021-08-16T14:29:43","modified_gmt":"2021-08-16T12:29:43","slug":"studentbalen-2019-har-ar-bilderna","status":"publish","type":"post","link":"https:\/\/www.europaskolan.se\/strangnas\/studentbalen-2019-har-ar-bilderna\/","title":{"rendered":"Studentbalen 2019 \u2013 h\u00e4r \u00e4r bilderna"},"content":{"rendered":"<p><img fetchpriority=\"high\" decoding=\"async\" class=\"alignnone size-full wp-image-10399\" src=\"https:\/\/www.europaskolan.se\/strangnas\/wp-content\/uploads\/sites\/2\/2019\/05\/ESS_Bal-2019-3.jpg\" alt=\"\" width=\"968\" height=\"597\" srcset=\"https:\/\/www.europaskolan.se\/strangnas\/wp-content\/uploads\/sites\/2\/2019\/05\/ESS_Bal-2019-3.jpg 968w, https:\/\/www.europaskolan.se\/strangnas\/wp-content\/uploads\/sites\/2\/2019\/05\/ESS_Bal-2019-3-200x123.jpg 200w, https:\/\/www.europaskolan.se\/strangnas\/wp-content\/uploads\/sites\/2\/2019\/05\/ESS_Bal-2019-3-486x300.jpg 486w, https:\/\/www.europaskolan.se\/strangnas\/wp-content\/uploads\/sites\/2\/2019\/05\/ESS_Bal-2019-3-768x474.jpg 768w\" sizes=\"(max-width: 968px) 100vw, 968px\" \/><\/p>\n<p><em>Den 24 maj var det dags f\u00f6r \u00e5rets studentbal f\u00f6r Europaskolan Str\u00e4ngn\u00e4s. P\u00e5 Sundbyholms Slott samlades h\u00f6gtidskl\u00e4dda elever och l\u00e4rare f\u00f6r en mycket minnesv\u00e4rd kv\u00e4ll med middag och dans.\u00a0<\/em><\/p>\n<p><strong>\u00c5rets studentbal p\u00e5 Sundbyholms Slott b\u00f6rjar lite os\u00e4kert<\/strong> \u2013 klarar vi oss fr\u00e5n regnet? Som vanligt finns m\u00e4ngder av anh\u00f6riga p\u00e5 plats med kameror och paraplyer i h\u00f6gsta beredskap. Till slut \u00e4r alla f\u00f6rberedelser klara och bilkaravanen b\u00f6rjar glida upp mot r\u00f6da mattan vid entr\u00e9n.<\/p>\n<p><img decoding=\"async\" class=\"alignnone size-full wp-image-10400\" src=\"https:\/\/www.europaskolan.se\/strangnas\/wp-content\/uploads\/sites\/2\/2019\/05\/ESS_Bal-2019-1.jpg\" alt=\"\" width=\"960\" height=\"870\" srcset=\"https:\/\/www.europaskolan.se\/strangnas\/wp-content\/uploads\/sites\/2\/2019\/05\/ESS_Bal-2019-1.jpg 960w, https:\/\/www.europaskolan.se\/strangnas\/wp-content\/uploads\/sites\/2\/2019\/05\/ESS_Bal-2019-1-166x150.jpg 166w, https:\/\/www.europaskolan.se\/strangnas\/wp-content\/uploads\/sites\/2\/2019\/05\/ESS_Bal-2019-1-331x300.jpg 331w, https:\/\/www.europaskolan.se\/strangnas\/wp-content\/uploads\/sites\/2\/2019\/05\/ESS_Bal-2019-1-768x696.jpg 768w\" sizes=\"(max-width: 960px) 100vw, 960px\" \/><\/p>\n<p><strong>Mest uppm\u00e4rksamhet v\u00e4cker ett ytterst annorlunda ekipage, n\u00e4mligen k\u00e4pph\u00e4star. <\/strong>Bakom dessa balg\u00e4ster bist\u00e5r dessutom den enas mor, med &#8221;hovklapper&#8221; fr\u00e5n en kokosn\u00f6t.<\/p>\n<p><strong>G\u00e4sterna fotograferas parvis p\u00e5 slottstrappan och d\u00e4r blir det ocks\u00e5 klassfotografering, <\/strong>innan minglet forts\u00e4tter i det ostadiga v\u00e4dret. D\u00e4refter blir det v\u00e4lkomstsk\u00e5l, d\u00e5 dagens v\u00e4rdpar Lisa och Tom h\u00e4lsar alla v\u00e4lkomna till \u00e5rets bal.<\/p>\n<p><img decoding=\"async\" class=\"alignnone size-full wp-image-10401\" src=\"https:\/\/www.europaskolan.se\/strangnas\/wp-content\/uploads\/sites\/2\/2019\/05\/ESS_Bal-2019-4.jpg\" alt=\"\" width=\"1946\" height=\"1552\" srcset=\"https:\/\/www.europaskolan.se\/strangnas\/wp-content\/uploads\/sites\/2\/2019\/05\/ESS_Bal-2019-4.jpg 1946w, https:\/\/www.europaskolan.se\/strangnas\/wp-content\/uploads\/sites\/2\/2019\/05\/ESS_Bal-2019-4-188x150.jpg 188w, https:\/\/www.europaskolan.se\/strangnas\/wp-content\/uploads\/sites\/2\/2019\/05\/ESS_Bal-2019-4-376x300.jpg 376w, https:\/\/www.europaskolan.se\/strangnas\/wp-content\/uploads\/sites\/2\/2019\/05\/ESS_Bal-2019-4-768x613.jpg 768w, https:\/\/www.europaskolan.se\/strangnas\/wp-content\/uploads\/sites\/2\/2019\/05\/ESS_Bal-2019-4-1024x817.jpg 1024w\" sizes=\"(max-width: 1946px) 100vw, 1946px\" \/><\/p>\n<p><strong>Sedan samlas alla f\u00f6r den traditionella balbilden<\/strong> vid slottsgaveln. L\u00e4gg m\u00e4rke till de extra balg\u00e4sterna som smugit sig in \u2013 ett gr\u00e4sandpar som ocks\u00e5 verkar gilla Europaskolan!<\/p>\n<p><img loading=\"lazy\" decoding=\"async\" class=\"alignnone size-full wp-image-10402\" src=\"https:\/\/www.europaskolan.se\/strangnas\/wp-content\/uploads\/sites\/2\/2019\/05\/ESS_Bal-2019-5.jpg\" alt=\"\" width=\"2021\" height=\"794\" srcset=\"https:\/\/www.europaskolan.se\/strangnas\/wp-content\/uploads\/sites\/2\/2019\/05\/ESS_Bal-2019-5.jpg 2021w, https:\/\/www.europaskolan.se\/strangnas\/wp-content\/uploads\/sites\/2\/2019\/05\/ESS_Bal-2019-5-200x79.jpg 200w, https:\/\/www.europaskolan.se\/strangnas\/wp-content\/uploads\/sites\/2\/2019\/05\/ESS_Bal-2019-5-680x267.jpg 680w, https:\/\/www.europaskolan.se\/strangnas\/wp-content\/uploads\/sites\/2\/2019\/05\/ESS_Bal-2019-5-768x302.jpg 768w, https:\/\/www.europaskolan.se\/strangnas\/wp-content\/uploads\/sites\/2\/2019\/05\/ESS_Bal-2019-5-1024x402.jpg 1024w\" sizes=\"(max-width: 2021px) 100vw, 2021px\" \/><\/p>\n<p><strong>St\u00e4mningen \u00e4r god men till slut \u00f6kar regnet,<\/strong> s\u00e5 g\u00e4sterna f\u00e5r s\u00f6ka sig till t\u00e4ltet p\u00e5 baksidan i v\u00e4ntan p\u00e5 maten. M\u00e5nga passar p\u00e5 att i st\u00e4llet g\u00e5 till \u00f6verv\u00e5ningens fotostudio, som gjorts i ordning dagen till \u00e4ra.<\/p>\n<p><img loading=\"lazy\" decoding=\"async\" class=\"alignnone size-full wp-image-10403\" src=\"https:\/\/www.europaskolan.se\/strangnas\/wp-content\/uploads\/sites\/2\/2019\/05\/ESS_Bal-2019-6.jpg\" alt=\"\" width=\"1680\" height=\"965\" srcset=\"https:\/\/www.europaskolan.se\/strangnas\/wp-content\/uploads\/sites\/2\/2019\/05\/ESS_Bal-2019-6.jpg 1680w, https:\/\/www.europaskolan.se\/strangnas\/wp-content\/uploads\/sites\/2\/2019\/05\/ESS_Bal-2019-6-200x115.jpg 200w, https:\/\/www.europaskolan.se\/strangnas\/wp-content\/uploads\/sites\/2\/2019\/05\/ESS_Bal-2019-6-522x300.jpg 522w, https:\/\/www.europaskolan.se\/strangnas\/wp-content\/uploads\/sites\/2\/2019\/05\/ESS_Bal-2019-6-768x441.jpg 768w, https:\/\/www.europaskolan.se\/strangnas\/wp-content\/uploads\/sites\/2\/2019\/05\/ESS_Bal-2019-6-1024x588.jpg 1024w\" sizes=\"(max-width: 1680px) 100vw, 1680px\" \/><\/p>\n<p><strong>S\u00e5 \u00e4r det \u00e4ntligen dags!<\/strong> D\u00f6rrarna \u00f6ppnas och alla g\u00e4ster kan ta plats i den vackra matsalen. Strax b\u00f6rjar ocks\u00e5 talen av b\u00e5de l\u00e4rare och elever, som ackompanjerar den delikata m\u00e5ltiden. Arteseleverna, till exempel, b\u00e5de talar och sjunger till sin uppskattade l\u00e4rare Eva.<\/p>\n<p><strong>Tilda improviserar p\u00e5 flygeln med apelsin som redskap,<\/strong> medan ytterligare andra bjuder p\u00e5 fina gitarr- och s\u00e5ngnummer.<\/p>\n<p><img loading=\"lazy\" decoding=\"async\" class=\"alignnone size-full wp-image-10404\" src=\"https:\/\/www.europaskolan.se\/strangnas\/wp-content\/uploads\/sites\/2\/2019\/05\/ESS_Bal-2019-9.jpg\" alt=\"\" width=\"1680\" height=\"1009\" srcset=\"https:\/\/www.europaskolan.se\/strangnas\/wp-content\/uploads\/sites\/2\/2019\/05\/ESS_Bal-2019-9.jpg 1680w, https:\/\/www.europaskolan.se\/strangnas\/wp-content\/uploads\/sites\/2\/2019\/05\/ESS_Bal-2019-9-200x120.jpg 200w, https:\/\/www.europaskolan.se\/strangnas\/wp-content\/uploads\/sites\/2\/2019\/05\/ESS_Bal-2019-9-500x300.jpg 500w, https:\/\/www.europaskolan.se\/strangnas\/wp-content\/uploads\/sites\/2\/2019\/05\/ESS_Bal-2019-9-768x461.jpg 768w, https:\/\/www.europaskolan.se\/strangnas\/wp-content\/uploads\/sites\/2\/2019\/05\/ESS_Bal-2019-9-1024x615.jpg 1024w\" sizes=\"(max-width: 1680px) 100vw, 1680px\" \/><\/p>\n<p><strong>N\u00e4r v\u00e5rt v\u00e4rdpar<\/strong><strong> har avslutat den fina middagen,<\/strong> \u00e4r det dags f\u00f6r kaffe, mingel och, inte minst, dansen. Det m\u00e4rks att m\u00e5nga har \u00f6vat flitigt, d\u00e4r de glider runt till k\u00e4nda valser som Shostakovich vals nr 2, \u201djazzvalsen\u201d. Men n\u00e4r rektor har l\u00e4mnat lokalen \u00e4ndras b\u00e5de dansstil och ljudvolym \u2026<\/p>\n<p><img loading=\"lazy\" decoding=\"async\" class=\"alignnone size-full wp-image-10405\" src=\"https:\/\/www.europaskolan.se\/strangnas\/wp-content\/uploads\/sites\/2\/2019\/05\/ESS_Bal-2019-7.jpg\" alt=\"\" width=\"903\" height=\"759\" srcset=\"https:\/\/www.europaskolan.se\/strangnas\/wp-content\/uploads\/sites\/2\/2019\/05\/ESS_Bal-2019-7.jpg 903w, https:\/\/www.europaskolan.se\/strangnas\/wp-content\/uploads\/sites\/2\/2019\/05\/ESS_Bal-2019-7-178x150.jpg 178w, https:\/\/www.europaskolan.se\/strangnas\/wp-content\/uploads\/sites\/2\/2019\/05\/ESS_Bal-2019-7-357x300.jpg 357w, https:\/\/www.europaskolan.se\/strangnas\/wp-content\/uploads\/sites\/2\/2019\/05\/ESS_Bal-2019-7-768x646.jpg 768w\" sizes=\"(max-width: 903px) 100vw, 903px\" \/><\/p>\n<p><em>Tusen tack till alla f\u00f6r \u00e4nnu en bal p\u00e5 slottet, som var alldeles, alldeles underbar!<\/em><\/p>\n<p>Foton: P-O Ros\u00e9n, Str\u00e4ngn\u00e4s<\/p>\n<p><a href=\"http:\/\/jalbum.net\/a\/1934345\" target=\"_blank\" rel=\"noopener noreferrer\">H\u00e4r \u00e4r bilderna fr\u00e5n 2019 \u00e5rs studentbal &gt;<\/a><\/p>\n<p><a href=\"https:\/\/www.europaskolan.se\/strangnas\/europaskolan-strangnas\/studentbal-en-tradition-for-avgangseleverna\/\">Bilder fr\u00e5n tidigare \u00e5rs studentbaler finns p\u00e5 sidan Studentbalen h\u00e4r p\u00e5 skolans webbplats &gt;<\/a><\/p>\n","protected":false},"excerpt":{"rendered":"<p>Den 24 maj var det dags f\u00f6r \u00e5rets studentbal f\u00f6r Europaskolan Str\u00e4ngn\u00e4s. P\u00e5 Sundbyholms Slott samlades h\u00f6gtidskl\u00e4dda elever och l\u00e4rare f\u00f6r en mycket minnesv\u00e4rd kv\u00e4ll med middag och dans.\u00a0 \u00c5rets studentbal p\u00e5 Sundbyholms Slott b\u00f6rjar lite os\u00e4kert \u2013 klarar vi oss fr\u00e5n regnet? Som vanligt finns m\u00e4ngder av anh\u00f6riga p\u00e5 plats med kameror och paraplyer [&hellip;]<\/p>\n","protected":false},"author":1,"featured_media":10407,"comment_status":"closed","ping_status":"closed","sticky":false,"template":"","format":"standard","meta":{"footnotes":""},"categories":[3,44],"tags":[],"class_list":["post-10397","post","type-post","status-publish","format-standard","has-post-thumbnail","hentry","category-aktuellt-europaskolan-strangnas","category-europaskolan-strangnas-i-bilder"],"blocksy_meta":[],"rttpg_featured_image_url":{"full":["https:\/\/www.europaskolan.se\/strangnas\/wp-content\/uploads\/sites\/2\/2019\/05\/ESS_Bal-2019-8.jpg",960,915,false],"landscape":["https:\/\/www.europaskolan.se\/strangnas\/wp-content\/uploads\/sites\/2\/2019\/05\/ESS_Bal-2019-8.jpg",960,915,false],"portraits":["https:\/\/www.europaskolan.se\/strangnas\/wp-content\/uploads\/sites\/2\/2019\/05\/ESS_Bal-2019-8.jpg",960,915,false],"thumbnail":["https:\/\/www.europaskolan.se\/strangnas\/wp-content\/uploads\/sites\/2\/2019\/05\/ESS_Bal-2019-8-157x150.jpg",157,150,true],"medium":["https:\/\/www.europaskolan.se\/strangnas\/wp-content\/uploads\/sites\/2\/2019\/05\/ESS_Bal-2019-8-315x300.jpg",315,300,true],"large":["https:\/\/www.europaskolan.se\/strangnas\/wp-content\/uploads\/sites\/2\/2019\/05\/ESS_Bal-2019-8.jpg",960,915,false],"1536x1536":["https:\/\/www.europaskolan.se\/strangnas\/wp-content\/uploads\/sites\/2\/2019\/05\/ESS_Bal-2019-8.jpg",960,915,false],"2048x2048":["https:\/\/www.europaskolan.se\/strangnas\/wp-content\/uploads\/sites\/2\/2019\/05\/ESS_Bal-2019-8.jpg",960,915,false],"sow-carousel-default":["https:\/\/www.europaskolan.se\/strangnas\/wp-content\/uploads\/sites\/2\/2019\/05\/ESS_Bal-2019-8.jpg",191,182,false]},"rttpg_author":{"display_name":"admin","author_link":"https:\/\/www.europaskolan.se\/strangnas\/author\/admin\/"},"rttpg_comment":0,"rttpg_category":"<a href=\"https:\/\/www.europaskolan.se\/strangnas\/category\/aktuellt-europaskolan-strangnas\/\" rel=\"category tag\">Aktuellt \u2013 Europaskolan Str\u00e4ngn\u00e4s<\/a> <a href=\"https:\/\/www.europaskolan.se\/strangnas\/category\/europaskolan-strangnas-i-bilder\/\" rel=\"category tag\">Europaskolan Str\u00e4ngn\u00e4s i bilder<\/a>","rttpg_excerpt":"Den 24 maj var det dags f\u00f6r \u00e5rets studentbal f\u00f6r Europaskolan Str\u00e4ngn\u00e4s. P\u00e5 Sundbyholms Slott samlades h\u00f6gtidskl\u00e4dda elever och l\u00e4rare f\u00f6r en mycket minnesv\u00e4rd kv\u00e4ll med middag och dans.\u00a0 \u00c5rets studentbal p\u00e5 Sundbyholms Slott b\u00f6rjar lite os\u00e4kert \u2013 klarar vi oss fr\u00e5n regnet? Som vanligt finns m\u00e4ngder av anh\u00f6riga p\u00e5 plats med kameror och paraplyer&hellip;","_links":{"self":[{"href":"https:\/\/www.europaskolan.se\/strangnas\/wp-json\/wp\/v2\/posts\/10397","targetHints":{"allow":["GET"]}}],"collection":[{"href":"https:\/\/www.europaskolan.se\/strangnas\/wp-json\/wp\/v2\/posts"}],"about":[{"href":"https:\/\/www.europaskolan.se\/strangnas\/wp-json\/wp\/v2\/types\/post"}],"author":[{"embeddable":true,"href":"https:\/\/www.europaskolan.se\/strangnas\/wp-json\/wp\/v2\/users\/1"}],"replies":[{"embeddable":true,"href":"https:\/\/www.europaskolan.se\/strangnas\/wp-json\/wp\/v2\/comments?post=10397"}],"version-history":[{"count":0,"href":"https:\/\/www.europaskolan.se\/strangnas\/wp-json\/wp\/v2\/posts\/10397\/revisions"}],"wp:featuredmedia":[{"embeddable":true,"href":"https:\/\/www.europaskolan.se\/strangnas\/wp-json\/wp\/v2\/media\/10407"}],"wp:attachment":[{"href":"https:\/\/www.europaskolan.se\/strangnas\/wp-json\/wp\/v2\/media?parent=10397"}],"wp:term":[{"taxonomy":"category","embeddable":true,"href":"https:\/\/www.europaskolan.se\/strangnas\/wp-json\/wp\/v2\/categories?post=10397"},{"taxonomy":"post_tag","embeddable":true,"href":"https:\/\/www.europaskolan.se\/strangnas\/wp-json\/wp\/v2\/tags?post=10397"}],"curies":[{"name":"wp","href":"https:\/\/api.w.org\/{rel}","templated":true}]}}