{"id":10140,"date":"2019-05-23T14:46:25","date_gmt":"2019-05-23T12:46:25","guid":{"rendered":"https:\/\/www.europaskolan.se\/strangnas\/?p=10140"},"modified":"2021-08-16T14:26:09","modified_gmt":"2021-08-16T12:26:09","slug":"silver-till-sabina-strandbergs-affarsplan-for-refruit-uf-pa-sm-i-ung-foretagsamhet","status":"publish","type":"post","link":"https:\/\/www.europaskolan.se\/strangnas\/silver-till-sabina-strandbergs-affarsplan-for-refruit-uf-pa-sm-i-ung-foretagsamhet\/","title":{"rendered":"Silver till Sabina Strandbergs aff\u00e4rsplan f\u00f6r ReFruit UF p\u00e5 SM i Ung F\u00f6retagsamhet"},"content":{"rendered":"<p><img fetchpriority=\"high\" decoding=\"async\" class=\"alignnone size-full wp-image-10141\" src=\"https:\/\/www.europaskolan.se\/strangnas\/wp-content\/uploads\/sites\/2\/2019\/05\/Europaskolan-SM-i-UF.jpg\" alt=\"\" width=\"1227\" height=\"978\" srcset=\"https:\/\/www.europaskolan.se\/strangnas\/wp-content\/uploads\/sites\/2\/2019\/05\/Europaskolan-SM-i-UF.jpg 1227w, https:\/\/www.europaskolan.se\/strangnas\/wp-content\/uploads\/sites\/2\/2019\/05\/Europaskolan-SM-i-UF-188x150.jpg 188w, https:\/\/www.europaskolan.se\/strangnas\/wp-content\/uploads\/sites\/2\/2019\/05\/Europaskolan-SM-i-UF-376x300.jpg 376w, https:\/\/www.europaskolan.se\/strangnas\/wp-content\/uploads\/sites\/2\/2019\/05\/Europaskolan-SM-i-UF-768x612.jpg 768w, https:\/\/www.europaskolan.se\/strangnas\/wp-content\/uploads\/sites\/2\/2019\/05\/Europaskolan-SM-i-UF-1024x816.jpg 1024w\" sizes=\"(max-width: 1227px) 100vw, 1227px\" \/><\/p>\n<p><em>Den 6 till 7 maj var det dags f\u00f6r SM i Ung F\u00f6retagsamhet, som gick av stapeln p\u00e5 Stockholmsm\u00e4ssan i \u00c4lvsj\u00f6. Europaskolan Str\u00e4ngn\u00e4s t\u00e4vlade med tre UF-f\u00f6retag, varav ReFruit UF:s Sabina Strandberg tog hem silver i \u00c5rets aff\u00e4rsplan. Stort grattis! <\/em><\/p>\n<p><strong>I 2019 \u00e5rs SM i Ung F\u00f6retagsamhet fanns 230 f\u00f6retag p\u00e5 plats<\/strong> f\u00f6r att t\u00e4vla om att vara b\u00e4st i Sverige. P\u00e5 invigningsdagen var det dessutom l\u00e4rarkonferens i entrepren\u00f6rskap p\u00e5 m\u00e4ssan, med utbyte av mycket erfarenheter och inspiration.<\/p>\n<p><strong>Fr\u00e5n Europaskolan Str\u00e4ngn\u00e4s deltog tre UF-f\u00f6retag,<\/strong> till v\u00e5r stora gl\u00e4dje: T-UF, Fold It UF samt Sabina Strandbergs aff\u00e4rsplan f\u00f6r ReFruit UF.<\/p>\n<p><img decoding=\"async\" class=\"alignnone wp-image-10143 size-full\" src=\"https:\/\/www.europaskolan.se\/strangnas\/wp-content\/uploads\/sites\/2\/2019\/05\/T.jpg\" alt=\"\" width=\"910\" height=\"664\" srcset=\"https:\/\/www.europaskolan.se\/strangnas\/wp-content\/uploads\/sites\/2\/2019\/05\/T.jpg 910w, https:\/\/www.europaskolan.se\/strangnas\/wp-content\/uploads\/sites\/2\/2019\/05\/T-200x146.jpg 200w, https:\/\/www.europaskolan.se\/strangnas\/wp-content\/uploads\/sites\/2\/2019\/05\/T-411x300.jpg 411w, https:\/\/www.europaskolan.se\/strangnas\/wp-content\/uploads\/sites\/2\/2019\/05\/T-768x560.jpg 768w\" sizes=\"(max-width: 910px) 100vw, 910px\" \/><\/p>\n<p><img decoding=\"async\" class=\"alignnone wp-image-10144 size-full\" src=\"https:\/\/www.europaskolan.se\/strangnas\/wp-content\/uploads\/sites\/2\/2019\/05\/FoldIt.jpg\" alt=\"\" width=\"960\" height=\"720\" srcset=\"https:\/\/www.europaskolan.se\/strangnas\/wp-content\/uploads\/sites\/2\/2019\/05\/FoldIt.jpg 960w, https:\/\/www.europaskolan.se\/strangnas\/wp-content\/uploads\/sites\/2\/2019\/05\/FoldIt-200x150.jpg 200w, https:\/\/www.europaskolan.se\/strangnas\/wp-content\/uploads\/sites\/2\/2019\/05\/FoldIt-400x300.jpg 400w, https:\/\/www.europaskolan.se\/strangnas\/wp-content\/uploads\/sites\/2\/2019\/05\/FoldIt-768x576.jpg 768w, https:\/\/www.europaskolan.se\/strangnas\/wp-content\/uploads\/sites\/2\/2019\/05\/FoldIt-174x131.jpg 174w, https:\/\/www.europaskolan.se\/strangnas\/wp-content\/uploads\/sites\/2\/2019\/05\/FoldIt-300x225.jpg 300w, https:\/\/www.europaskolan.se\/strangnas\/wp-content\/uploads\/sites\/2\/2019\/05\/FoldIt-70x53.jpg 70w\" sizes=\"(max-width: 960px) 100vw, 960px\" \/><\/p>\n<p><img loading=\"lazy\" decoding=\"async\" class=\"alignnone wp-image-10142 size-full\" src=\"https:\/\/www.europaskolan.se\/strangnas\/wp-content\/uploads\/sites\/2\/2019\/05\/ReFruit1.jpg\" alt=\"\" width=\"720\" height=\"789\" srcset=\"https:\/\/www.europaskolan.se\/strangnas\/wp-content\/uploads\/sites\/2\/2019\/05\/ReFruit1.jpg 720w, https:\/\/www.europaskolan.se\/strangnas\/wp-content\/uploads\/sites\/2\/2019\/05\/ReFruit1-137x150.jpg 137w, https:\/\/www.europaskolan.se\/strangnas\/wp-content\/uploads\/sites\/2\/2019\/05\/ReFruit1-274x300.jpg 274w\" sizes=\"(max-width: 720px) 100vw, 720px\" \/><\/p>\n<p><strong>Tom Andersson fr\u00e5n Fold It UF var dessutom nominerad i t\u00e4vlingen Framtidens ledare,<\/strong> som en av sex personer fr\u00e5n region \u00f6st.<\/p>\n<p><strong>Det var glada och taggade elever<\/strong> som med sp\u00e4nning visade upp sina produkter och tj\u00e4nster under m\u00e4ssdagarna. \u201dS\u00e5 mycket energi och s\u00e5 mycket gl\u00e4dje\u201d, skrev deras (lika peppade) l\u00e4rare Caroline Noreen och Robert Berg i en rapport p\u00e5 Facebook, med till\u00e4gget \u201dFramtidens entrepren\u00f6rer \u00e4r h\u00e4r\u201d.<\/p>\n<p><strong>SM-finalen resulterade i pallplats f\u00f6r Sabina Strandberg som tog hem silver i kategorin<br \/>\n\u00c5rets aff\u00e4rsplan. <\/strong>Vi \u00e4r mycket stolta \u00f6ver denna hedrande placering, likas\u00e5 \u00f6ver att Tom Andersson kan r\u00e4kna sig till de 25 b\u00e4sta i Sverige i t\u00e4vlingen Framtidens ledare.<\/p>\n<p><em>Stort grattis och varmt lycka till i framtiden, \u00f6nskar vi v\u00e5ra duktiga UF-elever!<\/em><\/p>\n<p><a href=\"https:\/\/ungforetagsamhet.se\/sm2019\" target=\"_blank\" rel=\"noopener noreferrer\">L\u00e4s mer om SM i Ung F\u00f6retagsamhet 2019 &gt;\u00a0<\/a><\/p>\n<p><strong>L\u00e4s mer om Europaskolan Str\u00e4ngn\u00e4s UF-f\u00f6retag som deltog i SM:<\/strong><br \/>\n<a href=\"https:\/\/www.facebook.com\/ufrefruit\/\" target=\"_blank\" rel=\"noopener noreferrer\">ReFruit UF &gt;<\/a><br \/>\n<a href=\"https:\/\/www.facebook.com\/foldituf1\/\" target=\"_blank\" rel=\"noopener noreferrer\">Fold It UF &gt;\u00a0<\/a><br \/>\n<a href=\"https:\/\/www.facebook.com\/tuf.europaskolan\/\" target=\"_blank\" rel=\"noopener noreferrer\">T-UF &gt;\u00a0<\/a><\/p>\n","protected":false},"excerpt":{"rendered":"<p>Den 6 till 7 maj var det dags f\u00f6r SM i Ung F\u00f6retagsamhet, som gick av stapeln p\u00e5 Stockholmsm\u00e4ssan i \u00c4lvsj\u00f6. Europaskolan Str\u00e4ngn\u00e4s t\u00e4vlade med tre UF-f\u00f6retag, varav ReFruit UF:s Sabina Strandberg tog hem silver i \u00c5rets aff\u00e4rsplan. Stort grattis! I 2019 \u00e5rs SM i Ung F\u00f6retagsamhet fanns 230 f\u00f6retag p\u00e5 plats f\u00f6r att t\u00e4vla [&hellip;]<\/p>\n","protected":false},"author":1,"featured_media":10147,"comment_status":"closed","ping_status":"closed","sticky":false,"template":"","format":"standard","meta":{"footnotes":""},"categories":[44,11],"tags":[],"class_list":["post-10140","post","type-post","status-publish","format-standard","has-post-thumbnail","hentry","category-europaskolan-strangnas-i-bilder","category-utmarkelser-europaskolan-strangnas"],"blocksy_meta":[],"rttpg_featured_image_url":{"full":["https:\/\/www.europaskolan.se\/strangnas\/wp-content\/uploads\/sites\/2\/2019\/05\/ReFruit2.jpg",720,672,false],"landscape":["https:\/\/www.europaskolan.se\/strangnas\/wp-content\/uploads\/sites\/2\/2019\/05\/ReFruit2.jpg",720,672,false],"portraits":["https:\/\/www.europaskolan.se\/strangnas\/wp-content\/uploads\/sites\/2\/2019\/05\/ReFruit2.jpg",720,672,false],"thumbnail":["https:\/\/www.europaskolan.se\/strangnas\/wp-content\/uploads\/sites\/2\/2019\/05\/ReFruit2-161x150.jpg",161,150,true],"medium":["https:\/\/www.europaskolan.se\/strangnas\/wp-content\/uploads\/sites\/2\/2019\/05\/ReFruit2-321x300.jpg",321,300,true],"large":["https:\/\/www.europaskolan.se\/strangnas\/wp-content\/uploads\/sites\/2\/2019\/05\/ReFruit2.jpg",720,672,false],"1536x1536":["https:\/\/www.europaskolan.se\/strangnas\/wp-content\/uploads\/sites\/2\/2019\/05\/ReFruit2.jpg",720,672,false],"2048x2048":["https:\/\/www.europaskolan.se\/strangnas\/wp-content\/uploads\/sites\/2\/2019\/05\/ReFruit2.jpg",720,672,false],"sow-carousel-default":["https:\/\/www.europaskolan.se\/strangnas\/wp-content\/uploads\/sites\/2\/2019\/05\/ReFruit2.jpg",195,182,false]},"rttpg_author":{"display_name":"admin","author_link":"https:\/\/www.europaskolan.se\/strangnas\/author\/admin\/"},"rttpg_comment":0,"rttpg_category":"<a href=\"https:\/\/www.europaskolan.se\/strangnas\/category\/europaskolan-strangnas-i-bilder\/\" rel=\"category tag\">Europaskolan Str\u00e4ngn\u00e4s i bilder<\/a> <a href=\"https:\/\/www.europaskolan.se\/strangnas\/category\/utmarkelser-europaskolan-strangnas\/\" rel=\"category tag\">Utm\u00e4rkelser \u2013 Europaskolan Str\u00e4ngn\u00e4s<\/a>","rttpg_excerpt":"Den 6 till 7 maj var det dags f\u00f6r SM i Ung F\u00f6retagsamhet, som gick av stapeln p\u00e5 Stockholmsm\u00e4ssan i \u00c4lvsj\u00f6. Europaskolan Str\u00e4ngn\u00e4s t\u00e4vlade med tre UF-f\u00f6retag, varav ReFruit UF:s Sabina Strandberg tog hem silver i \u00c5rets aff\u00e4rsplan. Stort grattis! I 2019 \u00e5rs SM i Ung F\u00f6retagsamhet fanns 230 f\u00f6retag p\u00e5 plats f\u00f6r att t\u00e4vla&hellip;","_links":{"self":[{"href":"https:\/\/www.europaskolan.se\/strangnas\/wp-json\/wp\/v2\/posts\/10140","targetHints":{"allow":["GET"]}}],"collection":[{"href":"https:\/\/www.europaskolan.se\/strangnas\/wp-json\/wp\/v2\/posts"}],"about":[{"href":"https:\/\/www.europaskolan.se\/strangnas\/wp-json\/wp\/v2\/types\/post"}],"author":[{"embeddable":true,"href":"https:\/\/www.europaskolan.se\/strangnas\/wp-json\/wp\/v2\/users\/1"}],"replies":[{"embeddable":true,"href":"https:\/\/www.europaskolan.se\/strangnas\/wp-json\/wp\/v2\/comments?post=10140"}],"version-history":[{"count":0,"href":"https:\/\/www.europaskolan.se\/strangnas\/wp-json\/wp\/v2\/posts\/10140\/revisions"}],"wp:featuredmedia":[{"embeddable":true,"href":"https:\/\/www.europaskolan.se\/strangnas\/wp-json\/wp\/v2\/media\/10147"}],"wp:attachment":[{"href":"https:\/\/www.europaskolan.se\/strangnas\/wp-json\/wp\/v2\/media?parent=10140"}],"wp:term":[{"taxonomy":"category","embeddable":true,"href":"https:\/\/www.europaskolan.se\/strangnas\/wp-json\/wp\/v2\/categories?post=10140"},{"taxonomy":"post_tag","embeddable":true,"href":"https:\/\/www.europaskolan.se\/strangnas\/wp-json\/wp\/v2\/tags?post=10140"}],"curies":[{"name":"wp","href":"https:\/\/api.w.org\/{rel}","templated":true}]}}