{"id":10112,"date":"2019-05-21T18:51:49","date_gmt":"2019-05-21T16:51:49","guid":{"rendered":"https:\/\/www.europaskolan.se\/strangnas\/?p=10112"},"modified":"2019-05-21T18:52:27","modified_gmt":"2019-05-21T16:52:27","slug":"lovisa-strange-och-calle-klang-i-science-17-har-vunnit-stipendium-for-deltagande-i-lise-meitner-dagarna-2019","status":"publish","type":"post","link":"https:\/\/www.europaskolan.se\/strangnas\/lovisa-strange-och-calle-klang-i-science-17-har-vunnit-stipendium-for-deltagande-i-lise-meitner-dagarna-2019\/","title":{"rendered":"Lovisa Strange och Calle Klang i Science 17 har vunnit stipendium f\u00f6r deltagande i Lise Meitner-dagarna 2019"},"content":{"rendered":"<p><img fetchpriority=\"high\" decoding=\"async\" class=\"alignnone size-full wp-image-10113\" src=\"https:\/\/www.europaskolan.se\/strangnas\/wp-content\/uploads\/sites\/2\/2019\/05\/Stipendium_Europaskolan_Strangnas1.jpg\" alt=\"\" width=\"1984\" height=\"1296\" srcset=\"https:\/\/www.europaskolan.se\/strangnas\/wp-content\/uploads\/sites\/2\/2019\/05\/Stipendium_Europaskolan_Strangnas1.jpg 1984w, https:\/\/www.europaskolan.se\/strangnas\/wp-content\/uploads\/sites\/2\/2019\/05\/Stipendium_Europaskolan_Strangnas1-200x131.jpg 200w, https:\/\/www.europaskolan.se\/strangnas\/wp-content\/uploads\/sites\/2\/2019\/05\/Stipendium_Europaskolan_Strangnas1-459x300.jpg 459w, https:\/\/www.europaskolan.se\/strangnas\/wp-content\/uploads\/sites\/2\/2019\/05\/Stipendium_Europaskolan_Strangnas1-768x502.jpg 768w, https:\/\/www.europaskolan.se\/strangnas\/wp-content\/uploads\/sites\/2\/2019\/05\/Stipendium_Europaskolan_Strangnas1-1024x669.jpg 1024w\" sizes=\"(max-width: 1984px) 100vw, 1984px\" \/><\/p>\n<p><em>Stort grattis till v\u00e5ra spetselever Calle Klang och Lovisa Strange! De har n\u00e4mligen vunnit stipendier f\u00f6r mycket goda insatser i fysik. Priset inneb\u00e4r tv\u00e5 platser under Lise Meitner-dagarna 2019 \u2013 en \u00e5rlig konferens f\u00f6r fysikintresserade gymnasieelever.<\/em><\/p>\n<p><strong>M\u00e5let med Lise Meitner-dagarna \u00e4r att l\u00e5ta ungdomar m\u00f6ta aktuell och intressant fysik<\/strong> i \u00e4mnets hela bredd. D\u00e4rigenom ska de f\u00e5 en \u00f6kad f\u00f6rst\u00e5else f\u00f6r fysikens roll och m\u00f6jligheter. P\u00e5 l\u00e5ng sikt \u00e4r syftet att \u00f6ka intresset f\u00f6r \u00e4mnet fysik och stimulera fler elever att g\u00e5 vidare till naturvetenskapliga och tekniska h\u00f6gskoleutbildningar.<\/p>\n<p><strong>Fysikl\u00e4raren Erik Waltersson fick ett erbjudande om att anm\u00e4la tv\u00e5 elever<\/strong> fr\u00e5n Europaskolan Str\u00e4ngn\u00e4s till \u00e5rets Lise Meitner-dagar, som i \u00e5r arrangeras f\u00f6r femte g\u00e5ngen.<\/p>\n<p><strong>Men man kunde ocks\u00e5 ans\u00f6ka om stipendium, <\/strong>vilket Erik gjorde. Det visade sig vara ett lyckat beslut. Europaskolan Str\u00e4ngn\u00e4s vann n\u00e4mligen hela tv\u00e5 stipendier: ett till Lovisa Strange och ett till Calle Klang, som b\u00e5da g\u00e5r i \u00e5rskurs 2 p\u00e5 spetsutbildningen Science.<\/p>\n<p><strong>De tv\u00e5 vinnarna valdes ut tack vare mycket goda resultat<\/strong> i fysik 1 (A med stor marginal) och mycket goda resultat p\u00e5 uttagningst\u00e4vlingen till Wallenbergs fysikpris. Stipendiet \u00e4r v\u00e4rt 5 000 kronor per person och \u00e4r f\u00f6rst\u00e5s ytterst v\u00e4lkommet.<\/p>\n<p><strong>Vi \u00e4r s\u00e5 stolta \u00f6ver v\u00e5ra stipendiater <\/strong>som ser fram emot tre intensiva konferensdagar i h\u00f6st, n\u00e4rmare best\u00e4mt den 22 till 24 november.<\/p>\n<p><em>Varmt grattis fr\u00e5n oss alla p\u00e5 Europaskolan Str\u00e4ngn\u00e4s!<\/em><\/p>\n<p><a href=\"http:\/\/www.lisemeitnerdagarna.se\/\" target=\"_blank\" rel=\"noopener noreferrer\">L\u00e4s mer om Lise Meitner-dagarna\u00a0 &gt;<\/a><br \/>\n<a href=\"http:\/\/www.fysikersamfundet.se\/wallenbergs-fysikpris\/\" target=\"_blank\" rel=\"noopener noreferrer\">L\u00e4s mer om Wallenbergs fysikpris\u00a0 &gt;\u00a0<\/a><\/p>\n","protected":false},"excerpt":{"rendered":"<p>Stort grattis till v\u00e5ra spetselever Calle Klang och Lovisa Strange! De har n\u00e4mligen vunnit stipendier f\u00f6r mycket goda insatser i fysik. Priset inneb\u00e4r tv\u00e5 platser under Lise Meitner-dagarna 2019 \u2013 en \u00e5rlig konferens f\u00f6r fysikintresserade gymnasieelever. M\u00e5let med Lise Meitner-dagarna \u00e4r att l\u00e5ta ungdomar m\u00f6ta aktuell och intressant fysik i \u00e4mnets hela bredd. D\u00e4rigenom ska [&hellip;]<\/p>\n","protected":false},"author":1,"featured_media":10114,"comment_status":"closed","ping_status":"closed","sticky":false,"template":"","format":"standard","meta":{"footnotes":""},"categories":[11],"tags":[],"class_list":["post-10112","post","type-post","status-publish","format-standard","has-post-thumbnail","hentry","category-utmarkelser-europaskolan-strangnas"],"blocksy_meta":[],"rttpg_featured_image_url":{"full":["https:\/\/www.europaskolan.se\/strangnas\/wp-content\/uploads\/sites\/2\/2019\/05\/Stipendium_Europaskolan_Strangnas.jpg",1984,1488,false],"landscape":["https:\/\/www.europaskolan.se\/strangnas\/wp-content\/uploads\/sites\/2\/2019\/05\/Stipendium_Europaskolan_Strangnas.jpg",1984,1488,false],"portraits":["https:\/\/www.europaskolan.se\/strangnas\/wp-content\/uploads\/sites\/2\/2019\/05\/Stipendium_Europaskolan_Strangnas.jpg",1984,1488,false],"thumbnail":["https:\/\/www.europaskolan.se\/strangnas\/wp-content\/uploads\/sites\/2\/2019\/05\/Stipendium_Europaskolan_Strangnas-200x150.jpg",200,150,true],"medium":["https:\/\/www.europaskolan.se\/strangnas\/wp-content\/uploads\/sites\/2\/2019\/05\/Stipendium_Europaskolan_Strangnas-400x300.jpg",400,300,true],"large":["https:\/\/www.europaskolan.se\/strangnas\/wp-content\/uploads\/sites\/2\/2019\/05\/Stipendium_Europaskolan_Strangnas-1024x768.jpg",1024,768,true],"1536x1536":["https:\/\/www.europaskolan.se\/strangnas\/wp-content\/uploads\/sites\/2\/2019\/05\/Stipendium_Europaskolan_Strangnas.jpg",1536,1152,false],"2048x2048":["https:\/\/www.europaskolan.se\/strangnas\/wp-content\/uploads\/sites\/2\/2019\/05\/Stipendium_Europaskolan_Strangnas.jpg",1984,1488,false],"sow-carousel-default":["https:\/\/www.europaskolan.se\/strangnas\/wp-content\/uploads\/sites\/2\/2019\/05\/Stipendium_Europaskolan_Strangnas.jpg",243,182,false]},"rttpg_author":{"display_name":"admin","author_link":"https:\/\/www.europaskolan.se\/strangnas\/author\/admin\/"},"rttpg_comment":0,"rttpg_category":"<a href=\"https:\/\/www.europaskolan.se\/strangnas\/category\/utmarkelser-europaskolan-strangnas\/\" rel=\"category tag\">Utm\u00e4rkelser \u2013 Europaskolan Str\u00e4ngn\u00e4s<\/a>","rttpg_excerpt":"Stort grattis till v\u00e5ra spetselever Calle Klang och Lovisa Strange! De har n\u00e4mligen vunnit stipendier f\u00f6r mycket goda insatser i fysik. Priset inneb\u00e4r tv\u00e5 platser under Lise Meitner-dagarna 2019 \u2013 en \u00e5rlig konferens f\u00f6r fysikintresserade gymnasieelever. M\u00e5let med Lise Meitner-dagarna \u00e4r att l\u00e5ta ungdomar m\u00f6ta aktuell och intressant fysik i \u00e4mnets hela bredd. D\u00e4rigenom ska&hellip;","_links":{"self":[{"href":"https:\/\/www.europaskolan.se\/strangnas\/wp-json\/wp\/v2\/posts\/10112","targetHints":{"allow":["GET"]}}],"collection":[{"href":"https:\/\/www.europaskolan.se\/strangnas\/wp-json\/wp\/v2\/posts"}],"about":[{"href":"https:\/\/www.europaskolan.se\/strangnas\/wp-json\/wp\/v2\/types\/post"}],"author":[{"embeddable":true,"href":"https:\/\/www.europaskolan.se\/strangnas\/wp-json\/wp\/v2\/users\/1"}],"replies":[{"embeddable":true,"href":"https:\/\/www.europaskolan.se\/strangnas\/wp-json\/wp\/v2\/comments?post=10112"}],"version-history":[{"count":0,"href":"https:\/\/www.europaskolan.se\/strangnas\/wp-json\/wp\/v2\/posts\/10112\/revisions"}],"wp:featuredmedia":[{"embeddable":true,"href":"https:\/\/www.europaskolan.se\/strangnas\/wp-json\/wp\/v2\/media\/10114"}],"wp:attachment":[{"href":"https:\/\/www.europaskolan.se\/strangnas\/wp-json\/wp\/v2\/media?parent=10112"}],"wp:term":[{"taxonomy":"category","embeddable":true,"href":"https:\/\/www.europaskolan.se\/strangnas\/wp-json\/wp\/v2\/categories?post=10112"},{"taxonomy":"post_tag","embeddable":true,"href":"https:\/\/www.europaskolan.se\/strangnas\/wp-json\/wp\/v2\/tags?post=10112"}],"curies":[{"name":"wp","href":"https:\/\/api.w.org\/{rel}","templated":true}]}}