{"id":10004,"date":"2019-03-29T13:05:06","date_gmt":"2019-03-29T12:05:06","guid":{"rendered":"https:\/\/www.europaskolan.se\/strangnas\/?p=10004"},"modified":"2021-08-16T14:26:44","modified_gmt":"2021-08-16T12:26:44","slug":"rekordvinster-till-europaskolan-strangnas-pa-arets-regionala-uf-massa","status":"publish","type":"post","link":"https:\/\/www.europaskolan.se\/strangnas\/rekordvinster-till-europaskolan-strangnas-pa-arets-regionala-uf-massa\/","title":{"rendered":"Rekordvinster till Europaskolan Str\u00e4ngn\u00e4s p\u00e5 \u00e5rets regionala UF-m\u00e4ssa"},"content":{"rendered":"<p><img fetchpriority=\"high\" decoding=\"async\" class=\"alignnone size-full wp-image-10165\" src=\"https:\/\/www.europaskolan.se\/wp-content\/uploads\/2019\/03\/ESS-Foldit.jpg\" alt=\"\" width=\"683\" height=\"726\" \/><\/p>\n<p><em>V\u00e5ra elever har gjort det igen \u2013 och denna g\u00e5ng med storslam! De vann n\u00e4mligen allt som gick att vinna i den regionala UF-m\u00e4ssan Entrepren\u00f6rskap p\u00e5 riktigt. Nu v\u00e4ntar SM i \u00c4lvsj\u00f6 f\u00f6r Europaskolan Str\u00e4ngn\u00e4s via Fold it UF, T-UF och aff\u00e4rsplanen fr\u00e5n ReFruit UF. Stort grattis till er, alla fantastiska entrepren\u00f6rer!<\/em><\/p>\n<p><strong>Hela 130 UF-f\u00f6retag fanns p\u00e5 plats under \u00e5rets UF-m\u00e4ssa<\/strong> Entrepren\u00f6rskap p\u00e5 riktigt i Katrineholm. Det \u00e4r S\u00f6dermanlands st\u00f6rsta m\u00e4ssa f\u00f6r unga f\u00f6retagare, som i \u00e5r gick av stapeln l\u00f6rdagen den 23 mars.<\/p>\n<p><strong>M\u00e4ssan Entrepren\u00f6rskap p\u00e5 riktigt arrangeras varje \u00e5r<\/strong> runt om i Sverige av Ung F\u00f6retagsamhet, en politiskt obunden, ideell utbildningsorganisation. Tanken \u00e4r att ge landets unga f\u00f6retagare m\u00f6jlighet att s\u00e4lja, knyta v\u00e4rdefulla kontakter och t\u00e4vla i 16 olika kategorier av entrepren\u00f6rskap. Till den energifyllda m\u00e4ssan bjuds \u00e4ven allm\u00e4nheten in, och i juryn fanns i \u00e5r drygt 80 representanter fr\u00e5n S\u00f6dermanlands n\u00e4ringsliv.<\/p>\n<p><strong>Resultatet: rekord f\u00f6r Europaskolan Str\u00e4ngn\u00e4s UF-f\u00f6retag, som tog hem 5 guld, 4 silver och 3 brons! <\/strong>Ett resultat som \u00e5terigen \u00e4r bevis p\u00e5 v\u00e5ra elevers sanna entrepren\u00f6rsanda och \u00e4ven ett utm\u00e4rkt betyg till v\u00e5ra l\u00e4rare. \u201dEuropaskolan Str\u00e4ngn\u00e4s f\u00f6retagarelever, framtidens entrepren\u00f6rer \u2013 ni \u00e4r grymma!\u201d Det skrev de stolta l\u00e4rarna Robert Berg och Caroline Noreen i sociala medier n\u00e4r t\u00e4vlingen var avgjord.<\/p>\n<p><strong>Nu v\u00e4ntar SM-final f\u00f6r T-UF, Fold it UF samt Sabina Strandbergs aff\u00e4rsplan f\u00f6r ReFruit UF,<\/strong> som<br \/>\nf\u00e5r representera S\u00f6dermanland p\u00e5 Stockholmsm\u00e4ssan i \u00c4lvsj\u00f6, den 6 till 7 maj.<\/p>\n<p><em>Stort grattis till alla pristagare och lycka till i SM! Vi \u00e4r s\u00e5 stolta \u00f6ver er.<\/em><\/p>\n<hr \/>\n<h3><strong>H\u00e4r \u00e4r hela listan \u00f6ver priser till UF-f\u00f6retag fr\u00e5n Europaskolan Str\u00e4ngn\u00e4s:<\/strong><\/h3>\n<p><img decoding=\"async\" class=\"alignnone wp-image-10158\" src=\"https:\/\/www.europaskolan.se\/wp-content\/uploads\/2019\/03\/ESS-ReFruit1.jpg\" alt=\"\" width=\"500\" height=\"498\" \/><\/p>\n<p><strong>\u00c5rets aff\u00e4rsplan:<\/strong><br \/>\nReFruit (GULD)<\/p>\n<p><strong>\u00c5rets \u00e5rsredovisning (2018):<\/strong><br \/>\nGet Organized (GULD)<\/p>\n<p><strong>\u00c5rets reklamfilm:<\/strong><br \/>\nFold it (GULD)<\/p>\n<p><img decoding=\"async\" class=\"alignnone wp-image-10157\" src=\"https:\/\/www.europaskolan.se\/wp-content\/uploads\/2019\/03\/ESS-Foldit-2.jpg\" alt=\"\" width=\"500\" height=\"406\" \/><\/p>\n<p><strong>\u00c5rets marknadsf\u00f6ring:<\/strong><br \/>\nFold it (GULD)<\/p>\n<p><img loading=\"lazy\" decoding=\"async\" class=\"alignnone wp-image-10163\" src=\"https:\/\/www.europaskolan.se\/wp-content\/uploads\/2019\/03\/ESS-Tangleless.jpg\" alt=\"\" width=\"500\" height=\"448\" \/><\/p>\n<p><strong>\u00c5rets h\u00e5llbara UF-f\u00f6retag:<\/strong><br \/>\nTangleless (BRONS)<\/p>\n<p><img loading=\"lazy\" decoding=\"async\" class=\"alignnone wp-image-10155\" src=\"https:\/\/www.europaskolan.se\/wp-content\/uploads\/2019\/03\/ESS-Spezie-1.jpg\" alt=\"\" width=\"500\" height=\"496\" \/><\/p>\n<p><strong>\u00c5rets hantverkare:<\/strong><br \/>\nSpezie (BRONS)<\/p>\n<p><img loading=\"lazy\" decoding=\"async\" class=\"alignnone wp-image-10162\" src=\"https:\/\/www.europaskolan.se\/wp-content\/uploads\/2019\/03\/ESS-NightLight.jpg\" alt=\"\" width=\"500\" height=\"595\" \/><\/p>\n<p><strong>\u00c5rets samh\u00e4llsentrepren\u00f6r:<\/strong><br \/>\nNightLight (BRONS)<\/p>\n<p><img loading=\"lazy\" decoding=\"async\" class=\"alignnone wp-image-10164\" src=\"https:\/\/www.europaskolan.se\/wp-content\/uploads\/2019\/03\/ESS-Straws.jpg\" alt=\"\" width=\"500\" height=\"472\" \/><\/p>\n<p><strong>\u00c5rets vara:<\/strong><br \/>\nFold it (GULD)<br \/>\nStraws (SILVER)<\/p>\n<p><img loading=\"lazy\" decoding=\"async\" class=\"alignnone wp-image-10161\" src=\"https:\/\/www.europaskolan.se\/wp-content\/uploads\/2019\/03\/ESS-T-UF.jpg\" alt=\"\" width=\"500\" height=\"486\" \/><\/p>\n<p><strong>\u00c5rets monter:<\/strong><br \/>\nT-UF (SILVER)<\/p>\n<p><strong>\u00c5rets s\u00e4ljare:<\/strong><br \/>\nTom Andersson (SILVER)<\/p>\n<p><img loading=\"lazy\" decoding=\"async\" class=\"alignnone wp-image-10156\" src=\"https:\/\/www.europaskolan.se\/wp-content\/uploads\/2019\/03\/ESS-Foldit-3.jpg\" alt=\"\" width=\"500\" height=\"536\" \/><\/p>\n<p><strong>\u00c5rets f\u00f6retag:<\/strong><br \/>\nFold it (SILVER)<\/p>\n","protected":false},"excerpt":{"rendered":"<p>V\u00e5ra elever har gjort det igen \u2013 och denna g\u00e5ng med storslam! De vann n\u00e4mligen allt som gick att vinna i den regionala UF-m\u00e4ssan Entrepren\u00f6rskap p\u00e5 riktigt. Nu v\u00e4ntar SM i \u00c4lvsj\u00f6 f\u00f6r Europaskolan Str\u00e4ngn\u00e4s via Fold it UF, T-UF och aff\u00e4rsplanen fr\u00e5n ReFruit UF. Stort grattis till er, alla fantastiska entrepren\u00f6rer! Hela 130 UF-f\u00f6retag [&hellip;]<\/p>\n","protected":false},"author":2,"featured_media":10005,"comment_status":"closed","ping_status":"closed","sticky":false,"template":"","format":"standard","meta":{"footnotes":""},"categories":[44,11],"tags":[],"class_list":["post-10004","post","type-post","status-publish","format-standard","has-post-thumbnail","hentry","category-europaskolan-strangnas-i-bilder","category-utmarkelser-europaskolan-strangnas"],"blocksy_meta":[],"rttpg_featured_image_url":{"full":["https:\/\/www.europaskolan.se\/strangnas\/wp-content\/uploads\/sites\/2\/2019\/03\/ESS-Foldit-4.jpg",591,717,false],"landscape":["https:\/\/www.europaskolan.se\/strangnas\/wp-content\/uploads\/sites\/2\/2019\/03\/ESS-Foldit-4.jpg",591,717,false],"portraits":["https:\/\/www.europaskolan.se\/strangnas\/wp-content\/uploads\/sites\/2\/2019\/03\/ESS-Foldit-4.jpg",591,717,false],"thumbnail":["https:\/\/www.europaskolan.se\/strangnas\/wp-content\/uploads\/sites\/2\/2019\/03\/ESS-Foldit-4-124x150.jpg",124,150,true],"medium":["https:\/\/www.europaskolan.se\/strangnas\/wp-content\/uploads\/sites\/2\/2019\/03\/ESS-Foldit-4-247x300.jpg",247,300,true],"large":["https:\/\/www.europaskolan.se\/strangnas\/wp-content\/uploads\/sites\/2\/2019\/03\/ESS-Foldit-4.jpg",591,717,false],"1536x1536":["https:\/\/www.europaskolan.se\/strangnas\/wp-content\/uploads\/sites\/2\/2019\/03\/ESS-Foldit-4.jpg",591,717,false],"2048x2048":["https:\/\/www.europaskolan.se\/strangnas\/wp-content\/uploads\/sites\/2\/2019\/03\/ESS-Foldit-4.jpg",591,717,false],"sow-carousel-default":["https:\/\/www.europaskolan.se\/strangnas\/wp-content\/uploads\/sites\/2\/2019\/03\/ESS-Foldit-4.jpg",150,182,false]},"rttpg_author":{"display_name":"camilla","author_link":"https:\/\/www.europaskolan.se\/strangnas\/author\/camilla\/"},"rttpg_comment":0,"rttpg_category":"<a href=\"https:\/\/www.europaskolan.se\/strangnas\/category\/europaskolan-strangnas-i-bilder\/\" rel=\"category tag\">Europaskolan Str\u00e4ngn\u00e4s i bilder<\/a> <a href=\"https:\/\/www.europaskolan.se\/strangnas\/category\/utmarkelser-europaskolan-strangnas\/\" rel=\"category tag\">Utm\u00e4rkelser \u2013 Europaskolan Str\u00e4ngn\u00e4s<\/a>","rttpg_excerpt":"V\u00e5ra elever har gjort det igen \u2013 och denna g\u00e5ng med storslam! De vann n\u00e4mligen allt som gick att vinna i den regionala UF-m\u00e4ssan Entrepren\u00f6rskap p\u00e5 riktigt. Nu v\u00e4ntar SM i \u00c4lvsj\u00f6 f\u00f6r Europaskolan Str\u00e4ngn\u00e4s via Fold it UF, T-UF och aff\u00e4rsplanen fr\u00e5n ReFruit UF. Stort grattis till er, alla fantastiska entrepren\u00f6rer! Hela 130 UF-f\u00f6retag&hellip;","_links":{"self":[{"href":"https:\/\/www.europaskolan.se\/strangnas\/wp-json\/wp\/v2\/posts\/10004","targetHints":{"allow":["GET"]}}],"collection":[{"href":"https:\/\/www.europaskolan.se\/strangnas\/wp-json\/wp\/v2\/posts"}],"about":[{"href":"https:\/\/www.europaskolan.se\/strangnas\/wp-json\/wp\/v2\/types\/post"}],"author":[{"embeddable":true,"href":"https:\/\/www.europaskolan.se\/strangnas\/wp-json\/wp\/v2\/users\/2"}],"replies":[{"embeddable":true,"href":"https:\/\/www.europaskolan.se\/strangnas\/wp-json\/wp\/v2\/comments?post=10004"}],"version-history":[{"count":0,"href":"https:\/\/www.europaskolan.se\/strangnas\/wp-json\/wp\/v2\/posts\/10004\/revisions"}],"wp:featuredmedia":[{"embeddable":true,"href":"https:\/\/www.europaskolan.se\/strangnas\/wp-json\/wp\/v2\/media\/10005"}],"wp:attachment":[{"href":"https:\/\/www.europaskolan.se\/strangnas\/wp-json\/wp\/v2\/media?parent=10004"}],"wp:term":[{"taxonomy":"category","embeddable":true,"href":"https:\/\/www.europaskolan.se\/strangnas\/wp-json\/wp\/v2\/categories?post=10004"},{"taxonomy":"post_tag","embeddable":true,"href":"https:\/\/www.europaskolan.se\/strangnas\/wp-json\/wp\/v2\/tags?post=10004"}],"curies":[{"name":"wp","href":"https:\/\/api.w.org\/{rel}","templated":true}]}}