{"id":9715,"date":"2021-04-12T17:26:08","date_gmt":"2021-04-12T15:26:08","guid":{"rendered":"https:\/\/www.europaskolan.se\/rogge\/?p=9715"},"modified":"2021-04-12T18:55:10","modified_gmt":"2021-04-12T16:55:10","slug":"manadens-roggeelev-mars-2021-my-sohlstrom-brun","status":"publish","type":"post","link":"https:\/\/www.europaskolan.se\/rogge\/manadens-roggeelev-mars-2021-my-sohlstrom-brun\/","title":{"rendered":"M\u00e5nadens Roggeelev, mars 2021 \u2013 My Sohlstr\u00f6m Brun"},"content":{"rendered":"<p><img fetchpriority=\"high\" decoding=\"async\" class=\"alignnone size-full wp-image-9716\" src=\"https:\/\/www.europaskolan.se\/rogge\/wp-content\/uploads\/sites\/3\/2021\/04\/ESR_My-2.jpg\" alt=\"\" width=\"898\" height=\"1033\" srcset=\"https:\/\/www.europaskolan.se\/rogge\/wp-content\/uploads\/sites\/3\/2021\/04\/ESR_My-2.jpg 898w, https:\/\/www.europaskolan.se\/rogge\/wp-content\/uploads\/sites\/3\/2021\/04\/ESR_My-2-261x300.jpg 261w, https:\/\/www.europaskolan.se\/rogge\/wp-content\/uploads\/sites\/3\/2021\/04\/ESR_My-2-890x1024.jpg 890w, https:\/\/www.europaskolan.se\/rogge\/wp-content\/uploads\/sites\/3\/2021\/04\/ESR_My-2-130x150.jpg 130w, https:\/\/www.europaskolan.se\/rogge\/wp-content\/uploads\/sites\/3\/2021\/04\/ESR_My-2-768x883.jpg 768w\" sizes=\"(max-width: 898px) 100vw, 898px\" \/><\/p>\n<p><em>Nu \u00e4r vi tillbaka med M\u00e5nadens Roggeelev, efter ett uppeh\u00e5ll p\u00e5 grund av pandemin. \u00c5rets f\u00f6rsta utm\u00e4rkelse g\u00e5r till en elev i \u00e5rskurs 8, som verkligen lever upp till skolans f\u00f6rv\u00e4ntningar \u2013 b\u00e5de genom sina studier och sitt s\u00e4tt att vara. Varmt grattis till My!<\/em><\/p>\n<p><strong>M\u00e5nadens Roggeelev i mars 2021 \u00e4r My Sohlstr\u00f6m Brun,<\/strong>\u00a0som g\u00e5r i klass 8a. S\u00e5 h\u00e4r lyder v\u00e5r motivering:<\/p>\n<p><em>\u201dUnder v\u00e5rterminen har du haft en positiv inverkan p\u00e5 b\u00e5de elever och l\u00e4rare med ditt stora engagemang b\u00e5de i dina studier och din f\u00f6rm\u00e5ga att se och st\u00f6tta dina klasskamrater i tider av distans. Du ser alla, b\u00e5de l\u00e4rare och elever som har det lite extra tungt n\u00e4r vardagen inte \u00e4r som den brukar. Du peppar och pushar alla att hitta l\u00f6sningar och motivation till skolarbetet. Klass 8a och Europaskolan Rogge \u00e4r glada att just du g\u00e5r hos oss. My, du \u00e4r en sann Roggeelev!\u201d<\/em><\/p>\n<p><strong>Grunden till M\u00e5nadens Roggeelev \u00e4r enk\u00e4ten om trygghet och studiero<\/strong>\u00a0som g\u00f6rs varje \u00e5r p\u00e5 Europaskolan Rogge. I enk\u00e4tsvaren har trygghetsgruppen analyserat fram \u00f6nskningar fr\u00e5n eleverna hur de vill att de ska vara mot varandra. Det h\u00e4r \u00e4r de definitioner vi utg\u00e5r ifr\u00e5n n\u00e4r vi ska utse M\u00e5nadens Roggeelev:<\/p>\n<p><strong>En sann Roggeelev<\/strong><\/p>\n<ul>\n<li>har ett v\u00e5rdat spr\u00e5k och talar juste till elever och personal<\/li>\n<li>\u00e4r en f\u00f6rebild f\u00f6r andra elever<\/li>\n<li>\u00e4r en bra kompis och uppmuntrar och ser andra elever<\/li>\n<li>har en positiv inst\u00e4llning och sprider den till andra<\/li>\n<li>s\u00e4ger hej till andra elever och personal p\u00e5 skolan<\/li>\n<li>sk\u00f6ter sina studier efter b\u00e4sta f\u00f6rm\u00e5ga och har med r\u00e4tt material till lektionerna.<\/li>\n<\/ul>\n<p><strong>Stort grattis till dig, My\u00a0<\/strong>\u2013 och tack f\u00f6r att du \u00e4r en s\u00e5dan bra f\u00f6rebild!<\/p>\n","protected":false},"excerpt":{"rendered":"<p>Nu \u00e4r vi tillbaka med M\u00e5nadens Roggeelev, efter ett uppeh\u00e5ll p\u00e5 grund av pandemin. \u00c5rets f\u00f6rsta utm\u00e4rkelse g\u00e5r till en elev i \u00e5rskurs 8, som verkligen lever upp till skolans f\u00f6rv\u00e4ntningar \u2013 b\u00e5de genom sina studier och sitt s\u00e4tt att vara. Varmt grattis till My! M\u00e5nadens Roggeelev i mars 2021 \u00e4r My Sohlstr\u00f6m Brun,\u00a0som g\u00e5r [&hellip;]<\/p>\n","protected":false},"author":1,"featured_media":9716,"comment_status":"closed","ping_status":"closed","sticky":false,"template":"","format":"standard","meta":{"footnotes":""},"categories":[5],"tags":[],"class_list":["post-9715","post","type-post","status-publish","format-standard","has-post-thumbnail","hentry","category-manadens-roggeelev"],"blocksy_meta":[],"rttpg_featured_image_url":{"full":["https:\/\/www.europaskolan.se\/rogge\/wp-content\/uploads\/sites\/3\/2021\/04\/ESR_My-2.jpg",898,1033,false],"landscape":["https:\/\/www.europaskolan.se\/rogge\/wp-content\/uploads\/sites\/3\/2021\/04\/ESR_My-2.jpg",898,1033,false],"portraits":["https:\/\/www.europaskolan.se\/rogge\/wp-content\/uploads\/sites\/3\/2021\/04\/ESR_My-2.jpg",898,1033,false],"thumbnail":["https:\/\/www.europaskolan.se\/rogge\/wp-content\/uploads\/sites\/3\/2021\/04\/ESR_My-2-130x150.jpg",130,150,true],"medium":["https:\/\/www.europaskolan.se\/rogge\/wp-content\/uploads\/sites\/3\/2021\/04\/ESR_My-2-261x300.jpg",261,300,true],"large":["https:\/\/www.europaskolan.se\/rogge\/wp-content\/uploads\/sites\/3\/2021\/04\/ESR_My-2-890x1024.jpg",890,1024,true],"1536x1536":["https:\/\/www.europaskolan.se\/rogge\/wp-content\/uploads\/sites\/3\/2021\/04\/ESR_My-2.jpg",898,1033,false],"2048x2048":["https:\/\/www.europaskolan.se\/rogge\/wp-content\/uploads\/sites\/3\/2021\/04\/ESR_My-2.jpg",898,1033,false],"sow-carousel-default":["https:\/\/www.europaskolan.se\/rogge\/wp-content\/uploads\/sites\/3\/2021\/04\/ESR_My-2-272x182.jpg",272,182,true]},"rttpg_author":{"display_name":"admin","author_link":"https:\/\/www.europaskolan.se\/rogge\/author\/admin\/"},"rttpg_comment":0,"rttpg_category":"<a href=\"https:\/\/www.europaskolan.se\/rogge\/category\/manadens-roggeelev\/\" rel=\"category tag\">M\u00e5nadens Roggeelev<\/a>","rttpg_excerpt":"Nu \u00e4r vi tillbaka med M\u00e5nadens Roggeelev, efter ett uppeh\u00e5ll p\u00e5 grund av pandemin. \u00c5rets f\u00f6rsta utm\u00e4rkelse g\u00e5r till en elev i \u00e5rskurs 8, som verkligen lever upp till skolans f\u00f6rv\u00e4ntningar \u2013 b\u00e5de genom sina studier och sitt s\u00e4tt att vara. Varmt grattis till My! M\u00e5nadens Roggeelev i mars 2021 \u00e4r My Sohlstr\u00f6m Brun,\u00a0som g\u00e5r&hellip;","_links":{"self":[{"href":"https:\/\/www.europaskolan.se\/rogge\/wp-json\/wp\/v2\/posts\/9715","targetHints":{"allow":["GET"]}}],"collection":[{"href":"https:\/\/www.europaskolan.se\/rogge\/wp-json\/wp\/v2\/posts"}],"about":[{"href":"https:\/\/www.europaskolan.se\/rogge\/wp-json\/wp\/v2\/types\/post"}],"author":[{"embeddable":true,"href":"https:\/\/www.europaskolan.se\/rogge\/wp-json\/wp\/v2\/users\/1"}],"replies":[{"embeddable":true,"href":"https:\/\/www.europaskolan.se\/rogge\/wp-json\/wp\/v2\/comments?post=9715"}],"version-history":[{"count":0,"href":"https:\/\/www.europaskolan.se\/rogge\/wp-json\/wp\/v2\/posts\/9715\/revisions"}],"wp:featuredmedia":[{"embeddable":true,"href":"https:\/\/www.europaskolan.se\/rogge\/wp-json\/wp\/v2\/media\/9716"}],"wp:attachment":[{"href":"https:\/\/www.europaskolan.se\/rogge\/wp-json\/wp\/v2\/media?parent=9715"}],"wp:term":[{"taxonomy":"category","embeddable":true,"href":"https:\/\/www.europaskolan.se\/rogge\/wp-json\/wp\/v2\/categories?post=9715"},{"taxonomy":"post_tag","embeddable":true,"href":"https:\/\/www.europaskolan.se\/rogge\/wp-json\/wp\/v2\/tags?post=9715"}],"curies":[{"name":"wp","href":"https:\/\/api.w.org\/{rel}","templated":true}]}}