{"id":9619,"date":"2021-03-15T12:30:26","date_gmt":"2021-03-15T11:30:26","guid":{"rendered":"https:\/\/www.europaskolan.se\/rogge\/?p=9619"},"modified":"2021-03-15T12:30:26","modified_gmt":"2021-03-15T11:30:26","slug":"manadens-roggeelev-ar-tillfallig-pausad","status":"publish","type":"post","link":"https:\/\/www.europaskolan.se\/rogge\/manadens-roggeelev-ar-tillfallig-pausad\/","title":{"rendered":"M\u00e5nadens Roggeelev \u00e4r tillf\u00e4llig pausad"},"content":{"rendered":"<p><em>Utm\u00e4rkelsen M\u00e5nadens Roggeelev \u00e4r tillf\u00e4llig pausad p\u00e5 grund av r\u00e5dande pandemi.<\/em><\/p>\n","protected":false},"excerpt":{"rendered":"<p>Utm\u00e4rkelsen M\u00e5nadens Roggeelev \u00e4r tillf\u00e4llig pausad p\u00e5 grund av r\u00e5dande pandemi.<\/p>\n","protected":false},"author":1,"featured_media":470,"comment_status":"closed","ping_status":"closed","sticky":false,"template":"","format":"standard","meta":{"footnotes":""},"categories":[5],"tags":[],"class_list":["post-9619","post","type-post","status-publish","format-standard","has-post-thumbnail","hentry","category-manadens-roggeelev"],"blocksy_meta":[],"rttpg_featured_image_url":{"full":["https:\/\/www.europaskolan.se\/rogge\/wp-content\/uploads\/sites\/3\/2013\/02\/Europasskolan_Junior_.jpg",400,200,false],"landscape":["https:\/\/www.europaskolan.se\/rogge\/wp-content\/uploads\/sites\/3\/2013\/02\/Europasskolan_Junior_.jpg",400,200,false],"portraits":["https:\/\/www.europaskolan.se\/rogge\/wp-content\/uploads\/sites\/3\/2013\/02\/Europasskolan_Junior_.jpg",400,200,false],"thumbnail":["https:\/\/www.europaskolan.se\/rogge\/wp-content\/uploads\/sites\/3\/2013\/02\/Europasskolan_Junior_-150x150.jpg",150,150,true],"medium":["https:\/\/www.europaskolan.se\/rogge\/wp-content\/uploads\/sites\/3\/2013\/02\/Europasskolan_Junior_-300x150.jpg",300,150,true],"large":["https:\/\/www.europaskolan.se\/rogge\/wp-content\/uploads\/sites\/3\/2013\/02\/Europasskolan_Junior_.jpg",400,200,false],"1536x1536":["https:\/\/www.europaskolan.se\/rogge\/wp-content\/uploads\/sites\/3\/2013\/02\/Europasskolan_Junior_.jpg",400,200,false],"2048x2048":["https:\/\/www.europaskolan.se\/rogge\/wp-content\/uploads\/sites\/3\/2013\/02\/Europasskolan_Junior_.jpg",400,200,false],"sow-carousel-default":["https:\/\/www.europaskolan.se\/rogge\/wp-content\/uploads\/sites\/3\/2013\/02\/Europasskolan_Junior_.jpg",272,136,false]},"rttpg_author":{"display_name":"admin","author_link":"https:\/\/www.europaskolan.se\/rogge\/author\/admin\/"},"rttpg_comment":0,"rttpg_category":"<a href=\"https:\/\/www.europaskolan.se\/rogge\/category\/manadens-roggeelev\/\" rel=\"category tag\">M\u00e5nadens Roggeelev<\/a>","rttpg_excerpt":"Utm\u00e4rkelsen M\u00e5nadens Roggeelev \u00e4r tillf\u00e4llig pausad p\u00e5 grund av r\u00e5dande pandemi.","_links":{"self":[{"href":"https:\/\/www.europaskolan.se\/rogge\/wp-json\/wp\/v2\/posts\/9619","targetHints":{"allow":["GET"]}}],"collection":[{"href":"https:\/\/www.europaskolan.se\/rogge\/wp-json\/wp\/v2\/posts"}],"about":[{"href":"https:\/\/www.europaskolan.se\/rogge\/wp-json\/wp\/v2\/types\/post"}],"author":[{"embeddable":true,"href":"https:\/\/www.europaskolan.se\/rogge\/wp-json\/wp\/v2\/users\/1"}],"replies":[{"embeddable":true,"href":"https:\/\/www.europaskolan.se\/rogge\/wp-json\/wp\/v2\/comments?post=9619"}],"version-history":[{"count":0,"href":"https:\/\/www.europaskolan.se\/rogge\/wp-json\/wp\/v2\/posts\/9619\/revisions"}],"wp:featuredmedia":[{"embeddable":true,"href":"https:\/\/www.europaskolan.se\/rogge\/wp-json\/wp\/v2\/media\/470"}],"wp:attachment":[{"href":"https:\/\/www.europaskolan.se\/rogge\/wp-json\/wp\/v2\/media?parent=9619"}],"wp:term":[{"taxonomy":"category","embeddable":true,"href":"https:\/\/www.europaskolan.se\/rogge\/wp-json\/wp\/v2\/categories?post=9619"},{"taxonomy":"post_tag","embeddable":true,"href":"https:\/\/www.europaskolan.se\/rogge\/wp-json\/wp\/v2\/tags?post=9619"}],"curies":[{"name":"wp","href":"https:\/\/api.w.org\/{rel}","templated":true}]}}