{"id":9393,"date":"2020-02-27T09:10:10","date_gmt":"2020-02-27T08:10:10","guid":{"rendered":"https:\/\/www.europaskolan.se\/rogge\/?p=9393"},"modified":"2020-02-27T09:10:45","modified_gmt":"2020-02-27T08:10:45","slug":"manadens-roggeelev-januari-2020-ida-bruce","status":"publish","type":"post","link":"https:\/\/www.europaskolan.se\/rogge\/manadens-roggeelev-januari-2020-ida-bruce\/","title":{"rendered":"M\u00e5nadens Roggeelev, januari 2020 \u2013 Ida Bruce"},"content":{"rendered":"<figure id=\"attachment_9394\" aria-describedby=\"caption-attachment-9394\" style=\"width: 1000px\" class=\"wp-caption alignnone\"><a href=\"https:\/\/www.europaskolan.se\/rogge\/manadens-roggeelev-januari-2020-ida-bruce\/esr-manadenselev-ida\/\" rel=\"attachment wp-att-9394\"><img fetchpriority=\"high\" decoding=\"async\" class=\"wp-image-9394 size-full\" src=\"https:\/\/www.europaskolan.se\/rogge\/wp-content\/uploads\/sites\/3\/2020\/02\/ESR-manadenselev-Ida.jpg\" alt=\"\" width=\"1000\" height=\"763\" srcset=\"https:\/\/www.europaskolan.se\/rogge\/wp-content\/uploads\/sites\/3\/2020\/02\/ESR-manadenselev-Ida.jpg 1000w, https:\/\/www.europaskolan.se\/rogge\/wp-content\/uploads\/sites\/3\/2020\/02\/ESR-manadenselev-Ida-393x300.jpg 393w, https:\/\/www.europaskolan.se\/rogge\/wp-content\/uploads\/sites\/3\/2020\/02\/ESR-manadenselev-Ida-197x150.jpg 197w, https:\/\/www.europaskolan.se\/rogge\/wp-content\/uploads\/sites\/3\/2020\/02\/ESR-manadenselev-Ida-768x586.jpg 768w, https:\/\/www.europaskolan.se\/rogge\/wp-content\/uploads\/sites\/3\/2020\/02\/ESR-manadenselev-Ida-70x53.jpg 70w\" sizes=\"(max-width: 1000px) 100vw, 1000px\" \/><\/a><figcaption id=\"caption-attachment-9394\" class=\"wp-caption-text\">Januari m\u00e5nads Roggeelev Ida Bruce, omgiven av Christoffer Bergfors, tillf\u00f6rordnad rektor, och bitr\u00e4dande rektor Maria Wahlstr\u00f6m.<\/figcaption><\/figure>\n<p><em>Nu har vi delat ut diplomet till 2020 \u00e5rs f\u00f6rsta Roggeelev! F\u00f6r januari m\u00e5nad g\u00e5r utm\u00e4rkelsen till en elev i \u00e5rskurs 5, som verkligen lever upp till skolans v\u00e4rderingar \u2013 b\u00e5de genom sina studier och sitt s\u00e4tt att vara.<\/em><\/p>\n<p><strong>M\u00e5nadens Roggeelev i januari 2020 \u00e4r Ida Bruce,<\/strong> som g\u00e5r i klass 5b. S\u00e5 h\u00e4r lyder v\u00e5r motivering:<\/p>\n<p><em>\u201dDu \u00e4r en person med ett stort hj\u00e4rta, som alltid st\u00e4ller upp f\u00f6r dina kamrater och ser till att omgivningen m\u00e5r bra och har roligt. I dina studier \u00e4r du mycket ambiti\u00f6s och tar dig an alla uppgifter med en bra attityd. Dessutom kommer du alltid med ett leende p\u00e5 l\u00e4pparna \u2013 n\u00e5got som smittar av sig till b\u00e5de kamrater och l\u00e4rare. Dessa egenskaper g\u00f6r dig till en klockren Roggeelev.\u201d<\/em><\/p>\n<p><strong>Grunden till M\u00e5nadens Roggeelev \u00e4r enk\u00e4ten om trygghet och studiero<\/strong> som g\u00f6rs varje \u00e5r p\u00e5 Europaskolan Rogge. I enk\u00e4tsvaren har trygghetsgruppen analyserat fram \u00f6nskningar fr\u00e5n eleverna hur de vill att de ska vara mot varandra. Det h\u00e4r \u00e4r de definitioner vi utg\u00e5r ifr\u00e5n n\u00e4r vi ska utse M\u00e5nadens Roggeelev:<\/p>\n<p><strong>En sann Roggeelev<\/strong><\/p>\n<ul>\n<li>har ett v\u00e5rdat spr\u00e5k och talar juste till elever och personal<\/li>\n<li>\u00e4r en f\u00f6rebild f\u00f6r andra elever<\/li>\n<li>\u00e4r en bra kompis och uppmuntrar och ser andra elever<\/li>\n<li>har en positiv inst\u00e4llning och sprider den till andra<\/li>\n<li>s\u00e4ger hej till andra elever och personal p\u00e5 skolan<\/li>\n<li>sk\u00f6ter sina studier efter b\u00e4sta f\u00f6rm\u00e5ga och har med r\u00e4tt material till lektionerna.<\/li>\n<\/ul>\n<p><strong>Stort grattis till dig, Ida <\/strong>\u2013 och tack f\u00f6r att du \u00e4r en s\u00e5dan bra f\u00f6rebild!<\/p>\n","protected":false},"excerpt":{"rendered":"<p>Nu har vi delat ut diplomet till 2020 \u00e5rs f\u00f6rsta Roggeelev! F\u00f6r januari m\u00e5nad g\u00e5r utm\u00e4rkelsen till en elev i \u00e5rskurs 5, som verkligen lever upp till skolans v\u00e4rderingar \u2013 b\u00e5de genom sina studier och sitt s\u00e4tt att vara. M\u00e5nadens Roggeelev i januari 2020 \u00e4r Ida Bruce, som g\u00e5r i klass 5b. S\u00e5 h\u00e4r lyder [&hellip;]<\/p>\n","protected":false},"author":1,"featured_media":9394,"comment_status":"closed","ping_status":"closed","sticky":false,"template":"","format":"standard","meta":{"footnotes":""},"categories":[5],"tags":[],"class_list":["post-9393","post","type-post","status-publish","format-standard","has-post-thumbnail","hentry","category-manadens-roggeelev"],"blocksy_meta":[],"rttpg_featured_image_url":{"full":["https:\/\/www.europaskolan.se\/rogge\/wp-content\/uploads\/sites\/3\/2020\/02\/ESR-manadenselev-Ida.jpg",1000,763,false],"landscape":["https:\/\/www.europaskolan.se\/rogge\/wp-content\/uploads\/sites\/3\/2020\/02\/ESR-manadenselev-Ida.jpg",1000,763,false],"portraits":["https:\/\/www.europaskolan.se\/rogge\/wp-content\/uploads\/sites\/3\/2020\/02\/ESR-manadenselev-Ida.jpg",1000,763,false],"thumbnail":["https:\/\/www.europaskolan.se\/rogge\/wp-content\/uploads\/sites\/3\/2020\/02\/ESR-manadenselev-Ida-197x150.jpg",197,150,true],"medium":["https:\/\/www.europaskolan.se\/rogge\/wp-content\/uploads\/sites\/3\/2020\/02\/ESR-manadenselev-Ida-393x300.jpg",393,300,true],"large":["https:\/\/www.europaskolan.se\/rogge\/wp-content\/uploads\/sites\/3\/2020\/02\/ESR-manadenselev-Ida.jpg",1000,763,false],"1536x1536":["https:\/\/www.europaskolan.se\/rogge\/wp-content\/uploads\/sites\/3\/2020\/02\/ESR-manadenselev-Ida.jpg",1000,763,false],"2048x2048":["https:\/\/www.europaskolan.se\/rogge\/wp-content\/uploads\/sites\/3\/2020\/02\/ESR-manadenselev-Ida.jpg",1000,763,false],"sow-carousel-default":["https:\/\/www.europaskolan.se\/rogge\/wp-content\/uploads\/sites\/3\/2020\/02\/ESR-manadenselev-Ida.jpg",239,182,false]},"rttpg_author":{"display_name":"admin","author_link":"https:\/\/www.europaskolan.se\/rogge\/author\/admin\/"},"rttpg_comment":0,"rttpg_category":"<a href=\"https:\/\/www.europaskolan.se\/rogge\/category\/manadens-roggeelev\/\" rel=\"category tag\">M\u00e5nadens Roggeelev<\/a>","rttpg_excerpt":"Nu har vi delat ut diplomet till 2020 \u00e5rs f\u00f6rsta Roggeelev! F\u00f6r januari m\u00e5nad g\u00e5r utm\u00e4rkelsen till en elev i \u00e5rskurs 5, som verkligen lever upp till skolans v\u00e4rderingar \u2013 b\u00e5de genom sina studier och sitt s\u00e4tt att vara. M\u00e5nadens Roggeelev i januari 2020 \u00e4r Ida Bruce, som g\u00e5r i klass 5b. S\u00e5 h\u00e4r lyder&hellip;","_links":{"self":[{"href":"https:\/\/www.europaskolan.se\/rogge\/wp-json\/wp\/v2\/posts\/9393","targetHints":{"allow":["GET"]}}],"collection":[{"href":"https:\/\/www.europaskolan.se\/rogge\/wp-json\/wp\/v2\/posts"}],"about":[{"href":"https:\/\/www.europaskolan.se\/rogge\/wp-json\/wp\/v2\/types\/post"}],"author":[{"embeddable":true,"href":"https:\/\/www.europaskolan.se\/rogge\/wp-json\/wp\/v2\/users\/1"}],"replies":[{"embeddable":true,"href":"https:\/\/www.europaskolan.se\/rogge\/wp-json\/wp\/v2\/comments?post=9393"}],"version-history":[{"count":0,"href":"https:\/\/www.europaskolan.se\/rogge\/wp-json\/wp\/v2\/posts\/9393\/revisions"}],"wp:featuredmedia":[{"embeddable":true,"href":"https:\/\/www.europaskolan.se\/rogge\/wp-json\/wp\/v2\/media\/9394"}],"wp:attachment":[{"href":"https:\/\/www.europaskolan.se\/rogge\/wp-json\/wp\/v2\/media?parent=9393"}],"wp:term":[{"taxonomy":"category","embeddable":true,"href":"https:\/\/www.europaskolan.se\/rogge\/wp-json\/wp\/v2\/categories?post=9393"},{"taxonomy":"post_tag","embeddable":true,"href":"https:\/\/www.europaskolan.se\/rogge\/wp-json\/wp\/v2\/tags?post=9393"}],"curies":[{"name":"wp","href":"https:\/\/api.w.org\/{rel}","templated":true}]}}