{"id":9358,"date":"2020-01-24T12:51:17","date_gmt":"2020-01-24T11:51:17","guid":{"rendered":"https:\/\/www.europaskolan.se\/rogge\/?p=9358"},"modified":"2020-01-24T12:51:17","modified_gmt":"2020-01-24T11:51:17","slug":"manadens-roggeelev-december-2019-pontus-karlsson","status":"publish","type":"post","link":"https:\/\/www.europaskolan.se\/rogge\/manadens-roggeelev-december-2019-pontus-karlsson\/","title":{"rendered":"M\u00e5nadens Roggeelev, december 2019 \u2013 Pontus Karlsson"},"content":{"rendered":"<figure id=\"attachment_9359\" aria-describedby=\"caption-attachment-9359\" style=\"width: 960px\" class=\"wp-caption alignnone\"><img fetchpriority=\"high\" decoding=\"async\" class=\"size-full wp-image-9359\" src=\"https:\/\/www.europaskolan.se\/rogge\/wp-content\/uploads\/sites\/3\/2020\/01\/ESR-Pontus.jpg\" alt=\"\" width=\"960\" height=\"770\" srcset=\"https:\/\/www.europaskolan.se\/rogge\/wp-content\/uploads\/sites\/3\/2020\/01\/ESR-Pontus.jpg 960w, https:\/\/www.europaskolan.se\/rogge\/wp-content\/uploads\/sites\/3\/2020\/01\/ESR-Pontus-374x300.jpg 374w, https:\/\/www.europaskolan.se\/rogge\/wp-content\/uploads\/sites\/3\/2020\/01\/ESR-Pontus-187x150.jpg 187w, https:\/\/www.europaskolan.se\/rogge\/wp-content\/uploads\/sites\/3\/2020\/01\/ESR-Pontus-768x616.jpg 768w\" sizes=\"(max-width: 960px) 100vw, 960px\" \/><figcaption id=\"caption-attachment-9359\" class=\"wp-caption-text\">December m\u00e5nads Roggeelev Pontus Karlsson, omgiven av Christoffer Bergfors, tillf\u00f6rordnad rektor (t.v.), och bitr\u00e4dande rektor Stefan Enjebo (t.h.).<\/figcaption><\/figure>\n<p><em>Nu har vi utsett december m\u00e5nads Roggeelev. Denna g\u00e5ng g\u00e5r utm\u00e4rkelsen till en elev i \u00e5rskurs 9, som verkligen lever upp till skolans v\u00e4rderingar \u2013 b\u00e5de genom sina studier och sitt s\u00e4tt att vara.<\/em><\/p>\n<p><strong>M\u00e5nadens Roggeelev i december 2019 \u00e4r Pontus Karlsson,<\/strong> som g\u00e5r i klass 9a. S\u00e5 h\u00e4r lyder v\u00e5r motivering:<\/p>\n<p><em>\u201dDu \u00e4r en elev som alltid \u00e4r artig och trevlig, s\u00e5v\u00e4l mot skolans personal som mot j\u00e4mn\u00e5riga. Du sk\u00f6ter dina studier f\u00f6red\u00f6mligt.\u00a0Dessutom \u00e4r du arbetsvillig och vetgirig \u2013 alltid med glimten i \u00f6gat.\u201d<\/em><\/p>\n<p><strong>Grunden till M\u00e5nadens Roggeelev \u00e4r enk\u00e4ten om trygghet och studiero<\/strong> som g\u00f6rs varje \u00e5r p\u00e5 Europaskolan Rogge. I enk\u00e4tsvaren har trygghetsgruppen analyserat fram \u00f6nskningar fr\u00e5n eleverna hur de vill att de ska vara mot varandra. Det h\u00e4r \u00e4r de definitioner vi utg\u00e5r ifr\u00e5n n\u00e4r vi ska utse M\u00e5nadens Roggeelev:<\/p>\n<p><strong>En sann Roggeelev<\/strong><\/p>\n<ul>\n<li>har ett v\u00e5rdat spr\u00e5k och talar juste till elever och personal<\/li>\n<li>\u00e4r en f\u00f6rebild f\u00f6r andra elever<\/li>\n<li>\u00e4r en bra kompis och uppmuntrar och ser andra elever<\/li>\n<li>har en positiv inst\u00e4llning och sprider den till andra<\/li>\n<li>s\u00e4ger hej till andra elever och personal p\u00e5 skolan<\/li>\n<li>sk\u00f6ter sina studier efter b\u00e4sta f\u00f6rm\u00e5ga och har med r\u00e4tt material till lektionerna.<\/li>\n<\/ul>\n<p><strong>Stort grattis till dig, Pontus <\/strong>\u2013 och tack f\u00f6r att du \u00e4r en s\u00e5dan bra f\u00f6rebild!<\/p>\n","protected":false},"excerpt":{"rendered":"<p>Nu har vi utsett december m\u00e5nads Roggeelev. Denna g\u00e5ng g\u00e5r utm\u00e4rkelsen till en elev i \u00e5rskurs 9, som verkligen lever upp till skolans v\u00e4rderingar \u2013 b\u00e5de genom sina studier och sitt s\u00e4tt att vara. M\u00e5nadens Roggeelev i december 2019 \u00e4r Pontus Karlsson, som g\u00e5r i klass 9a. S\u00e5 h\u00e4r lyder v\u00e5r motivering: \u201dDu \u00e4r en [&hellip;]<\/p>\n","protected":false},"author":1,"featured_media":9359,"comment_status":"closed","ping_status":"closed","sticky":false,"template":"","format":"standard","meta":{"footnotes":""},"categories":[5],"tags":[],"class_list":["post-9358","post","type-post","status-publish","format-standard","has-post-thumbnail","hentry","category-manadens-roggeelev"],"blocksy_meta":[],"rttpg_featured_image_url":{"full":["https:\/\/www.europaskolan.se\/rogge\/wp-content\/uploads\/sites\/3\/2020\/01\/ESR-Pontus.jpg",960,770,false],"landscape":["https:\/\/www.europaskolan.se\/rogge\/wp-content\/uploads\/sites\/3\/2020\/01\/ESR-Pontus.jpg",960,770,false],"portraits":["https:\/\/www.europaskolan.se\/rogge\/wp-content\/uploads\/sites\/3\/2020\/01\/ESR-Pontus.jpg",960,770,false],"thumbnail":["https:\/\/www.europaskolan.se\/rogge\/wp-content\/uploads\/sites\/3\/2020\/01\/ESR-Pontus-187x150.jpg",187,150,true],"medium":["https:\/\/www.europaskolan.se\/rogge\/wp-content\/uploads\/sites\/3\/2020\/01\/ESR-Pontus-374x300.jpg",374,300,true],"large":["https:\/\/www.europaskolan.se\/rogge\/wp-content\/uploads\/sites\/3\/2020\/01\/ESR-Pontus.jpg",960,770,false],"1536x1536":["https:\/\/www.europaskolan.se\/rogge\/wp-content\/uploads\/sites\/3\/2020\/01\/ESR-Pontus.jpg",960,770,false],"2048x2048":["https:\/\/www.europaskolan.se\/rogge\/wp-content\/uploads\/sites\/3\/2020\/01\/ESR-Pontus.jpg",960,770,false],"sow-carousel-default":["https:\/\/www.europaskolan.se\/rogge\/wp-content\/uploads\/sites\/3\/2020\/01\/ESR-Pontus.jpg",227,182,false]},"rttpg_author":{"display_name":"admin","author_link":"https:\/\/www.europaskolan.se\/rogge\/author\/admin\/"},"rttpg_comment":0,"rttpg_category":"<a href=\"https:\/\/www.europaskolan.se\/rogge\/category\/manadens-roggeelev\/\" rel=\"category tag\">M\u00e5nadens Roggeelev<\/a>","rttpg_excerpt":"Nu har vi utsett december m\u00e5nads Roggeelev. Denna g\u00e5ng g\u00e5r utm\u00e4rkelsen till en elev i \u00e5rskurs 9, som verkligen lever upp till skolans v\u00e4rderingar \u2013 b\u00e5de genom sina studier och sitt s\u00e4tt att vara. M\u00e5nadens Roggeelev i december 2019 \u00e4r Pontus Karlsson, som g\u00e5r i klass 9a. S\u00e5 h\u00e4r lyder v\u00e5r motivering: \u201dDu \u00e4r en&hellip;","_links":{"self":[{"href":"https:\/\/www.europaskolan.se\/rogge\/wp-json\/wp\/v2\/posts\/9358","targetHints":{"allow":["GET"]}}],"collection":[{"href":"https:\/\/www.europaskolan.se\/rogge\/wp-json\/wp\/v2\/posts"}],"about":[{"href":"https:\/\/www.europaskolan.se\/rogge\/wp-json\/wp\/v2\/types\/post"}],"author":[{"embeddable":true,"href":"https:\/\/www.europaskolan.se\/rogge\/wp-json\/wp\/v2\/users\/1"}],"replies":[{"embeddable":true,"href":"https:\/\/www.europaskolan.se\/rogge\/wp-json\/wp\/v2\/comments?post=9358"}],"version-history":[{"count":0,"href":"https:\/\/www.europaskolan.se\/rogge\/wp-json\/wp\/v2\/posts\/9358\/revisions"}],"wp:featuredmedia":[{"embeddable":true,"href":"https:\/\/www.europaskolan.se\/rogge\/wp-json\/wp\/v2\/media\/9359"}],"wp:attachment":[{"href":"https:\/\/www.europaskolan.se\/rogge\/wp-json\/wp\/v2\/media?parent=9358"}],"wp:term":[{"taxonomy":"category","embeddable":true,"href":"https:\/\/www.europaskolan.se\/rogge\/wp-json\/wp\/v2\/categories?post=9358"},{"taxonomy":"post_tag","embeddable":true,"href":"https:\/\/www.europaskolan.se\/rogge\/wp-json\/wp\/v2\/tags?post=9358"}],"curies":[{"name":"wp","href":"https:\/\/api.w.org\/{rel}","templated":true}]}}