{"id":9329,"date":"2019-12-16T12:09:25","date_gmt":"2019-12-16T11:09:25","guid":{"rendered":"https:\/\/www.europaskolan.se\/rogge\/?p=9329"},"modified":"2019-12-16T12:09:25","modified_gmt":"2019-12-16T11:09:25","slug":"manadens-roggeelev-november-2019-alexander-berterud","status":"publish","type":"post","link":"https:\/\/www.europaskolan.se\/rogge\/manadens-roggeelev-november-2019-alexander-berterud\/","title":{"rendered":"M\u00e5nadens Roggeelev, november 2019 \u2013 Alexander Berterud"},"content":{"rendered":"<figure id=\"attachment_9330\" aria-describedby=\"caption-attachment-9330\" style=\"width: 960px\" class=\"wp-caption alignnone\"><img fetchpriority=\"high\" decoding=\"async\" class=\"wp-image-9330 size-full\" src=\"https:\/\/www.europaskolan.se\/rogge\/wp-content\/uploads\/sites\/3\/2019\/12\/ESR-_alexander_Berterud.jpg\" alt=\"\" width=\"960\" height=\"682\" srcset=\"https:\/\/www.europaskolan.se\/rogge\/wp-content\/uploads\/sites\/3\/2019\/12\/ESR-_alexander_Berterud.jpg 960w, https:\/\/www.europaskolan.se\/rogge\/wp-content\/uploads\/sites\/3\/2019\/12\/ESR-_alexander_Berterud-422x300.jpg 422w, https:\/\/www.europaskolan.se\/rogge\/wp-content\/uploads\/sites\/3\/2019\/12\/ESR-_alexander_Berterud-200x142.jpg 200w, https:\/\/www.europaskolan.se\/rogge\/wp-content\/uploads\/sites\/3\/2019\/12\/ESR-_alexander_Berterud-768x546.jpg 768w\" sizes=\"(max-width: 960px) 100vw, 960px\" \/><figcaption id=\"caption-attachment-9330\" class=\"wp-caption-text\">Rektor Stefan Enjebo och bitr\u00e4dande rektor Anna Malmrot med M\u00e5nadens Roggeelev Alexander Berterud.<\/figcaption><\/figure>\n<p><em>Nu har vi utsett M\u00e5nadens Roggeelev f\u00f6r november m\u00e5nad. Denna g\u00e5ng g\u00e5r utm\u00e4rkelsen till en elev i \u00e5rskurs 6, som verkligen lever upp till skolans v\u00e4rderingar <\/em><em>\u2013<\/em><em> b\u00e5de genom sina studier och sitt s\u00e4tt att vara.<\/em><\/p>\n<p><strong>M\u00e5nadens Roggeelev i november 2019 \u00e4r Alexander Berterud,<\/strong> som g\u00e5r i klass 6a. S\u00e5 h\u00e4r lyder v\u00e5r motivering:<\/p>\n<p><em>\u201dDu visar upp ett positivt intresse f\u00f6r alla \u00e4mnen i skolan. Du \u00e4r ambiti\u00f6s och arbetsvillig. Du tar ett stort ansvar f\u00f6r dina studier och \u00e4r hj\u00e4lpsam gentemot dina klasskamrater. Du st\u00e4ller alltid upp, \u00e4r kamratlig och en god ledare. Du \u00e4r artig och visar stor respekt f\u00f6r skolan och dess l\u00e4rare. Du \u00e4r aktiv och engagerad p\u00e5 rasterna till gl\u00e4dje f\u00f6r dig sj\u00e4lv och andra elever.\u201d<\/em><\/p>\n<p><strong>Grunden till M\u00e5nadens Roggeelev \u00e4r enk\u00e4ten om trygghet och studiero<\/strong> som g\u00f6rs varje \u00e5r p\u00e5 Europaskolan Rogge. I enk\u00e4tsvaren har trygghetsgruppen analyserat fram \u00f6nskningar fr\u00e5n eleverna hur de vill att de ska vara mot varandra. Det h\u00e4r \u00e4r de definitioner vi utg\u00e5r ifr\u00e5n n\u00e4r vi ska utse M\u00e5nadens Roggeelev:<\/p>\n<p><strong>En sann Roggeelev<\/strong><\/p>\n<ul>\n<li>har ett v\u00e5rdat spr\u00e5k och talar juste till elever och personal<\/li>\n<li>\u00e4r en f\u00f6rebild f\u00f6r andra elever<\/li>\n<li>\u00e4r en bra kompis och uppmuntrar och ser andra elever<\/li>\n<li>har en positiv inst\u00e4llning och sprider den till andra<\/li>\n<li>s\u00e4ger hej till andra elever och personal p\u00e5 skolan<\/li>\n<li>sk\u00f6ter sina studier efter b\u00e4sta f\u00f6rm\u00e5ga och har med r\u00e4tt material till lektionerna.<\/li>\n<\/ul>\n<p><strong>Stort grattis till dig, Alexander <\/strong>\u2013 och tack f\u00f6r att du \u00e4r en s\u00e5dan bra f\u00f6rebild!<\/p>\n","protected":false},"excerpt":{"rendered":"<p>Nu har vi utsett M\u00e5nadens Roggeelev f\u00f6r november m\u00e5nad. Denna g\u00e5ng g\u00e5r utm\u00e4rkelsen till en elev i \u00e5rskurs 6, som verkligen lever upp till skolans v\u00e4rderingar \u2013 b\u00e5de genom sina studier och sitt s\u00e4tt att vara. M\u00e5nadens Roggeelev i november 2019 \u00e4r Alexander Berterud, som g\u00e5r i klass 6a. S\u00e5 h\u00e4r lyder v\u00e5r motivering: \u201dDu [&hellip;]<\/p>\n","protected":false},"author":1,"featured_media":9330,"comment_status":"closed","ping_status":"closed","sticky":false,"template":"","format":"standard","meta":{"footnotes":""},"categories":[5],"tags":[],"class_list":["post-9329","post","type-post","status-publish","format-standard","has-post-thumbnail","hentry","category-manadens-roggeelev"],"blocksy_meta":[],"rttpg_featured_image_url":{"full":["https:\/\/www.europaskolan.se\/rogge\/wp-content\/uploads\/sites\/3\/2019\/12\/ESR-_alexander_Berterud.jpg",960,682,false],"landscape":["https:\/\/www.europaskolan.se\/rogge\/wp-content\/uploads\/sites\/3\/2019\/12\/ESR-_alexander_Berterud.jpg",960,682,false],"portraits":["https:\/\/www.europaskolan.se\/rogge\/wp-content\/uploads\/sites\/3\/2019\/12\/ESR-_alexander_Berterud.jpg",960,682,false],"thumbnail":["https:\/\/www.europaskolan.se\/rogge\/wp-content\/uploads\/sites\/3\/2019\/12\/ESR-_alexander_Berterud-200x142.jpg",200,142,true],"medium":["https:\/\/www.europaskolan.se\/rogge\/wp-content\/uploads\/sites\/3\/2019\/12\/ESR-_alexander_Berterud-422x300.jpg",422,300,true],"large":["https:\/\/www.europaskolan.se\/rogge\/wp-content\/uploads\/sites\/3\/2019\/12\/ESR-_alexander_Berterud.jpg",960,682,false],"1536x1536":["https:\/\/www.europaskolan.se\/rogge\/wp-content\/uploads\/sites\/3\/2019\/12\/ESR-_alexander_Berterud.jpg",960,682,false],"2048x2048":["https:\/\/www.europaskolan.se\/rogge\/wp-content\/uploads\/sites\/3\/2019\/12\/ESR-_alexander_Berterud.jpg",960,682,false],"sow-carousel-default":["https:\/\/www.europaskolan.se\/rogge\/wp-content\/uploads\/sites\/3\/2019\/12\/ESR-_alexander_Berterud.jpg",256,182,false]},"rttpg_author":{"display_name":"admin","author_link":"https:\/\/www.europaskolan.se\/rogge\/author\/admin\/"},"rttpg_comment":0,"rttpg_category":"<a href=\"https:\/\/www.europaskolan.se\/rogge\/category\/manadens-roggeelev\/\" rel=\"category tag\">M\u00e5nadens Roggeelev<\/a>","rttpg_excerpt":"Nu har vi utsett M\u00e5nadens Roggeelev f\u00f6r november m\u00e5nad. Denna g\u00e5ng g\u00e5r utm\u00e4rkelsen till en elev i \u00e5rskurs 6, som verkligen lever upp till skolans v\u00e4rderingar \u2013 b\u00e5de genom sina studier och sitt s\u00e4tt att vara. M\u00e5nadens Roggeelev i november 2019 \u00e4r Alexander Berterud, som g\u00e5r i klass 6a. S\u00e5 h\u00e4r lyder v\u00e5r motivering: \u201dDu&hellip;","_links":{"self":[{"href":"https:\/\/www.europaskolan.se\/rogge\/wp-json\/wp\/v2\/posts\/9329","targetHints":{"allow":["GET"]}}],"collection":[{"href":"https:\/\/www.europaskolan.se\/rogge\/wp-json\/wp\/v2\/posts"}],"about":[{"href":"https:\/\/www.europaskolan.se\/rogge\/wp-json\/wp\/v2\/types\/post"}],"author":[{"embeddable":true,"href":"https:\/\/www.europaskolan.se\/rogge\/wp-json\/wp\/v2\/users\/1"}],"replies":[{"embeddable":true,"href":"https:\/\/www.europaskolan.se\/rogge\/wp-json\/wp\/v2\/comments?post=9329"}],"version-history":[{"count":0,"href":"https:\/\/www.europaskolan.se\/rogge\/wp-json\/wp\/v2\/posts\/9329\/revisions"}],"wp:featuredmedia":[{"embeddable":true,"href":"https:\/\/www.europaskolan.se\/rogge\/wp-json\/wp\/v2\/media\/9330"}],"wp:attachment":[{"href":"https:\/\/www.europaskolan.se\/rogge\/wp-json\/wp\/v2\/media?parent=9329"}],"wp:term":[{"taxonomy":"category","embeddable":true,"href":"https:\/\/www.europaskolan.se\/rogge\/wp-json\/wp\/v2\/categories?post=9329"},{"taxonomy":"post_tag","embeddable":true,"href":"https:\/\/www.europaskolan.se\/rogge\/wp-json\/wp\/v2\/tags?post=9329"}],"curies":[{"name":"wp","href":"https:\/\/api.w.org\/{rel}","templated":true}]}}