{"id":9279,"date":"2019-10-11T18:56:30","date_gmt":"2019-10-11T16:56:30","guid":{"rendered":"https:\/\/www.europaskolan.se\/rogge\/?p=9279"},"modified":"2019-10-11T18:56:30","modified_gmt":"2019-10-11T16:56:30","slug":"manadens-roggeelev-september-2019-elis-duus-otterstro","status":"publish","type":"post","link":"https:\/\/www.europaskolan.se\/rogge\/manadens-roggeelev-september-2019-elis-duus-otterstro\/","title":{"rendered":"M\u00e5nadens Roggeelev, september 2019 \u2013 Elis Duus-Otterstr\u00f6"},"content":{"rendered":"<figure id=\"attachment_9280\" aria-describedby=\"caption-attachment-9280\" style=\"width: 540px\" class=\"wp-caption alignnone\"><img fetchpriority=\"high\" decoding=\"async\" class=\"size-full wp-image-9280\" src=\"https:\/\/www.europaskolan.se\/rogge\/wp-content\/uploads\/sites\/3\/2019\/10\/ESR-Elis-Duus.jpg\" alt=\"\" width=\"540\" height=\"578\" srcset=\"https:\/\/www.europaskolan.se\/rogge\/wp-content\/uploads\/sites\/3\/2019\/10\/ESR-Elis-Duus.jpg 540w, https:\/\/www.europaskolan.se\/rogge\/wp-content\/uploads\/sites\/3\/2019\/10\/ESR-Elis-Duus-140x150.jpg 140w, https:\/\/www.europaskolan.se\/rogge\/wp-content\/uploads\/sites\/3\/2019\/10\/ESR-Elis-Duus-280x300.jpg 280w\" sizes=\"(max-width: 540px) 100vw, 540px\" \/><figcaption id=\"caption-attachment-9280\" class=\"wp-caption-text\">Rektor Stefan Enjebo och bitr\u00e4dande rektor Anna Malmrot med M\u00e5nadens Roggeelev Elis Duus-Otterstr\u00f6m.<\/figcaption><\/figure>\n<p><em>Nu har vi utsett h\u00f6stterminens f\u00f6rsta M\u00e5nadens Roggeelev. Utm\u00e4rkelsen f\u00f6r september m\u00e5nad g\u00e5r till en elev i \u00e5rskurs 6. Han lever verkligen upp till skolans v\u00e4rderingar, b\u00e5de genom sina studier och sitt s\u00e4tt att vara.<\/em><\/p>\n<p><strong>M\u00e5nadens Roggeelev i september 2019 \u00e4r Elis Duus-Otterstr\u00f6m,<\/strong> som g\u00e5r i klass 6c. S\u00e5 h\u00e4r lyder v\u00e5r motivering:<\/p>\n<p><em>&#8221;Elis har ett stort hj\u00e4rta f\u00f6r b\u00e5de sina studier och sina kamrater. Hans drivkraft smittar av sig och han st\u00f6ttar s\u00e5v\u00e4l i som utanf\u00f6r klassrummet. Han \u00e4r alltid glad, \u00f6dmjuk och visar respekt inf\u00f6r alla han m\u00f6ter. Han har ett fantastiskt t\u00e5lamod och \u00e4r en v\u00e4ldigt uppskattad kamrat. Elis \u00e4r noggrann och ambiti\u00f6s i allt han tar sig f\u00f6r, Elis \u00e4r en lysande Roggeelev.&#8221;<\/em><\/p>\n<p><strong>Grunden till M\u00e5nadens Roggeelev \u00e4r enk\u00e4ten om trygghet och studiero<\/strong> som g\u00f6rs varje \u00e5r p\u00e5 Europaskolan Rogge. I enk\u00e4tsvaren har trygghetsgruppen analyserat fram \u00f6nskningar fr\u00e5n eleverna hur de vill att de ska vara mot varandra. Det h\u00e4r \u00e4r de definitioner vi utg\u00e5r ifr\u00e5n n\u00e4r vi ska utse M\u00e5nadens Roggeelev:<\/p>\n<p><strong>En sann Roggeelev<\/strong><\/p>\n<ul>\n<li>har ett v\u00e5rdat spr\u00e5k och talar juste till elever och personal<\/li>\n<li>\u00e4r en f\u00f6rebild f\u00f6r andra elever<\/li>\n<li>\u00e4r en bra kompis och uppmuntrar och ser andra elever<\/li>\n<li>har en positiv inst\u00e4llning och sprider den till andra<\/li>\n<li>s\u00e4ger hej till andra elever och personal p\u00e5 skolan<\/li>\n<li>sk\u00f6ter sina studier efter b\u00e4sta f\u00f6rm\u00e5ga och har med r\u00e4tt material till lektionerna.<\/li>\n<\/ul>\n<p><strong>Stort grattis till dig, Elis <\/strong>\u2013 och tack f\u00f6r att du \u00e4r en s\u00e5dan bra f\u00f6rebild!<\/p>\n","protected":false},"excerpt":{"rendered":"<p>Nu har vi utsett h\u00f6stterminens f\u00f6rsta M\u00e5nadens Roggeelev. Utm\u00e4rkelsen f\u00f6r september m\u00e5nad g\u00e5r till en elev i \u00e5rskurs 6. Han lever verkligen upp till skolans v\u00e4rderingar, b\u00e5de genom sina studier och sitt s\u00e4tt att vara. M\u00e5nadens Roggeelev i september 2019 \u00e4r Elis Duus-Otterstr\u00f6m, som g\u00e5r i klass 6c. S\u00e5 h\u00e4r lyder v\u00e5r motivering: &#8221;Elis har [&hellip;]<\/p>\n","protected":false},"author":1,"featured_media":9280,"comment_status":"closed","ping_status":"closed","sticky":false,"template":"","format":"standard","meta":{"footnotes":""},"categories":[5],"tags":[],"class_list":["post-9279","post","type-post","status-publish","format-standard","has-post-thumbnail","hentry","category-manadens-roggeelev"],"blocksy_meta":[],"rttpg_featured_image_url":{"full":["https:\/\/www.europaskolan.se\/rogge\/wp-content\/uploads\/sites\/3\/2019\/10\/ESR-Elis-Duus.jpg",540,578,false],"landscape":["https:\/\/www.europaskolan.se\/rogge\/wp-content\/uploads\/sites\/3\/2019\/10\/ESR-Elis-Duus.jpg",540,578,false],"portraits":["https:\/\/www.europaskolan.se\/rogge\/wp-content\/uploads\/sites\/3\/2019\/10\/ESR-Elis-Duus.jpg",540,578,false],"thumbnail":["https:\/\/www.europaskolan.se\/rogge\/wp-content\/uploads\/sites\/3\/2019\/10\/ESR-Elis-Duus-140x150.jpg",140,150,true],"medium":["https:\/\/www.europaskolan.se\/rogge\/wp-content\/uploads\/sites\/3\/2019\/10\/ESR-Elis-Duus-280x300.jpg",280,300,true],"large":["https:\/\/www.europaskolan.se\/rogge\/wp-content\/uploads\/sites\/3\/2019\/10\/ESR-Elis-Duus.jpg",540,578,false],"1536x1536":["https:\/\/www.europaskolan.se\/rogge\/wp-content\/uploads\/sites\/3\/2019\/10\/ESR-Elis-Duus.jpg",540,578,false],"2048x2048":["https:\/\/www.europaskolan.se\/rogge\/wp-content\/uploads\/sites\/3\/2019\/10\/ESR-Elis-Duus.jpg",540,578,false],"sow-carousel-default":["https:\/\/www.europaskolan.se\/rogge\/wp-content\/uploads\/sites\/3\/2019\/10\/ESR-Elis-Duus.jpg",170,182,false]},"rttpg_author":{"display_name":"admin","author_link":"https:\/\/www.europaskolan.se\/rogge\/author\/admin\/"},"rttpg_comment":0,"rttpg_category":"<a href=\"https:\/\/www.europaskolan.se\/rogge\/category\/manadens-roggeelev\/\" rel=\"category tag\">M\u00e5nadens Roggeelev<\/a>","rttpg_excerpt":"Nu har vi utsett h\u00f6stterminens f\u00f6rsta M\u00e5nadens Roggeelev. Utm\u00e4rkelsen f\u00f6r september m\u00e5nad g\u00e5r till en elev i \u00e5rskurs 6. Han lever verkligen upp till skolans v\u00e4rderingar, b\u00e5de genom sina studier och sitt s\u00e4tt att vara. M\u00e5nadens Roggeelev i september 2019 \u00e4r Elis Duus-Otterstr\u00f6m, som g\u00e5r i klass 6c. S\u00e5 h\u00e4r lyder v\u00e5r motivering: &#8221;Elis har&hellip;","_links":{"self":[{"href":"https:\/\/www.europaskolan.se\/rogge\/wp-json\/wp\/v2\/posts\/9279","targetHints":{"allow":["GET"]}}],"collection":[{"href":"https:\/\/www.europaskolan.se\/rogge\/wp-json\/wp\/v2\/posts"}],"about":[{"href":"https:\/\/www.europaskolan.se\/rogge\/wp-json\/wp\/v2\/types\/post"}],"author":[{"embeddable":true,"href":"https:\/\/www.europaskolan.se\/rogge\/wp-json\/wp\/v2\/users\/1"}],"replies":[{"embeddable":true,"href":"https:\/\/www.europaskolan.se\/rogge\/wp-json\/wp\/v2\/comments?post=9279"}],"version-history":[{"count":0,"href":"https:\/\/www.europaskolan.se\/rogge\/wp-json\/wp\/v2\/posts\/9279\/revisions"}],"wp:featuredmedia":[{"embeddable":true,"href":"https:\/\/www.europaskolan.se\/rogge\/wp-json\/wp\/v2\/media\/9280"}],"wp:attachment":[{"href":"https:\/\/www.europaskolan.se\/rogge\/wp-json\/wp\/v2\/media?parent=9279"}],"wp:term":[{"taxonomy":"category","embeddable":true,"href":"https:\/\/www.europaskolan.se\/rogge\/wp-json\/wp\/v2\/categories?post=9279"},{"taxonomy":"post_tag","embeddable":true,"href":"https:\/\/www.europaskolan.se\/rogge\/wp-json\/wp\/v2\/tags?post=9279"}],"curies":[{"name":"wp","href":"https:\/\/api.w.org\/{rel}","templated":true}]}}