{"id":9119,"date":"2019-05-17T13:21:35","date_gmt":"2019-05-17T11:21:35","guid":{"rendered":"https:\/\/www.europaskolan.se\/rogge\/?p=9119"},"modified":"2019-05-17T13:21:35","modified_gmt":"2019-05-17T11:21:35","slug":"manadens-roggeelev-mars-2019-tim-erixon","status":"publish","type":"post","link":"https:\/\/www.europaskolan.se\/rogge\/manadens-roggeelev-mars-2019-tim-erixon\/","title":{"rendered":"M\u00e5nadens Roggeelev, mars 2019 \u2013 Tim Erixon"},"content":{"rendered":"<p><strong><img fetchpriority=\"high\" decoding=\"async\" class=\"alignnone size-full wp-image-9121\" src=\"https:\/\/www.europaskolan.se\/rogge\/wp-content\/uploads\/sites\/3\/2019\/05\/Euroaskolan-Rogge-tim-Erixon.jpg\" alt=\"\" width=\"1740\" height=\"1260\" srcset=\"https:\/\/www.europaskolan.se\/rogge\/wp-content\/uploads\/sites\/3\/2019\/05\/Euroaskolan-Rogge-tim-Erixon.jpg 1740w, https:\/\/www.europaskolan.se\/rogge\/wp-content\/uploads\/sites\/3\/2019\/05\/Euroaskolan-Rogge-tim-Erixon-200x145.jpg 200w, https:\/\/www.europaskolan.se\/rogge\/wp-content\/uploads\/sites\/3\/2019\/05\/Euroaskolan-Rogge-tim-Erixon-414x300.jpg 414w, https:\/\/www.europaskolan.se\/rogge\/wp-content\/uploads\/sites\/3\/2019\/05\/Euroaskolan-Rogge-tim-Erixon-768x556.jpg 768w, https:\/\/www.europaskolan.se\/rogge\/wp-content\/uploads\/sites\/3\/2019\/05\/Euroaskolan-Rogge-tim-Erixon-1024x742.jpg 1024w\" sizes=\"(max-width: 1740px) 100vw, 1740px\" \/><\/strong><\/p>\n<p><em>Nu har vi utsett M\u00e5nadens Roggeelev f\u00f6r mars p\u00e5 Europaskolan Rogge. Utm\u00e4rkelsen g\u00e5r till en elev i \u00e5rskurs 9, som lever upp till skolans v\u00e4rderingar b\u00e5de genom sina studier och sitt s\u00e4tt att vara.<\/em><\/p>\n<p><strong>M\u00e5nadens Roggeelev i mars 2019 \u00e4r Tim Erixon,<\/strong> som g\u00e5r i klass 9a. S\u00e5 h\u00e4r lyder v\u00e5r motivering:<\/p>\n<p><em>\u201dMed ditt oklanderliga uppf\u00f6rande och alltid lika trevliga bem\u00f6tande av b\u00e5de elever och personal, samt det s\u00e4tt p\u00e5 vilket du tar dig an dina studier, \u00e4r du en mycket god f\u00f6rebild Tim.\u201d<\/em><\/p>\n<p><strong>Grunden till M\u00e5nadens Roggeelev \u00e4r enk\u00e4ten om trygghet och studiero<\/strong> som g\u00f6rs varje \u00e5r p\u00e5 Europaskolan Rogge. I enk\u00e4tsvaren har trygghetsgruppen analyserat fram \u00f6nskningar fr\u00e5n eleverna hur de vill att de ska vara mot varandra. Det h\u00e4r \u00e4r de definitioner vi utg\u00e5r ifr\u00e5n n\u00e4r vi ska utse M\u00e5nadens Roggeelev:<\/p>\n<p><strong>En sann Roggeelev<\/strong><\/p>\n<ul>\n<li>har ett v\u00e5rdat spr\u00e5k och talar juste till elever och personal<\/li>\n<li>\u00e4r en f\u00f6rebild f\u00f6r andra elever<\/li>\n<li>\u00e4r en bra kompis och uppmuntrar och ser andra elever<\/li>\n<li>har en positiv inst\u00e4llning och sprider den till andra<\/li>\n<li>s\u00e4ger hej till andra elever och personal p\u00e5 skolan<\/li>\n<li>sk\u00f6ter sina studier efter b\u00e4sta f\u00f6rm\u00e5ga och har med r\u00e4tt material till lektionerna.<\/li>\n<\/ul>\n<p><strong>Stort grattis till dig, Tim <\/strong>\u2013 och tack f\u00f6r att du \u00e4r en s\u00e5dan bra f\u00f6rebild!<\/p>\n","protected":false},"excerpt":{"rendered":"<p>Nu har vi utsett M\u00e5nadens Roggeelev f\u00f6r mars p\u00e5 Europaskolan Rogge. Utm\u00e4rkelsen g\u00e5r till en elev i \u00e5rskurs 9, som lever upp till skolans v\u00e4rderingar b\u00e5de genom sina studier och sitt s\u00e4tt att vara. M\u00e5nadens Roggeelev i mars 2019 \u00e4r Tim Erixon, som g\u00e5r i klass 9a. S\u00e5 h\u00e4r lyder v\u00e5r motivering: \u201dMed ditt oklanderliga [&hellip;]<\/p>\n","protected":false},"author":1,"featured_media":9120,"comment_status":"closed","ping_status":"closed","sticky":false,"template":"","format":"standard","meta":{"footnotes":""},"categories":[5],"tags":[],"class_list":["post-9119","post","type-post","status-publish","format-standard","has-post-thumbnail","hentry","category-manadens-roggeelev"],"blocksy_meta":[],"rttpg_featured_image_url":{"full":["https:\/\/www.europaskolan.se\/rogge\/wp-content\/uploads\/sites\/3\/2019\/05\/Euroaskolan-Rogge-tim-Erixon2.jpg",1740,1536,false],"landscape":["https:\/\/www.europaskolan.se\/rogge\/wp-content\/uploads\/sites\/3\/2019\/05\/Euroaskolan-Rogge-tim-Erixon2.jpg",1740,1536,false],"portraits":["https:\/\/www.europaskolan.se\/rogge\/wp-content\/uploads\/sites\/3\/2019\/05\/Euroaskolan-Rogge-tim-Erixon2.jpg",1740,1536,false],"thumbnail":["https:\/\/www.europaskolan.se\/rogge\/wp-content\/uploads\/sites\/3\/2019\/05\/Euroaskolan-Rogge-tim-Erixon2-170x150.jpg",170,150,true],"medium":["https:\/\/www.europaskolan.se\/rogge\/wp-content\/uploads\/sites\/3\/2019\/05\/Euroaskolan-Rogge-tim-Erixon2-340x300.jpg",340,300,true],"large":["https:\/\/www.europaskolan.se\/rogge\/wp-content\/uploads\/sites\/3\/2019\/05\/Euroaskolan-Rogge-tim-Erixon2-1024x904.jpg",1024,904,true],"1536x1536":["https:\/\/www.europaskolan.se\/rogge\/wp-content\/uploads\/sites\/3\/2019\/05\/Euroaskolan-Rogge-tim-Erixon2.jpg",1536,1356,false],"2048x2048":["https:\/\/www.europaskolan.se\/rogge\/wp-content\/uploads\/sites\/3\/2019\/05\/Euroaskolan-Rogge-tim-Erixon2.jpg",1740,1536,false],"sow-carousel-default":["https:\/\/www.europaskolan.se\/rogge\/wp-content\/uploads\/sites\/3\/2019\/05\/Euroaskolan-Rogge-tim-Erixon2.jpg",206,182,false]},"rttpg_author":{"display_name":"admin","author_link":"https:\/\/www.europaskolan.se\/rogge\/author\/admin\/"},"rttpg_comment":0,"rttpg_category":"<a href=\"https:\/\/www.europaskolan.se\/rogge\/category\/manadens-roggeelev\/\" rel=\"category tag\">M\u00e5nadens Roggeelev<\/a>","rttpg_excerpt":"Nu har vi utsett M\u00e5nadens Roggeelev f\u00f6r mars p\u00e5 Europaskolan Rogge. Utm\u00e4rkelsen g\u00e5r till en elev i \u00e5rskurs 9, som lever upp till skolans v\u00e4rderingar b\u00e5de genom sina studier och sitt s\u00e4tt att vara. M\u00e5nadens Roggeelev i mars 2019 \u00e4r Tim Erixon, som g\u00e5r i klass 9a. S\u00e5 h\u00e4r lyder v\u00e5r motivering: \u201dMed ditt oklanderliga&hellip;","_links":{"self":[{"href":"https:\/\/www.europaskolan.se\/rogge\/wp-json\/wp\/v2\/posts\/9119","targetHints":{"allow":["GET"]}}],"collection":[{"href":"https:\/\/www.europaskolan.se\/rogge\/wp-json\/wp\/v2\/posts"}],"about":[{"href":"https:\/\/www.europaskolan.se\/rogge\/wp-json\/wp\/v2\/types\/post"}],"author":[{"embeddable":true,"href":"https:\/\/www.europaskolan.se\/rogge\/wp-json\/wp\/v2\/users\/1"}],"replies":[{"embeddable":true,"href":"https:\/\/www.europaskolan.se\/rogge\/wp-json\/wp\/v2\/comments?post=9119"}],"version-history":[{"count":0,"href":"https:\/\/www.europaskolan.se\/rogge\/wp-json\/wp\/v2\/posts\/9119\/revisions"}],"wp:featuredmedia":[{"embeddable":true,"href":"https:\/\/www.europaskolan.se\/rogge\/wp-json\/wp\/v2\/media\/9120"}],"wp:attachment":[{"href":"https:\/\/www.europaskolan.se\/rogge\/wp-json\/wp\/v2\/media?parent=9119"}],"wp:term":[{"taxonomy":"category","embeddable":true,"href":"https:\/\/www.europaskolan.se\/rogge\/wp-json\/wp\/v2\/categories?post=9119"},{"taxonomy":"post_tag","embeddable":true,"href":"https:\/\/www.europaskolan.se\/rogge\/wp-json\/wp\/v2\/tags?post=9119"}],"curies":[{"name":"wp","href":"https:\/\/api.w.org\/{rel}","templated":true}]}}