{"id":9004,"date":"2019-02-28T15:25:30","date_gmt":"2019-02-28T14:25:30","guid":{"rendered":"https:\/\/www.europaskolan.se\/rogge\/?p=9004"},"modified":"2019-02-28T15:25:31","modified_gmt":"2019-02-28T14:25:31","slug":"manadens-roggeelev-februari-2019-edvin-ax","status":"publish","type":"post","link":"https:\/\/www.europaskolan.se\/rogge\/manadens-roggeelev-februari-2019-edvin-ax\/","title":{"rendered":"M\u00e5nadens Roggeelev, februari 2019 \u2013 Edvin Ax"},"content":{"rendered":"\n<figure class=\"wp-block-image\"><img fetchpriority=\"high\" decoding=\"async\" width=\"1000\" height=\"696\" src=\"https:\/\/www.europaskolan.se\/rogge\/wp-content\/uploads\/sites\/3\/2019\/02\/Ax.jpg\" alt=\"\" class=\"wp-image-9005\" srcset=\"https:\/\/www.europaskolan.se\/rogge\/wp-content\/uploads\/sites\/3\/2019\/02\/Ax.jpg 1000w, https:\/\/www.europaskolan.se\/rogge\/wp-content\/uploads\/sites\/3\/2019\/02\/Ax-200x139.jpg 200w, https:\/\/www.europaskolan.se\/rogge\/wp-content\/uploads\/sites\/3\/2019\/02\/Ax-431x300.jpg 431w, https:\/\/www.europaskolan.se\/rogge\/wp-content\/uploads\/sites\/3\/2019\/02\/Ax-768x535.jpg 768w\" sizes=\"(max-width: 1000px) 100vw, 1000px\" \/><\/figure>\n\n\n\n<p><em>Nu har vi utsett M\u00e5nadens Roggeelev f\u00f6r februari p\u00e5 Europaskolan Rogge. Utm\u00e4rkelsen g\u00e5r till en elev i \u00e5rskurs 6, som lever upp till skolans v\u00e4rderingar b\u00e5de genom sina studier och sitt s\u00e4tt att vara. <\/em><\/p>\n\n\n\n<p><strong>M\u00e5nadens Roggeelev i februari 2019 \u00e4r Edvin Ax,<\/strong> som g\u00e5r i klass 6b. S\u00e5 h\u00e4r lyder v\u00e5r motivering:<\/p>\n\n\n\n<p><em>&#8221;Alltid positiv, alltid hj\u00e4lpsam och alltid trevlig. Du jobbar p\u00e5 bra med dina skoluppgifter och presterar bra. Med ditt s\u00e4tt att vara sprider du positiv energi. Du \u00e4r en god f\u00f6rebild, Edvin.&#8221;<\/em><\/p>\n\n\n\n<p><strong>Grunden till M\u00e5nadens Roggeelev \u00e4r enk\u00e4ten om trygghet och studiero<\/strong> som g\u00f6rs varje \u00e5r p\u00e5 Europaskolan Rogge. I enk\u00e4tsvaren har trygghetsgruppen analyserat fram \u00f6nskningar fr\u00e5n eleverna hur de vill att de ska vara mot varandra. Det h\u00e4r \u00e4r de definitioner vi utg\u00e5r ifr\u00e5n n\u00e4r vi ska utse M\u00e5nadens Roggeelev:<\/p>\n\n\n\n<p><strong>En sann Roggeelev<\/strong><\/p>\n\n\n\n<ul class=\"wp-block-list\"><li>har ett v\u00e5rdat spr\u00e5k och talar juste till elever och personal<\/li><li>\u00e4r en f\u00f6rebild f\u00f6r andra elever<\/li><li>\u00e4r en bra kompis och uppmuntrar och ser andra elever<\/li><li>har en positiv inst\u00e4llning och sprider den till andra<\/li><li>s\u00e4ger hej till andra elever och personal p\u00e5 skolan<\/li><li>sk\u00f6ter sina studier efter b\u00e4sta f\u00f6rm\u00e5ga och har med r\u00e4tt material till lektionerna.<\/li><\/ul>\n\n\n\n<p><strong>Stort grattis till dig, Edvin <\/strong>\u2013 och tack f\u00f6r att du \u00e4r en s\u00e5dan bra f\u00f6rebild!<\/p>\n","protected":false},"excerpt":{"rendered":"<p>Nu har vi utsett M\u00e5nadens Roggeelev f\u00f6r februari p\u00e5 Europaskolan Rogge. Utm\u00e4rkelsen g\u00e5r till en elev i \u00e5rskurs 6, som lever upp till skolans v\u00e4rderingar b\u00e5de genom sina studier och sitt s\u00e4tt att vara. M\u00e5nadens Roggeelev i februari 2019 \u00e4r Edvin Ax, som g\u00e5r i klass 6b. S\u00e5 h\u00e4r lyder v\u00e5r motivering: &#8221;Alltid positiv, alltid [&hellip;]<\/p>\n","protected":false},"author":2,"featured_media":9005,"comment_status":"closed","ping_status":"closed","sticky":false,"template":"","format":"standard","meta":{"footnotes":""},"categories":[5],"tags":[],"class_list":["post-9004","post","type-post","status-publish","format-standard","has-post-thumbnail","hentry","category-manadens-roggeelev"],"blocksy_meta":[],"rttpg_featured_image_url":{"full":["https:\/\/www.europaskolan.se\/rogge\/wp-content\/uploads\/sites\/3\/2019\/02\/Ax.jpg",1000,696,false],"landscape":["https:\/\/www.europaskolan.se\/rogge\/wp-content\/uploads\/sites\/3\/2019\/02\/Ax.jpg",1000,696,false],"portraits":["https:\/\/www.europaskolan.se\/rogge\/wp-content\/uploads\/sites\/3\/2019\/02\/Ax.jpg",1000,696,false],"thumbnail":["https:\/\/www.europaskolan.se\/rogge\/wp-content\/uploads\/sites\/3\/2019\/02\/Ax-200x139.jpg",200,139,true],"medium":["https:\/\/www.europaskolan.se\/rogge\/wp-content\/uploads\/sites\/3\/2019\/02\/Ax-431x300.jpg",431,300,true],"large":["https:\/\/www.europaskolan.se\/rogge\/wp-content\/uploads\/sites\/3\/2019\/02\/Ax.jpg",1000,696,false],"1536x1536":["https:\/\/www.europaskolan.se\/rogge\/wp-content\/uploads\/sites\/3\/2019\/02\/Ax.jpg",1000,696,false],"2048x2048":["https:\/\/www.europaskolan.se\/rogge\/wp-content\/uploads\/sites\/3\/2019\/02\/Ax.jpg",1000,696,false],"sow-carousel-default":["https:\/\/www.europaskolan.se\/rogge\/wp-content\/uploads\/sites\/3\/2019\/02\/Ax.jpg",261,182,false]},"rttpg_author":{"display_name":"camilla","author_link":"https:\/\/www.europaskolan.se\/rogge\/author\/camilla\/"},"rttpg_comment":0,"rttpg_category":"<a href=\"https:\/\/www.europaskolan.se\/rogge\/category\/manadens-roggeelev\/\" rel=\"category tag\">M\u00e5nadens Roggeelev<\/a>","rttpg_excerpt":"Nu har vi utsett M\u00e5nadens Roggeelev f\u00f6r februari p\u00e5 Europaskolan Rogge. Utm\u00e4rkelsen g\u00e5r till en elev i \u00e5rskurs 6, som lever upp till skolans v\u00e4rderingar b\u00e5de genom sina studier och sitt s\u00e4tt att vara. M\u00e5nadens Roggeelev i februari 2019 \u00e4r Edvin Ax, som g\u00e5r i klass 6b. S\u00e5 h\u00e4r lyder v\u00e5r motivering: &#8221;Alltid positiv, alltid&hellip;","_links":{"self":[{"href":"https:\/\/www.europaskolan.se\/rogge\/wp-json\/wp\/v2\/posts\/9004","targetHints":{"allow":["GET"]}}],"collection":[{"href":"https:\/\/www.europaskolan.se\/rogge\/wp-json\/wp\/v2\/posts"}],"about":[{"href":"https:\/\/www.europaskolan.se\/rogge\/wp-json\/wp\/v2\/types\/post"}],"author":[{"embeddable":true,"href":"https:\/\/www.europaskolan.se\/rogge\/wp-json\/wp\/v2\/users\/2"}],"replies":[{"embeddable":true,"href":"https:\/\/www.europaskolan.se\/rogge\/wp-json\/wp\/v2\/comments?post=9004"}],"version-history":[{"count":0,"href":"https:\/\/www.europaskolan.se\/rogge\/wp-json\/wp\/v2\/posts\/9004\/revisions"}],"wp:featuredmedia":[{"embeddable":true,"href":"https:\/\/www.europaskolan.se\/rogge\/wp-json\/wp\/v2\/media\/9005"}],"wp:attachment":[{"href":"https:\/\/www.europaskolan.se\/rogge\/wp-json\/wp\/v2\/media?parent=9004"}],"wp:term":[{"taxonomy":"category","embeddable":true,"href":"https:\/\/www.europaskolan.se\/rogge\/wp-json\/wp\/v2\/categories?post=9004"},{"taxonomy":"post_tag","embeddable":true,"href":"https:\/\/www.europaskolan.se\/rogge\/wp-json\/wp\/v2\/tags?post=9004"}],"curies":[{"name":"wp","href":"https:\/\/api.w.org\/{rel}","templated":true}]}}