{"id":8986,"date":"2019-01-24T14:59:37","date_gmt":"2019-01-24T13:59:37","guid":{"rendered":"https:\/\/www.europaskolan.se\/rogge\/?p=8986"},"modified":"2019-02-07T15:05:59","modified_gmt":"2019-02-07T14:05:59","slug":"manadens-roggeelev-december-2018-elma-velic","status":"publish","type":"post","link":"https:\/\/www.europaskolan.se\/rogge\/manadens-roggeelev-december-2018-elma-velic\/","title":{"rendered":"M\u00e5nadens Roggeelev, december 2018 \u2013 Elma Velic"},"content":{"rendered":"<figure id=\"attachment_8987\" aria-describedby=\"caption-attachment-8987\" style=\"width: 720px\" class=\"wp-caption alignnone\"><img fetchpriority=\"high\" decoding=\"async\" class=\"wp-image-8987 size-full\" src=\"https:\/\/www.europaskolan.se\/rogge\/wp-content\/uploads\/sites\/3\/2019\/02\/ESR-Manadens-elev1.jpg\" alt=\"\" width=\"720\" height=\"648\" srcset=\"https:\/\/www.europaskolan.se\/rogge\/wp-content\/uploads\/sites\/3\/2019\/02\/ESR-Manadens-elev1.jpg 720w, https:\/\/www.europaskolan.se\/rogge\/wp-content\/uploads\/sites\/3\/2019\/02\/ESR-Manadens-elev1-167x150.jpg 167w, https:\/\/www.europaskolan.se\/rogge\/wp-content\/uploads\/sites\/3\/2019\/02\/ESR-Manadens-elev1-333x300.jpg 333w\" sizes=\"(max-width: 720px) 100vw, 720px\" \/><figcaption id=\"caption-attachment-8987\" class=\"wp-caption-text\">Rektor Marcus Lindvall ger utm\u00e4rkelsen M\u00e5nadens Roggeelev till Elma Velic.<\/figcaption><\/figure>\n<p><em>Nu har vi utsett M\u00e5nadens Roggeelev f\u00f6r december p\u00e5 Europaskolan Rogge. Utm\u00e4rkelsen g\u00e5r till en elev i \u00e5rskurs 8, som lever upp till skolans v\u00e4rderingar b\u00e5de genom sina studier och sitt s\u00e4tt att vara.\u00a0<\/em><\/p>\n<p><strong>M\u00e5nadens Roggeelev i december 2018 \u00e4r Elma Velic,<\/strong> som g\u00e5r i klass 8b. S\u00e5 h\u00e4r lyder v\u00e5r motivering:<\/p>\n<p><em>&#8221;Med stor \u00f6dmjukhet och entusiasm tar du dig an dina skoluppdrag i b\u00e5de elevr\u00e5det och andra uppdrag. Du \u00e4r en god representant b\u00e5de f\u00f6r skolan och dina skolkamrater, och med ditt v\u00e4nliga bem\u00f6tande mot elever och l\u00e4rare st\u00e4ller du g\u00e4rna upp f\u00f6r andra. Du visar en god kamratanda, Elma!\u201d<\/em><\/p>\n<p><strong>Grunden till M\u00e5nadens Roggeelev \u00e4r enk\u00e4ten om trygghet och studiero<\/strong> som g\u00f6rs varje \u00e5r p\u00e5 Europaskolan Rogge. I enk\u00e4tsvaren har trygghetsgruppen analyserat fram \u00f6nskningar fr\u00e5n eleverna hur de vill att de ska vara mot varandra. Det h\u00e4r \u00e4r de definitioner vi utg\u00e5r ifr\u00e5n n\u00e4r vi ska utse M\u00e5nadens Roggeelev:<\/p>\n<p><strong>En sann Roggeelev<\/strong><\/p>\n<ul>\n<li>har ett v\u00e5rdat spr\u00e5k och talar juste till elever och personal<\/li>\n<li>\u00e4r en f\u00f6rebild f\u00f6r andra elever<\/li>\n<li>\u00e4r en bra kompis och uppmuntrar och ser andra elever<\/li>\n<li>har en positiv inst\u00e4llning och sprider den till andra<\/li>\n<li>s\u00e4ger hej till andra elever och personal p\u00e5 skolan<\/li>\n<li>sk\u00f6ter sina studier efter b\u00e4sta f\u00f6rm\u00e5ga och har med r\u00e4tt material till lektionerna.<\/li>\n<\/ul>\n<p><strong>Stort grattis till dig, Elma <\/strong>\u2013 och tack f\u00f6r att du \u00e4r en s\u00e5dan bra f\u00f6rebild!<\/p>\n","protected":false},"excerpt":{"rendered":"<p>Nu har vi utsett M\u00e5nadens Roggeelev f\u00f6r december p\u00e5 Europaskolan Rogge. Utm\u00e4rkelsen g\u00e5r till en elev i \u00e5rskurs 8, som lever upp till skolans v\u00e4rderingar b\u00e5de genom sina studier och sitt s\u00e4tt att vara.\u00a0 M\u00e5nadens Roggeelev i december 2018 \u00e4r Elma Velic, som g\u00e5r i klass 8b. S\u00e5 h\u00e4r lyder v\u00e5r motivering: &#8221;Med stor \u00f6dmjukhet [&hellip;]<\/p>\n","protected":false},"author":2,"featured_media":8988,"comment_status":"closed","ping_status":"closed","sticky":false,"template":"","format":"standard","meta":{"footnotes":""},"categories":[5],"tags":[],"class_list":["post-8986","post","type-post","status-publish","format-standard","has-post-thumbnail","hentry","category-manadens-roggeelev"],"blocksy_meta":[],"rttpg_featured_image_url":{"full":["https:\/\/www.europaskolan.se\/rogge\/wp-content\/uploads\/sites\/3\/2019\/02\/ESR-Manadens-elev3-286x300.jpg",286,300,false],"landscape":["https:\/\/www.europaskolan.se\/rogge\/wp-content\/uploads\/sites\/3\/2019\/02\/ESR-Manadens-elev3-286x300.jpg",286,300,false],"portraits":["https:\/\/www.europaskolan.se\/rogge\/wp-content\/uploads\/sites\/3\/2019\/02\/ESR-Manadens-elev3-286x300.jpg",286,300,false],"thumbnail":["https:\/\/www.europaskolan.se\/rogge\/wp-content\/uploads\/sites\/3\/2019\/02\/ESR-Manadens-elev3-286x300-143x150.jpg",143,150,true],"medium":["https:\/\/www.europaskolan.se\/rogge\/wp-content\/uploads\/sites\/3\/2019\/02\/ESR-Manadens-elev3-286x300-286x300.jpg",286,300,true],"large":["https:\/\/www.europaskolan.se\/rogge\/wp-content\/uploads\/sites\/3\/2019\/02\/ESR-Manadens-elev3-286x300.jpg",286,300,false],"1536x1536":["https:\/\/www.europaskolan.se\/rogge\/wp-content\/uploads\/sites\/3\/2019\/02\/ESR-Manadens-elev3-286x300.jpg",286,300,false],"2048x2048":["https:\/\/www.europaskolan.se\/rogge\/wp-content\/uploads\/sites\/3\/2019\/02\/ESR-Manadens-elev3-286x300.jpg",286,300,false],"sow-carousel-default":["https:\/\/www.europaskolan.se\/rogge\/wp-content\/uploads\/sites\/3\/2019\/02\/ESR-Manadens-elev3-286x300.jpg",174,182,false]},"rttpg_author":{"display_name":"camilla","author_link":"https:\/\/www.europaskolan.se\/rogge\/author\/camilla\/"},"rttpg_comment":0,"rttpg_category":"<a href=\"https:\/\/www.europaskolan.se\/rogge\/category\/manadens-roggeelev\/\" rel=\"category tag\">M\u00e5nadens Roggeelev<\/a>","rttpg_excerpt":"Nu har vi utsett M\u00e5nadens Roggeelev f\u00f6r december p\u00e5 Europaskolan Rogge. Utm\u00e4rkelsen g\u00e5r till en elev i \u00e5rskurs 8, som lever upp till skolans v\u00e4rderingar b\u00e5de genom sina studier och sitt s\u00e4tt att vara.\u00a0 M\u00e5nadens Roggeelev i december 2018 \u00e4r Elma Velic, som g\u00e5r i klass 8b. S\u00e5 h\u00e4r lyder v\u00e5r motivering: &#8221;Med stor \u00f6dmjukhet&hellip;","_links":{"self":[{"href":"https:\/\/www.europaskolan.se\/rogge\/wp-json\/wp\/v2\/posts\/8986","targetHints":{"allow":["GET"]}}],"collection":[{"href":"https:\/\/www.europaskolan.se\/rogge\/wp-json\/wp\/v2\/posts"}],"about":[{"href":"https:\/\/www.europaskolan.se\/rogge\/wp-json\/wp\/v2\/types\/post"}],"author":[{"embeddable":true,"href":"https:\/\/www.europaskolan.se\/rogge\/wp-json\/wp\/v2\/users\/2"}],"replies":[{"embeddable":true,"href":"https:\/\/www.europaskolan.se\/rogge\/wp-json\/wp\/v2\/comments?post=8986"}],"version-history":[{"count":0,"href":"https:\/\/www.europaskolan.se\/rogge\/wp-json\/wp\/v2\/posts\/8986\/revisions"}],"wp:featuredmedia":[{"embeddable":true,"href":"https:\/\/www.europaskolan.se\/rogge\/wp-json\/wp\/v2\/media\/8988"}],"wp:attachment":[{"href":"https:\/\/www.europaskolan.se\/rogge\/wp-json\/wp\/v2\/media?parent=8986"}],"wp:term":[{"taxonomy":"category","embeddable":true,"href":"https:\/\/www.europaskolan.se\/rogge\/wp-json\/wp\/v2\/categories?post=8986"},{"taxonomy":"post_tag","embeddable":true,"href":"https:\/\/www.europaskolan.se\/rogge\/wp-json\/wp\/v2\/tags?post=8986"}],"curies":[{"name":"wp","href":"https:\/\/api.w.org\/{rel}","templated":true}]}}