{"id":8982,"date":"2018-12-04T14:58:01","date_gmt":"2018-12-04T13:58:01","guid":{"rendered":"https:\/\/www.europaskolan.se\/rogge\/?p=8982"},"modified":"2019-03-16T12:28:17","modified_gmt":"2019-03-16T11:28:17","slug":"manadens-roggeelev-november-2018-emilia-schramm-nilsson","status":"publish","type":"post","link":"https:\/\/www.europaskolan.se\/rogge\/manadens-roggeelev-november-2018-emilia-schramm-nilsson\/","title":{"rendered":"M\u00e5nadens Roggeelev, november 2018 \u2013 Emilia Schramm Nilsson"},"content":{"rendered":"<p><img fetchpriority=\"high\" decoding=\"async\" class=\"alignnone wp-image-8983 size-full\" src=\"https:\/\/www.europaskolan.se\/rogge\/wp-content\/uploads\/sites\/3\/2019\/02\/ESR_M_elev_november-2-768x493.jpg\" alt=\"\" width=\"768\" height=\"493\" srcset=\"https:\/\/www.europaskolan.se\/rogge\/wp-content\/uploads\/sites\/3\/2019\/02\/ESR_M_elev_november-2-768x493.jpg 768w, https:\/\/www.europaskolan.se\/rogge\/wp-content\/uploads\/sites\/3\/2019\/02\/ESR_M_elev_november-2-768x493-200x128.jpg 200w, https:\/\/www.europaskolan.se\/rogge\/wp-content\/uploads\/sites\/3\/2019\/02\/ESR_M_elev_november-2-768x493-467x300.jpg 467w\" sizes=\"(max-width: 768px) 100vw, 768px\" \/><\/p>\n<p>Rektor Marcus Lindvall ger utm\u00e4rkelsen M\u00e5nadens Roggeelev till Emilia Schramm Nilssson.<\/p>\n<p><em>Nu har vi utsett M\u00e5nadens Roggeelev f\u00f6r november p\u00e5 Europaskolan Rogge. M\u00e5nadens utm\u00e4rkelse g\u00e5r till en elev i \u00e5rskurs 5, som lever upp till skolans v\u00e4rderingar genom b\u00e5de studier och s\u00e4tt att vara.<\/em><\/p>\n<p><strong>M\u00e5nadens Roggeelev i november 2018 \u00e4r Emilia Schramm Nilsson,<\/strong> som g\u00e5r i klass 5a. S\u00e5 h\u00e4r lyder v\u00e5r motivering:<\/p>\n<p><em>\u201dF\u00f6r att du alltid \u00e4r nyfiken och positiv p\u00e5 ett s\u00e4tt som smittar av sig. F\u00f6r att du m\u00e5linriktat och med stort ansvarstagande sk\u00f6ter dina studier. F\u00f6r att du med mycket omt\u00e4nksamhet och ett stort hj\u00e4rta \u00e4r en s\u00e5 god kamrat.\u201d<\/em><\/p>\n<p><strong>Grunden till M\u00e5nadens Roggeelev \u00e4r enk\u00e4ten om trygghet och studiero<\/strong> som g\u00f6rs varje \u00e5r p\u00e5 Europaskolan Rogge. I enk\u00e4tsvaren har trygghetsgruppen analyserat fram \u00f6nskningar fr\u00e5n eleverna hur de vill att de ska vara mot varandra. Det h\u00e4r \u00e4r de definitioner vi utg\u00e5r ifr\u00e5n n\u00e4r vi ska utse M\u00e5nadens Roggeelev:<\/p>\n<p><strong>En sann Roggeelev<\/strong><\/p>\n<ul>\n<li>har ett v\u00e5rdat spr\u00e5k och talar juste till elever och personal<\/li>\n<li>\u00e4r en f\u00f6rebild f\u00f6r andra elever<\/li>\n<li>\u00e4r en bra kompis och uppmuntrar och ser andra elever<\/li>\n<li>har en positiv inst\u00e4llning och sprider den till andra<\/li>\n<li>s\u00e4ger hej till andra elever och personal p\u00e5 skolan<\/li>\n<li>sk\u00f6ter sina studier efter b\u00e4sta f\u00f6rm\u00e5ga och har med r\u00e4tt material till lektionerna.<\/li>\n<\/ul>\n<p><strong>Stort grattis till dig, Emilia <\/strong>\u2013 och tack f\u00f6r att du \u00e4r en s\u00e5dan bra f\u00f6rebild!<\/p>\n","protected":false},"excerpt":{"rendered":"<p>Rektor Marcus Lindvall ger utm\u00e4rkelsen M\u00e5nadens Roggeelev till Emilia Schramm Nilssson. Nu har vi utsett M\u00e5nadens Roggeelev f\u00f6r november p\u00e5 Europaskolan Rogge. M\u00e5nadens utm\u00e4rkelse g\u00e5r till en elev i \u00e5rskurs 5, som lever upp till skolans v\u00e4rderingar genom b\u00e5de studier och s\u00e4tt att vara. M\u00e5nadens Roggeelev i november 2018 \u00e4r Emilia Schramm Nilsson, som g\u00e5r [&hellip;]<\/p>\n","protected":false},"author":2,"featured_media":8984,"comment_status":"closed","ping_status":"closed","sticky":false,"template":"","format":"standard","meta":{"footnotes":""},"categories":[5],"tags":[],"class_list":["post-8982","post","type-post","status-publish","format-standard","has-post-thumbnail","hentry","category-manadens-roggeelev"],"blocksy_meta":[],"rttpg_featured_image_url":{"full":["https:\/\/www.europaskolan.se\/rogge\/wp-content\/uploads\/sites\/3\/2019\/02\/ESR_M_elev_november-3-341x300.jpg",341,300,false],"landscape":["https:\/\/www.europaskolan.se\/rogge\/wp-content\/uploads\/sites\/3\/2019\/02\/ESR_M_elev_november-3-341x300.jpg",341,300,false],"portraits":["https:\/\/www.europaskolan.se\/rogge\/wp-content\/uploads\/sites\/3\/2019\/02\/ESR_M_elev_november-3-341x300.jpg",341,300,false],"thumbnail":["https:\/\/www.europaskolan.se\/rogge\/wp-content\/uploads\/sites\/3\/2019\/02\/ESR_M_elev_november-3-341x300-171x150.jpg",171,150,true],"medium":["https:\/\/www.europaskolan.se\/rogge\/wp-content\/uploads\/sites\/3\/2019\/02\/ESR_M_elev_november-3-341x300-341x300.jpg",341,300,true],"large":["https:\/\/www.europaskolan.se\/rogge\/wp-content\/uploads\/sites\/3\/2019\/02\/ESR_M_elev_november-3-341x300.jpg",341,300,false],"1536x1536":["https:\/\/www.europaskolan.se\/rogge\/wp-content\/uploads\/sites\/3\/2019\/02\/ESR_M_elev_november-3-341x300.jpg",341,300,false],"2048x2048":["https:\/\/www.europaskolan.se\/rogge\/wp-content\/uploads\/sites\/3\/2019\/02\/ESR_M_elev_november-3-341x300.jpg",341,300,false],"sow-carousel-default":["https:\/\/www.europaskolan.se\/rogge\/wp-content\/uploads\/sites\/3\/2019\/02\/ESR_M_elev_november-3-341x300.jpg",207,182,false]},"rttpg_author":{"display_name":"camilla","author_link":"https:\/\/www.europaskolan.se\/rogge\/author\/camilla\/"},"rttpg_comment":0,"rttpg_category":"<a href=\"https:\/\/www.europaskolan.se\/rogge\/category\/manadens-roggeelev\/\" rel=\"category tag\">M\u00e5nadens Roggeelev<\/a>","rttpg_excerpt":"Rektor Marcus Lindvall ger utm\u00e4rkelsen M\u00e5nadens Roggeelev till Emilia Schramm Nilssson. Nu har vi utsett M\u00e5nadens Roggeelev f\u00f6r november p\u00e5 Europaskolan Rogge. M\u00e5nadens utm\u00e4rkelse g\u00e5r till en elev i \u00e5rskurs 5, som lever upp till skolans v\u00e4rderingar genom b\u00e5de studier och s\u00e4tt att vara. M\u00e5nadens Roggeelev i november 2018 \u00e4r Emilia Schramm Nilsson, som g\u00e5r&hellip;","_links":{"self":[{"href":"https:\/\/www.europaskolan.se\/rogge\/wp-json\/wp\/v2\/posts\/8982","targetHints":{"allow":["GET"]}}],"collection":[{"href":"https:\/\/www.europaskolan.se\/rogge\/wp-json\/wp\/v2\/posts"}],"about":[{"href":"https:\/\/www.europaskolan.se\/rogge\/wp-json\/wp\/v2\/types\/post"}],"author":[{"embeddable":true,"href":"https:\/\/www.europaskolan.se\/rogge\/wp-json\/wp\/v2\/users\/2"}],"replies":[{"embeddable":true,"href":"https:\/\/www.europaskolan.se\/rogge\/wp-json\/wp\/v2\/comments?post=8982"}],"version-history":[{"count":0,"href":"https:\/\/www.europaskolan.se\/rogge\/wp-json\/wp\/v2\/posts\/8982\/revisions"}],"wp:featuredmedia":[{"embeddable":true,"href":"https:\/\/www.europaskolan.se\/rogge\/wp-json\/wp\/v2\/media\/8984"}],"wp:attachment":[{"href":"https:\/\/www.europaskolan.se\/rogge\/wp-json\/wp\/v2\/media?parent=8982"}],"wp:term":[{"taxonomy":"category","embeddable":true,"href":"https:\/\/www.europaskolan.se\/rogge\/wp-json\/wp\/v2\/categories?post=8982"},{"taxonomy":"post_tag","embeddable":true,"href":"https:\/\/www.europaskolan.se\/rogge\/wp-json\/wp\/v2\/tags?post=8982"}],"curies":[{"name":"wp","href":"https:\/\/api.w.org\/{rel}","templated":true}]}}