{"id":8977,"date":"2018-11-13T14:52:30","date_gmt":"2018-11-13T13:52:30","guid":{"rendered":"https:\/\/www.europaskolan.se\/rogge\/?p=8977"},"modified":"2019-02-07T14:54:37","modified_gmt":"2019-02-07T13:54:37","slug":"8977-2","status":"publish","type":"post","link":"https:\/\/www.europaskolan.se\/rogge\/8977-2\/","title":{"rendered":"M\u00e5nadens Roggeelev, oktober 2018 \u2013 Eric Malmqvist"},"content":{"rendered":"<p><em><img fetchpriority=\"high\" decoding=\"async\" class=\"alignnone wp-image-8978 size-full\" src=\"https:\/\/www.europaskolan.se\/rogge\/wp-content\/uploads\/sites\/3\/2019\/02\/Eric_Malmqvist.jpg\" alt=\"\" width=\"650\" height=\"450\" srcset=\"https:\/\/www.europaskolan.se\/rogge\/wp-content\/uploads\/sites\/3\/2019\/02\/Eric_Malmqvist.jpg 650w, https:\/\/www.europaskolan.se\/rogge\/wp-content\/uploads\/sites\/3\/2019\/02\/Eric_Malmqvist-200x138.jpg 200w, https:\/\/www.europaskolan.se\/rogge\/wp-content\/uploads\/sites\/3\/2019\/02\/Eric_Malmqvist-433x300.jpg 433w\" sizes=\"(max-width: 650px) 100vw, 650px\" \/><\/em><\/p>\n<p><em>I oktober uts\u00e5g vi h\u00f6stterminens f\u00f6rsta Roggeelev p\u00e5 Europaskolan Rogge. M\u00e5nadens utm\u00e4rkelse gick till en elev i \u00e5rskurs 9, som verkligen lever upp till skolans v\u00e4rderingar genom b\u00e5de studier och s\u00e4tt att vara. <\/em><\/p>\n<p><strong>M\u00e5nadens Roggeelev i oktober 2018 \u00e4r Eric Malmqvist,<\/strong> som g\u00e5r i klass 9B. S\u00e5 h\u00e4r lyder v\u00e5r motivering:<\/p>\n<p><em>\u201dF\u00f6r din positiva inst\u00e4llning och sociala kompetens. F\u00f6r att du p\u00e5 ett m\u00e5linriktat s\u00e4tt tar dina studier p\u00e5 allvar och f\u00f6r att du p\u00e5 ett f\u00f6red\u00f6mligt s\u00e4tt tagit dig an dina arbetsuppgifter p\u00e5 praon. Du visar att du vill vara en f\u00f6rebild f\u00f6r yngre elever p\u00e5 skolan\u201d<\/em><\/p>\n<p><strong>Grunden till M\u00e5nadens Roggeelev \u00e4r enk\u00e4ten om trygghet och studiero<\/strong> som g\u00f6rs varje \u00e5r p\u00e5 Europaskolan Rogge. I enk\u00e4tsvaren har trygghetsgruppen analyserat fram \u00f6nskningar fr\u00e5n eleverna hur de vill att de ska vara mot varandra. Det h\u00e4r \u00e4r de definitioner vi utg\u00e5r ifr\u00e5n n\u00e4r vi ska utse M\u00e5nadens Roggeelev:<\/p>\n<p><strong>En sann Roggeelev<\/strong><\/p>\n<ul>\n<li>har ett v\u00e5rdat spr\u00e5k och talar juste till elever och personal<\/li>\n<li>\u00e4r en f\u00f6rebild f\u00f6r andra elever<\/li>\n<li>\u00e4r en bra kompis och uppmuntrar och ser andra elever<\/li>\n<li>har en positiv inst\u00e4llning och sprider den till andra<\/li>\n<li>s\u00e4ger hej till andra elever och personal p\u00e5 skolan<\/li>\n<li>sk\u00f6ter sina studier efter b\u00e4sta f\u00f6rm\u00e5ga och har med r\u00e4tt material till lektionerna.<\/li>\n<\/ul>\n<p><strong>Stort grattis till dig, Eric <\/strong>\u2013 och tack f\u00f6r att du \u00e4r en s\u00e5dan bra f\u00f6rebild!<\/p>\n","protected":false},"excerpt":{"rendered":"<p>I oktober uts\u00e5g vi h\u00f6stterminens f\u00f6rsta Roggeelev p\u00e5 Europaskolan Rogge. M\u00e5nadens utm\u00e4rkelse gick till en elev i \u00e5rskurs 9, som verkligen lever upp till skolans v\u00e4rderingar genom b\u00e5de studier och s\u00e4tt att vara. M\u00e5nadens Roggeelev i oktober 2018 \u00e4r Eric Malmqvist, som g\u00e5r i klass 9B. S\u00e5 h\u00e4r lyder v\u00e5r motivering: \u201dF\u00f6r din positiva inst\u00e4llning [&hellip;]<\/p>\n","protected":false},"author":2,"featured_media":8978,"comment_status":"closed","ping_status":"closed","sticky":false,"template":"","format":"standard","meta":{"footnotes":""},"categories":[5],"tags":[],"class_list":["post-8977","post","type-post","status-publish","format-standard","has-post-thumbnail","hentry","category-manadens-roggeelev"],"blocksy_meta":[],"rttpg_featured_image_url":{"full":["https:\/\/www.europaskolan.se\/rogge\/wp-content\/uploads\/sites\/3\/2019\/02\/Eric_Malmqvist.jpg",650,450,false],"landscape":["https:\/\/www.europaskolan.se\/rogge\/wp-content\/uploads\/sites\/3\/2019\/02\/Eric_Malmqvist.jpg",650,450,false],"portraits":["https:\/\/www.europaskolan.se\/rogge\/wp-content\/uploads\/sites\/3\/2019\/02\/Eric_Malmqvist.jpg",650,450,false],"thumbnail":["https:\/\/www.europaskolan.se\/rogge\/wp-content\/uploads\/sites\/3\/2019\/02\/Eric_Malmqvist-200x138.jpg",200,138,true],"medium":["https:\/\/www.europaskolan.se\/rogge\/wp-content\/uploads\/sites\/3\/2019\/02\/Eric_Malmqvist-433x300.jpg",433,300,true],"large":["https:\/\/www.europaskolan.se\/rogge\/wp-content\/uploads\/sites\/3\/2019\/02\/Eric_Malmqvist.jpg",650,450,false],"1536x1536":["https:\/\/www.europaskolan.se\/rogge\/wp-content\/uploads\/sites\/3\/2019\/02\/Eric_Malmqvist.jpg",650,450,false],"2048x2048":["https:\/\/www.europaskolan.se\/rogge\/wp-content\/uploads\/sites\/3\/2019\/02\/Eric_Malmqvist.jpg",650,450,false],"sow-carousel-default":["https:\/\/www.europaskolan.se\/rogge\/wp-content\/uploads\/sites\/3\/2019\/02\/Eric_Malmqvist.jpg",263,182,false]},"rttpg_author":{"display_name":"camilla","author_link":"https:\/\/www.europaskolan.se\/rogge\/author\/camilla\/"},"rttpg_comment":0,"rttpg_category":"<a href=\"https:\/\/www.europaskolan.se\/rogge\/category\/manadens-roggeelev\/\" rel=\"category tag\">M\u00e5nadens Roggeelev<\/a>","rttpg_excerpt":"I oktober uts\u00e5g vi h\u00f6stterminens f\u00f6rsta Roggeelev p\u00e5 Europaskolan Rogge. M\u00e5nadens utm\u00e4rkelse gick till en elev i \u00e5rskurs 9, som verkligen lever upp till skolans v\u00e4rderingar genom b\u00e5de studier och s\u00e4tt att vara. M\u00e5nadens Roggeelev i oktober 2018 \u00e4r Eric Malmqvist, som g\u00e5r i klass 9B. S\u00e5 h\u00e4r lyder v\u00e5r motivering: \u201dF\u00f6r din positiva inst\u00e4llning&hellip;","_links":{"self":[{"href":"https:\/\/www.europaskolan.se\/rogge\/wp-json\/wp\/v2\/posts\/8977","targetHints":{"allow":["GET"]}}],"collection":[{"href":"https:\/\/www.europaskolan.se\/rogge\/wp-json\/wp\/v2\/posts"}],"about":[{"href":"https:\/\/www.europaskolan.se\/rogge\/wp-json\/wp\/v2\/types\/post"}],"author":[{"embeddable":true,"href":"https:\/\/www.europaskolan.se\/rogge\/wp-json\/wp\/v2\/users\/2"}],"replies":[{"embeddable":true,"href":"https:\/\/www.europaskolan.se\/rogge\/wp-json\/wp\/v2\/comments?post=8977"}],"version-history":[{"count":0,"href":"https:\/\/www.europaskolan.se\/rogge\/wp-json\/wp\/v2\/posts\/8977\/revisions"}],"wp:featuredmedia":[{"embeddable":true,"href":"https:\/\/www.europaskolan.se\/rogge\/wp-json\/wp\/v2\/media\/8978"}],"wp:attachment":[{"href":"https:\/\/www.europaskolan.se\/rogge\/wp-json\/wp\/v2\/media?parent=8977"}],"wp:term":[{"taxonomy":"category","embeddable":true,"href":"https:\/\/www.europaskolan.se\/rogge\/wp-json\/wp\/v2\/categories?post=8977"},{"taxonomy":"post_tag","embeddable":true,"href":"https:\/\/www.europaskolan.se\/rogge\/wp-json\/wp\/v2\/tags?post=8977"}],"curies":[{"name":"wp","href":"https:\/\/api.w.org\/{rel}","templated":true}]}}