{"id":8956,"date":"2019-02-01T13:51:21","date_gmt":"2019-02-01T12:51:21","guid":{"rendered":"https:\/\/www.europaskolan.se\/rogge\/?p=8956"},"modified":"2019-02-01T13:51:21","modified_gmt":"2019-02-01T12:51:21","slug":"manadens-roggeelev-januari-2019-vendela-svard","status":"publish","type":"post","link":"https:\/\/www.europaskolan.se\/rogge\/manadens-roggeelev-januari-2019-vendela-svard\/","title":{"rendered":"M\u00e5nadens Roggeelev, januari 2019 \u2013 Vendela Sv\u00e4rd"},"content":{"rendered":"<p><img fetchpriority=\"high\" decoding=\"async\" class=\"alignnone size-full wp-image-8958\" src=\"https:\/\/www.europaskolan.se\/rogge\/wp-content\/uploads\/sites\/3\/2019\/02\/ESRmanadenselev2.jpg\" alt=\"\" width=\"1400\" height=\"1020\" srcset=\"https:\/\/www.europaskolan.se\/rogge\/wp-content\/uploads\/sites\/3\/2019\/02\/ESRmanadenselev2.jpg 1400w, https:\/\/www.europaskolan.se\/rogge\/wp-content\/uploads\/sites\/3\/2019\/02\/ESRmanadenselev2-200x146.jpg 200w, https:\/\/www.europaskolan.se\/rogge\/wp-content\/uploads\/sites\/3\/2019\/02\/ESRmanadenselev2-412x300.jpg 412w, https:\/\/www.europaskolan.se\/rogge\/wp-content\/uploads\/sites\/3\/2019\/02\/ESRmanadenselev2-768x560.jpg 768w, https:\/\/www.europaskolan.se\/rogge\/wp-content\/uploads\/sites\/3\/2019\/02\/ESRmanadenselev2-1024x746.jpg 1024w\" sizes=\"(max-width: 1400px) 100vw, 1400px\" \/><\/p>\n<p><em>Nu har vi utsett 2019 \u00e5rs f\u00f6rsta M\u00e5nadens Roggeelev p\u00e5 Europaskolan Rogge. Utm\u00e4rkelsen f\u00f6r januari g\u00e5r till en elev i \u00e5rskurs 8, som lever upp till skolans v\u00e4rderingar b\u00e5de genom sina studier och sitt s\u00e4tt att vara. <\/em><\/p>\n<p><strong>M\u00e5nadens Roggeelev i januari 2018 \u00e4r Vendela Sv\u00e4rd,<\/strong> som g\u00e5r i klass 8b. S\u00e5 h\u00e4r lyder v\u00e5r motivering:<\/p>\n<p><em>\u201dDu \u00e4r en engagerad och studiemotiverad elev, som tar sig an uppdrag och fullf\u00f6ljer dem helhj\u00e4rtat. Du bem\u00f6ter elever och l\u00e4rare omt\u00e4nksamt och \u00f6dmjukt. Nyligen visade du prov p\u00e5 ett mod som inte m\u00e5nga har genom att g\u00e5 emellan i en konflikt och s\u00e4tta stopp f\u00f6r den. Du \u00e4r en god f\u00f6rebild, Vendela.<\/em><em>\u201d<\/em><\/p>\n<p><strong>Grunden till M\u00e5nadens Roggeelev \u00e4r enk\u00e4ten om trygghet och studiero<\/strong> som g\u00f6rs varje \u00e5r p\u00e5 Europaskolan Rogge. I enk\u00e4tsvaren har trygghetsgruppen analyserat fram \u00f6nskningar fr\u00e5n eleverna hur de vill att de ska vara mot varandra. Det h\u00e4r \u00e4r de definitioner vi utg\u00e5r ifr\u00e5n n\u00e4r vi ska utse M\u00e5nadens Roggeelev:<\/p>\n<p><strong>En sann Roggeelev<\/strong><\/p>\n<ul>\n<li>har ett v\u00e5rdat spr\u00e5k och talar juste till elever och personal<\/li>\n<li>\u00e4r en f\u00f6rebild f\u00f6r andra elever<\/li>\n<li>\u00e4r en bra kompis och uppmuntrar och ser andra elever<\/li>\n<li>har en positiv inst\u00e4llning och sprider den till andra<\/li>\n<li>s\u00e4ger hej till andra elever och personal p\u00e5 skolan<\/li>\n<li>sk\u00f6ter sina studier efter b\u00e4sta f\u00f6rm\u00e5ga och har med r\u00e4tt material till lektionerna.<\/li>\n<\/ul>\n<p><strong>Stort grattis till dig, Vendela <\/strong>\u2013 och tack f\u00f6r att du \u00e4r en s\u00e5dan bra f\u00f6rebild!<\/p>\n","protected":false},"excerpt":{"rendered":"<p>Nu har vi utsett 2019 \u00e5rs f\u00f6rsta M\u00e5nadens Roggeelev p\u00e5 Europaskolan Rogge. Utm\u00e4rkelsen f\u00f6r januari g\u00e5r till en elev i \u00e5rskurs 8, som lever upp till skolans v\u00e4rderingar b\u00e5de genom sina studier och sitt s\u00e4tt att vara. M\u00e5nadens Roggeelev i januari 2018 \u00e4r Vendela Sv\u00e4rd, som g\u00e5r i klass 8b. S\u00e5 h\u00e4r lyder v\u00e5r motivering: [&hellip;]<\/p>\n","protected":false},"author":2,"featured_media":8957,"comment_status":"closed","ping_status":"closed","sticky":false,"template":"","format":"standard","meta":{"footnotes":""},"categories":[5],"tags":[],"class_list":["post-8956","post","type-post","status-publish","format-standard","has-post-thumbnail","hentry","category-manadens-roggeelev"],"blocksy_meta":[],"rttpg_featured_image_url":{"full":["https:\/\/www.europaskolan.se\/rogge\/wp-content\/uploads\/sites\/3\/2019\/02\/ESRmanadenselev1.jpg",1432,1372,false],"landscape":["https:\/\/www.europaskolan.se\/rogge\/wp-content\/uploads\/sites\/3\/2019\/02\/ESRmanadenselev1.jpg",1432,1372,false],"portraits":["https:\/\/www.europaskolan.se\/rogge\/wp-content\/uploads\/sites\/3\/2019\/02\/ESRmanadenselev1.jpg",1432,1372,false],"thumbnail":["https:\/\/www.europaskolan.se\/rogge\/wp-content\/uploads\/sites\/3\/2019\/02\/ESRmanadenselev1-157x150.jpg",157,150,true],"medium":["https:\/\/www.europaskolan.se\/rogge\/wp-content\/uploads\/sites\/3\/2019\/02\/ESRmanadenselev1-313x300.jpg",313,300,true],"large":["https:\/\/www.europaskolan.se\/rogge\/wp-content\/uploads\/sites\/3\/2019\/02\/ESRmanadenselev1-1024x981.jpg",1024,981,true],"1536x1536":["https:\/\/www.europaskolan.se\/rogge\/wp-content\/uploads\/sites\/3\/2019\/02\/ESRmanadenselev1.jpg",1432,1372,false],"2048x2048":["https:\/\/www.europaskolan.se\/rogge\/wp-content\/uploads\/sites\/3\/2019\/02\/ESRmanadenselev1.jpg",1432,1372,false],"sow-carousel-default":["https:\/\/www.europaskolan.se\/rogge\/wp-content\/uploads\/sites\/3\/2019\/02\/ESRmanadenselev1.jpg",190,182,false]},"rttpg_author":{"display_name":"camilla","author_link":"https:\/\/www.europaskolan.se\/rogge\/author\/camilla\/"},"rttpg_comment":0,"rttpg_category":"<a href=\"https:\/\/www.europaskolan.se\/rogge\/category\/manadens-roggeelev\/\" rel=\"category tag\">M\u00e5nadens Roggeelev<\/a>","rttpg_excerpt":"Nu har vi utsett 2019 \u00e5rs f\u00f6rsta M\u00e5nadens Roggeelev p\u00e5 Europaskolan Rogge. Utm\u00e4rkelsen f\u00f6r januari g\u00e5r till en elev i \u00e5rskurs 8, som lever upp till skolans v\u00e4rderingar b\u00e5de genom sina studier och sitt s\u00e4tt att vara. M\u00e5nadens Roggeelev i januari 2018 \u00e4r Vendela Sv\u00e4rd, som g\u00e5r i klass 8b. S\u00e5 h\u00e4r lyder v\u00e5r motivering:&hellip;","_links":{"self":[{"href":"https:\/\/www.europaskolan.se\/rogge\/wp-json\/wp\/v2\/posts\/8956","targetHints":{"allow":["GET"]}}],"collection":[{"href":"https:\/\/www.europaskolan.se\/rogge\/wp-json\/wp\/v2\/posts"}],"about":[{"href":"https:\/\/www.europaskolan.se\/rogge\/wp-json\/wp\/v2\/types\/post"}],"author":[{"embeddable":true,"href":"https:\/\/www.europaskolan.se\/rogge\/wp-json\/wp\/v2\/users\/2"}],"replies":[{"embeddable":true,"href":"https:\/\/www.europaskolan.se\/rogge\/wp-json\/wp\/v2\/comments?post=8956"}],"version-history":[{"count":0,"href":"https:\/\/www.europaskolan.se\/rogge\/wp-json\/wp\/v2\/posts\/8956\/revisions"}],"wp:featuredmedia":[{"embeddable":true,"href":"https:\/\/www.europaskolan.se\/rogge\/wp-json\/wp\/v2\/media\/8957"}],"wp:attachment":[{"href":"https:\/\/www.europaskolan.se\/rogge\/wp-json\/wp\/v2\/media?parent=8956"}],"wp:term":[{"taxonomy":"category","embeddable":true,"href":"https:\/\/www.europaskolan.se\/rogge\/wp-json\/wp\/v2\/categories?post=8956"},{"taxonomy":"post_tag","embeddable":true,"href":"https:\/\/www.europaskolan.se\/rogge\/wp-json\/wp\/v2\/tags?post=8956"}],"curies":[{"name":"wp","href":"https:\/\/api.w.org\/{rel}","templated":true}]}}