{"id":8771,"date":"2018-05-04T15:13:33","date_gmt":"2018-05-04T13:13:33","guid":{"rendered":"http:\/\/rogge.europaskolan.org\/?p=8771"},"modified":"2018-05-04T15:13:33","modified_gmt":"2018-05-04T13:13:33","slug":"manadens-roggeelev-april-2018-leo-ekengren","status":"publish","type":"post","link":"https:\/\/www.europaskolan.se\/rogge\/manadens-roggeelev-april-2018-leo-ekengren\/","title":{"rendered":"M\u00e5nadens Roggeelev, april 2018 \u2013 Leo Ekengren"},"content":{"rendered":"<figure id=\"attachment_8773\" aria-describedby=\"caption-attachment-8773\" style=\"width: 740px\" class=\"wp-caption alignnone\"><img fetchpriority=\"high\" decoding=\"async\" class=\"wp-image-8773 size-full\" src=\"https:\/\/www.europaskolan.se\/rogge\/wp-content\/uploads\/sites\/3\/2018\/05\/roggeelev2-1.jpg\" alt=\"\" width=\"740\" height=\"462\" srcset=\"https:\/\/www.europaskolan.se\/rogge\/wp-content\/uploads\/sites\/3\/2018\/05\/roggeelev2-1.jpg 740w, https:\/\/www.europaskolan.se\/rogge\/wp-content\/uploads\/sites\/3\/2018\/05\/roggeelev2-1-300x187.jpg 300w\" sizes=\"(max-width: 740px) 100vw, 740px\" \/><figcaption id=\"caption-attachment-8773\" class=\"wp-caption-text\">Rektor Marcus Lindvall (till v\u00e4nster) och mentor Claes Svensson delar ut priset till M\u00e5nadens Roggeelev Leo Ekengren.<\/figcaption><\/figure>\n<p><em>April m\u00e5nads Roggeelev \u00e4r nu utsedd p\u00e5 Europaskolan Rogge. Den h\u00e4r g\u00e5ngen gick utm\u00e4rkelsen till en elev i \u00e5rskurs 7, som verkligen lever upp till skolans v\u00e4rderingar genom b\u00e5de studier och s\u00e4tt att vara. <\/em><\/p>\n<p><strong>M\u00e5nadens Roggeelev i april 2018 \u00e4r Leo Ekengren,<\/strong> som g\u00e5r i klass 7A. S\u00e5 h\u00e4r lyder v\u00e5r motivering:<\/p>\n<p><em>&#8221;Leo \u00e4r en elev som i m\u00f6te med b\u00e5de vuxna och j\u00e4mn\u00e5riga visar ett \u00f6ppet och otvunget sinnelag. Han klarar sina studier med bravur, sk\u00f6ter sig exemplariskt, st\u00e4ller upp f\u00f6r sina kamrater och sprider en positiv st\u00e4mning med sin mogna och stabila personlighet!&#8221;<\/em><\/p>\n<p><strong>Grunden till M\u00e5nadens Roggeelev \u00e4r enk\u00e4ten om trygghet och studiero<\/strong> som g\u00f6rs varje \u00e5r p\u00e5 Europaskolan Rogge. I enk\u00e4tsvaren har trygghetsgruppen analyserat fram \u00f6nskningar fr\u00e5n eleverna hur de vill att de ska vara mot varandra. Det h\u00e4r \u00e4r de definitioner vi utg\u00e5r ifr\u00e5n n\u00e4r vi ska utse M\u00e5nadens Roggeelev:<\/p>\n<p><strong>En sann Roggeelev<\/strong><\/p>\n<ul>\n<li>har ett v\u00e5rdat spr\u00e5k och talar juste till elever och personal<\/li>\n<li>\u00e4r en f\u00f6rebild f\u00f6r andra elever<\/li>\n<li>\u00e4r en bra kompis och uppmuntrar och ser andra elever<\/li>\n<li>har en positiv inst\u00e4llning och sprider den till andra<\/li>\n<li>s\u00e4ger hej till andra elever och personal p\u00e5 skolan<\/li>\n<li>sk\u00f6ter sina studier efter b\u00e4sta f\u00f6rm\u00e5ga och har med r\u00e4tt material till lektionerna.<\/li>\n<\/ul>\n<p><strong>Stort grattis till dig, Leo<\/strong> \u2013 och tack f\u00f6r all positiv st\u00e4mning du sprider!<\/p>\n","protected":false},"excerpt":{"rendered":"<p>April m\u00e5nads Roggeelev \u00e4r nu utsedd p\u00e5 Europaskolan Rogge. Den h\u00e4r g\u00e5ngen gick utm\u00e4rkelsen till en elev i \u00e5rskurs 7, som verkligen lever upp till skolans v\u00e4rderingar genom b\u00e5de studier och s\u00e4tt att vara. M\u00e5nadens Roggeelev i april 2018 \u00e4r Leo Ekengren, som g\u00e5r i klass 7A. S\u00e5 h\u00e4r lyder v\u00e5r motivering: &#8221;Leo \u00e4r en [&hellip;]<\/p>\n","protected":false},"author":2,"featured_media":8773,"comment_status":"closed","ping_status":"closed","sticky":false,"template":"","format":"standard","meta":{"footnotes":""},"categories":[5],"tags":[],"class_list":["post-8771","post","type-post","status-publish","format-standard","has-post-thumbnail","hentry","category-manadens-roggeelev"],"blocksy_meta":[],"rttpg_featured_image_url":{"full":["https:\/\/www.europaskolan.se\/rogge\/wp-content\/uploads\/sites\/3\/2018\/05\/roggeelev2-1.jpg",740,462,false],"landscape":["https:\/\/www.europaskolan.se\/rogge\/wp-content\/uploads\/sites\/3\/2018\/05\/roggeelev2-1.jpg",740,462,false],"portraits":["https:\/\/www.europaskolan.se\/rogge\/wp-content\/uploads\/sites\/3\/2018\/05\/roggeelev2-1.jpg",740,462,false],"thumbnail":["https:\/\/www.europaskolan.se\/rogge\/wp-content\/uploads\/sites\/3\/2018\/05\/roggeelev2-1-150x150.jpg",150,150,true],"medium":["https:\/\/www.europaskolan.se\/rogge\/wp-content\/uploads\/sites\/3\/2018\/05\/roggeelev2-1-300x187.jpg",300,187,true],"large":["https:\/\/www.europaskolan.se\/rogge\/wp-content\/uploads\/sites\/3\/2018\/05\/roggeelev2-1.jpg",740,462,false],"1536x1536":["https:\/\/www.europaskolan.se\/rogge\/wp-content\/uploads\/sites\/3\/2018\/05\/roggeelev2-1.jpg",740,462,false],"2048x2048":["https:\/\/www.europaskolan.se\/rogge\/wp-content\/uploads\/sites\/3\/2018\/05\/roggeelev2-1.jpg",740,462,false],"sow-carousel-default":["https:\/\/www.europaskolan.se\/rogge\/wp-content\/uploads\/sites\/3\/2018\/05\/roggeelev2-1.jpg",272,170,false]},"rttpg_author":{"display_name":"camilla","author_link":"https:\/\/www.europaskolan.se\/rogge\/author\/camilla\/"},"rttpg_comment":0,"rttpg_category":"<a href=\"https:\/\/www.europaskolan.se\/rogge\/category\/manadens-roggeelev\/\" rel=\"category tag\">M\u00e5nadens Roggeelev<\/a>","rttpg_excerpt":"April m\u00e5nads Roggeelev \u00e4r nu utsedd p\u00e5 Europaskolan Rogge. Den h\u00e4r g\u00e5ngen gick utm\u00e4rkelsen till en elev i \u00e5rskurs 7, som verkligen lever upp till skolans v\u00e4rderingar genom b\u00e5de studier och s\u00e4tt att vara. M\u00e5nadens Roggeelev i april 2018 \u00e4r Leo Ekengren, som g\u00e5r i klass 7A. S\u00e5 h\u00e4r lyder v\u00e5r motivering: &#8221;Leo \u00e4r en&hellip;","_links":{"self":[{"href":"https:\/\/www.europaskolan.se\/rogge\/wp-json\/wp\/v2\/posts\/8771","targetHints":{"allow":["GET"]}}],"collection":[{"href":"https:\/\/www.europaskolan.se\/rogge\/wp-json\/wp\/v2\/posts"}],"about":[{"href":"https:\/\/www.europaskolan.se\/rogge\/wp-json\/wp\/v2\/types\/post"}],"author":[{"embeddable":true,"href":"https:\/\/www.europaskolan.se\/rogge\/wp-json\/wp\/v2\/users\/2"}],"replies":[{"embeddable":true,"href":"https:\/\/www.europaskolan.se\/rogge\/wp-json\/wp\/v2\/comments?post=8771"}],"version-history":[{"count":0,"href":"https:\/\/www.europaskolan.se\/rogge\/wp-json\/wp\/v2\/posts\/8771\/revisions"}],"wp:featuredmedia":[{"embeddable":true,"href":"https:\/\/www.europaskolan.se\/rogge\/wp-json\/wp\/v2\/media\/8773"}],"wp:attachment":[{"href":"https:\/\/www.europaskolan.se\/rogge\/wp-json\/wp\/v2\/media?parent=8771"}],"wp:term":[{"taxonomy":"category","embeddable":true,"href":"https:\/\/www.europaskolan.se\/rogge\/wp-json\/wp\/v2\/categories?post=8771"},{"taxonomy":"post_tag","embeddable":true,"href":"https:\/\/www.europaskolan.se\/rogge\/wp-json\/wp\/v2\/tags?post=8771"}],"curies":[{"name":"wp","href":"https:\/\/api.w.org\/{rel}","templated":true}]}}