{"id":11517,"date":"2024-11-11T13:26:47","date_gmt":"2024-11-11T12:26:47","guid":{"rendered":"https:\/\/www.europaskolan.se\/rogge\/?p=11517"},"modified":"2025-01-31T13:29:24","modified_gmt":"2025-01-31T12:29:24","slug":"manadens-roggeelev-oktober-2024-ando-daban","status":"publish","type":"post","link":"https:\/\/www.europaskolan.se\/rogge\/manadens-roggeelev-oktober-2024-ando-daban\/","title":{"rendered":"M\u00e5nadens Roggeelev, oktober 2024 \u2013 Ando Daban"},"content":{"rendered":"<p><img fetchpriority=\"high\" decoding=\"async\" class=\"alignnone size-large wp-image-11521\" src=\"https:\/\/www.europaskolan.se\/rogge\/wp-content\/uploads\/sites\/3\/2024\/11\/ESR_Ando-Daban-2024-1-859x1024.jpg\" alt=\"\" width=\"859\" height=\"1024\" srcset=\"https:\/\/www.europaskolan.se\/rogge\/wp-content\/uploads\/sites\/3\/2024\/11\/ESR_Ando-Daban-2024-1-859x1024.jpg 859w, https:\/\/www.europaskolan.se\/rogge\/wp-content\/uploads\/sites\/3\/2024\/11\/ESR_Ando-Daban-2024-1-252x300.jpg 252w, https:\/\/www.europaskolan.se\/rogge\/wp-content\/uploads\/sites\/3\/2024\/11\/ESR_Ando-Daban-2024-1-126x150.jpg 126w, https:\/\/www.europaskolan.se\/rogge\/wp-content\/uploads\/sites\/3\/2024\/11\/ESR_Ando-Daban-2024-1-768x916.jpg 768w, https:\/\/www.europaskolan.se\/rogge\/wp-content\/uploads\/sites\/3\/2024\/11\/ESR_Ando-Daban-2024-1-1288x1536.jpg 1288w, https:\/\/www.europaskolan.se\/rogge\/wp-content\/uploads\/sites\/3\/2024\/11\/ESR_Ando-Daban-2024-1.jpg 1374w\" sizes=\"(max-width: 859px) 100vw, 859px\" \/><\/p>\n<p><em>Nu har vi utsett M\u00e5nadens Roggeelev f\u00f6r oktober m\u00e5nad. Den h\u00e4r g\u00e5ngen g\u00e5r utm\u00e4rkelsen till Ando Daban som g\u00e5r i klass 9B. Ett stort grattis till dig Ando!<\/em><\/p>\n<p><strong>Motiveringen lyder:<\/strong><\/p>\n<p>\u201cAndo har under terminen gjort en fantastisk utveckling. Med sin punktlighet och engagemang \u00e4r han en f\u00f6rebild f\u00f6r hela skolan. Ando visar \u00e4ven stor respekt f\u00f6r b\u00e5de elever och l\u00e4rare. Med sitt v\u00e5rdade spr\u00e5k och positiva attityd skapar han en trygg och inspirerande milj\u00f6 d\u00e4r alla kan trivas och v\u00e4xa. Ando imponerade d\u00e5 han antog ett erbjudande att genomf\u00f6ra sin PRAO hos F\u00f6rsvarsmakten i Karlskrona. D\u00e4r bodde han p\u00e5 logement tillsammans med ok\u00e4nda personer. Du visar p\u00e5 mod, stort ansvar och en vilja att ta dig an nya utmaningar. Ando sprider gl\u00e4dje och motivation omkring sig och \u00e4r ett str\u00e5lande exempel p\u00e5 vad vi hoppas se hos v\u00e5ra elever. Du visar sann Roggeanda och f\u00f6r allt detta \u00e4r det v\u00e5r gl\u00e4dje att f\u00e5 utse dig till m\u00e5nadens Roggeelev.\u201d<\/p>\n<p><strong>Grunden till M\u00e5nadens Roggeelev \u00e4r enk\u00e4ten om trygghet och studiero<\/strong>\u00a0som g\u00f6rs varje \u00e5r p\u00e5 Europaskolan Rogge. I enk\u00e4tsvaren har trygghetsgruppen analyserat fram \u00f6nskningar fr\u00e5n eleverna hur de vill att de ska vara mot varandra. Det h\u00e4r \u00e4r de definitioner vi utg\u00e5r ifr\u00e5n n\u00e4r vi ska utse M\u00e5nadens Roggeelev:<\/p>\n<p><strong>En sann Roggeelev<\/strong><\/p>\n<ul>\n<li>har ett v\u00e5rdat spr\u00e5k och talar juste till elever och personal<\/li>\n<li>\u00e4r en f\u00f6rebild f\u00f6r andra elever<\/li>\n<li>\u00e4r en bra kompis och uppmuntrar och ser andra elever<\/li>\n<li>har en positiv inst\u00e4llning och sprider den till andra<\/li>\n<li>s\u00e4ger hej till andra elever och personal p\u00e5 skolan<\/li>\n<li>sk\u00f6ter sina studier efter b\u00e4sta f\u00f6rm\u00e5ga och har med r\u00e4tt material till lektionerna.<\/li>\n<\/ul>\n<p><em>Varmt grattis, Ando \u2013 du visar sann Roggeanda och \u00e4r en s\u00e5dan fin f\u00f6rebild!<\/em><\/p>\n","protected":false},"excerpt":{"rendered":"<p>Nu har vi utsett M\u00e5nadens Roggeelev f\u00f6r oktober m\u00e5nad. Den h\u00e4r g\u00e5ngen g\u00e5r utm\u00e4rkelsen till Ando Daban som g\u00e5r i klass 9B. Ett stort grattis till dig Ando! Motiveringen lyder: \u201cAndo har under terminen gjort en fantastisk utveckling. Med sin punktlighet och engagemang \u00e4r han en f\u00f6rebild f\u00f6r hela skolan. Ando visar \u00e4ven stor respekt [&hellip;]<\/p>\n","protected":false},"author":2,"featured_media":11518,"comment_status":"closed","ping_status":"closed","sticky":false,"template":"","format":"standard","meta":{"footnotes":""},"categories":[5],"tags":[],"class_list":["post-11517","post","type-post","status-publish","format-standard","has-post-thumbnail","hentry","category-manadens-roggeelev"],"blocksy_meta":[],"rttpg_featured_image_url":{"full":["https:\/\/www.europaskolan.se\/rogge\/wp-content\/uploads\/sites\/3\/2024\/12\/ESR_Ando-Daban-2024-U.jpg",500,380,false],"landscape":["https:\/\/www.europaskolan.se\/rogge\/wp-content\/uploads\/sites\/3\/2024\/12\/ESR_Ando-Daban-2024-U.jpg",500,380,false],"portraits":["https:\/\/www.europaskolan.se\/rogge\/wp-content\/uploads\/sites\/3\/2024\/12\/ESR_Ando-Daban-2024-U.jpg",500,380,false],"thumbnail":["https:\/\/www.europaskolan.se\/rogge\/wp-content\/uploads\/sites\/3\/2024\/12\/ESR_Ando-Daban-2024-U-197x150.jpg",197,150,true],"medium":["https:\/\/www.europaskolan.se\/rogge\/wp-content\/uploads\/sites\/3\/2024\/12\/ESR_Ando-Daban-2024-U-395x300.jpg",395,300,true],"large":["https:\/\/www.europaskolan.se\/rogge\/wp-content\/uploads\/sites\/3\/2024\/12\/ESR_Ando-Daban-2024-U.jpg",500,380,false],"1536x1536":["https:\/\/www.europaskolan.se\/rogge\/wp-content\/uploads\/sites\/3\/2024\/12\/ESR_Ando-Daban-2024-U.jpg",500,380,false],"2048x2048":["https:\/\/www.europaskolan.se\/rogge\/wp-content\/uploads\/sites\/3\/2024\/12\/ESR_Ando-Daban-2024-U.jpg",500,380,false],"sow-carousel-default":["https:\/\/www.europaskolan.se\/rogge\/wp-content\/uploads\/sites\/3\/2024\/12\/ESR_Ando-Daban-2024-U-272x182.jpg",272,182,true]},"rttpg_author":{"display_name":"camilla","author_link":"https:\/\/www.europaskolan.se\/rogge\/author\/camilla\/"},"rttpg_comment":0,"rttpg_category":"<a href=\"https:\/\/www.europaskolan.se\/rogge\/category\/manadens-roggeelev\/\" rel=\"category tag\">M\u00e5nadens Roggeelev<\/a>","rttpg_excerpt":"Nu har vi utsett M\u00e5nadens Roggeelev f\u00f6r oktober m\u00e5nad. Den h\u00e4r g\u00e5ngen g\u00e5r utm\u00e4rkelsen till Ando Daban som g\u00e5r i klass 9B. Ett stort grattis till dig Ando! Motiveringen lyder: \u201cAndo har under terminen gjort en fantastisk utveckling. Med sin punktlighet och engagemang \u00e4r han en f\u00f6rebild f\u00f6r hela skolan. Ando visar \u00e4ven stor respekt&hellip;","_links":{"self":[{"href":"https:\/\/www.europaskolan.se\/rogge\/wp-json\/wp\/v2\/posts\/11517","targetHints":{"allow":["GET"]}}],"collection":[{"href":"https:\/\/www.europaskolan.se\/rogge\/wp-json\/wp\/v2\/posts"}],"about":[{"href":"https:\/\/www.europaskolan.se\/rogge\/wp-json\/wp\/v2\/types\/post"}],"author":[{"embeddable":true,"href":"https:\/\/www.europaskolan.se\/rogge\/wp-json\/wp\/v2\/users\/2"}],"replies":[{"embeddable":true,"href":"https:\/\/www.europaskolan.se\/rogge\/wp-json\/wp\/v2\/comments?post=11517"}],"version-history":[{"count":0,"href":"https:\/\/www.europaskolan.se\/rogge\/wp-json\/wp\/v2\/posts\/11517\/revisions"}],"wp:featuredmedia":[{"embeddable":true,"href":"https:\/\/www.europaskolan.se\/rogge\/wp-json\/wp\/v2\/media\/11518"}],"wp:attachment":[{"href":"https:\/\/www.europaskolan.se\/rogge\/wp-json\/wp\/v2\/media?parent=11517"}],"wp:term":[{"taxonomy":"category","embeddable":true,"href":"https:\/\/www.europaskolan.se\/rogge\/wp-json\/wp\/v2\/categories?post=11517"},{"taxonomy":"post_tag","embeddable":true,"href":"https:\/\/www.europaskolan.se\/rogge\/wp-json\/wp\/v2\/tags?post=11517"}],"curies":[{"name":"wp","href":"https:\/\/api.w.org\/{rel}","templated":true}]}}