{"id":11515,"date":"2024-12-11T11:00:30","date_gmt":"2024-12-11T10:00:30","guid":{"rendered":"https:\/\/www.europaskolan.se\/rogge\/?p=11515"},"modified":"2025-03-03T12:15:12","modified_gmt":"2025-03-03T11:15:12","slug":"manadens-roggeelev-november-2024-stina-hanasson","status":"publish","type":"post","link":"https:\/\/www.europaskolan.se\/rogge\/manadens-roggeelev-november-2024-stina-hanasson\/","title":{"rendered":"M\u00e5nadens Roggeelev, november 2024 \u2013 Stina Hanasson"},"content":{"rendered":"<p><img fetchpriority=\"high\" decoding=\"async\" class=\"alignnone size-large wp-image-11525\" src=\"https:\/\/www.europaskolan.se\/rogge\/wp-content\/uploads\/sites\/3\/2024\/12\/ESR_RoggeelevNovember-2024-1024x1007.jpg\" alt=\"\" width=\"1024\" height=\"1007\" srcset=\"https:\/\/www.europaskolan.se\/rogge\/wp-content\/uploads\/sites\/3\/2024\/12\/ESR_RoggeelevNovember-2024-1024x1007.jpg 1024w, https:\/\/www.europaskolan.se\/rogge\/wp-content\/uploads\/sites\/3\/2024\/12\/ESR_RoggeelevNovember-2024-305x300.jpg 305w, https:\/\/www.europaskolan.se\/rogge\/wp-content\/uploads\/sites\/3\/2024\/12\/ESR_RoggeelevNovember-2024-153x150.jpg 153w, https:\/\/www.europaskolan.se\/rogge\/wp-content\/uploads\/sites\/3\/2024\/12\/ESR_RoggeelevNovember-2024-768x755.jpg 768w, https:\/\/www.europaskolan.se\/rogge\/wp-content\/uploads\/sites\/3\/2024\/12\/ESR_RoggeelevNovember-2024.jpg 1416w\" sizes=\"(max-width: 1024px) 100vw, 1024px\" \/><\/p>\n<p><em>Nu har vi utsett M\u00e5nadens Roggeelev f\u00f6r november m\u00e5nad. Den h\u00e4r g\u00e5ngen g\u00e5r utm\u00e4rkelsen till Stina Hansson som g\u00e5r i klass 6C. Ett stort grattis till dig Stina!<\/em><\/p>\n<p><strong>Motiveringen lyder:<\/strong><\/p>\n<p>&#8221;M\u00e5nadens Roggeelev \u00e4r en elev som alltid \u00e4r engagerad, tar ansvar och har en positiv inst\u00e4llning till skolans alla utmaningar. Med glimten i \u00f6gat och genom din positiva inst\u00e4llning g\u00f6r du varje dag lite b\u00e4ttre f\u00f6r b\u00e5de dina skolkamrater och l\u00e4rare. Din f\u00f6rm\u00e5ga att tackla olika utmaningar och pusha din omgivning \u00e4r n\u00e5got vi alla kan l\u00e4ra oss av.&#8221;<\/p>\n<p><strong>Grunden till M\u00e5nadens Roggeelev \u00e4r enk\u00e4ten om trygghet och studiero<\/strong>\u00a0som g\u00f6rs varje \u00e5r p\u00e5 Europaskolan Rogge. I enk\u00e4tsvaren har trygghetsgruppen analyserat fram \u00f6nskningar fr\u00e5n eleverna hur de vill att de ska vara mot varandra. Det h\u00e4r \u00e4r de definitioner vi utg\u00e5r ifr\u00e5n n\u00e4r vi ska utse M\u00e5nadens Roggeelev:<\/p>\n<p><strong>En sann Roggeelev<\/strong><\/p>\n<ul>\n<li>har ett v\u00e5rdat spr\u00e5k och talar juste till elever och personal<\/li>\n<li>\u00e4r en f\u00f6rebild f\u00f6r andra elever<\/li>\n<li>\u00e4r en bra kompis och uppmuntrar och ser andra elever<\/li>\n<li>har en positiv inst\u00e4llning och sprider den till andra<\/li>\n<li>s\u00e4ger hej till andra elever och personal p\u00e5 skolan<\/li>\n<li>sk\u00f6ter sina studier efter b\u00e4sta f\u00f6rm\u00e5ga och har med r\u00e4tt material till lektionerna.<\/li>\n<\/ul>\n<p><em>Varmt grattis, Stina \u2013 du visar sann Roggeanda och \u00e4r en s\u00e5dan fin f\u00f6rebild!<\/em><\/p>\n","protected":false},"excerpt":{"rendered":"<p>Nu har vi utsett M\u00e5nadens Roggeelev f\u00f6r november m\u00e5nad. Den h\u00e4r g\u00e5ngen g\u00e5r utm\u00e4rkelsen till Stina Hansson som g\u00e5r i klass 6C. Ett stort grattis till dig Stina! Motiveringen lyder: &#8221;M\u00e5nadens Roggeelev \u00e4r en elev som alltid \u00e4r engagerad, tar ansvar och har en positiv inst\u00e4llning till skolans alla utmaningar. Med glimten i \u00f6gat och [&hellip;]<\/p>\n","protected":false},"author":2,"featured_media":11524,"comment_status":"closed","ping_status":"closed","sticky":false,"template":"","format":"standard","meta":{"footnotes":""},"categories":[5],"tags":[],"class_list":["post-11515","post","type-post","status-publish","format-standard","has-post-thumbnail","hentry","category-manadens-roggeelev"],"blocksy_meta":[],"rttpg_featured_image_url":{"full":["https:\/\/www.europaskolan.se\/rogge\/wp-content\/uploads\/sites\/3\/2024\/12\/ESR_RoggeelevNovember-2024-U.jpg",500,380,false],"landscape":["https:\/\/www.europaskolan.se\/rogge\/wp-content\/uploads\/sites\/3\/2024\/12\/ESR_RoggeelevNovember-2024-U.jpg",500,380,false],"portraits":["https:\/\/www.europaskolan.se\/rogge\/wp-content\/uploads\/sites\/3\/2024\/12\/ESR_RoggeelevNovember-2024-U.jpg",500,380,false],"thumbnail":["https:\/\/www.europaskolan.se\/rogge\/wp-content\/uploads\/sites\/3\/2024\/12\/ESR_RoggeelevNovember-2024-U-197x150.jpg",197,150,true],"medium":["https:\/\/www.europaskolan.se\/rogge\/wp-content\/uploads\/sites\/3\/2024\/12\/ESR_RoggeelevNovember-2024-U-395x300.jpg",395,300,true],"large":["https:\/\/www.europaskolan.se\/rogge\/wp-content\/uploads\/sites\/3\/2024\/12\/ESR_RoggeelevNovember-2024-U.jpg",500,380,false],"1536x1536":["https:\/\/www.europaskolan.se\/rogge\/wp-content\/uploads\/sites\/3\/2024\/12\/ESR_RoggeelevNovember-2024-U.jpg",500,380,false],"2048x2048":["https:\/\/www.europaskolan.se\/rogge\/wp-content\/uploads\/sites\/3\/2024\/12\/ESR_RoggeelevNovember-2024-U.jpg",500,380,false],"sow-carousel-default":["https:\/\/www.europaskolan.se\/rogge\/wp-content\/uploads\/sites\/3\/2024\/12\/ESR_RoggeelevNovember-2024-U-272x182.jpg",272,182,true]},"rttpg_author":{"display_name":"camilla","author_link":"https:\/\/www.europaskolan.se\/rogge\/author\/camilla\/"},"rttpg_comment":0,"rttpg_category":"<a href=\"https:\/\/www.europaskolan.se\/rogge\/category\/manadens-roggeelev\/\" rel=\"category tag\">M\u00e5nadens Roggeelev<\/a>","rttpg_excerpt":"Nu har vi utsett M\u00e5nadens Roggeelev f\u00f6r november m\u00e5nad. Den h\u00e4r g\u00e5ngen g\u00e5r utm\u00e4rkelsen till Stina Hansson som g\u00e5r i klass 6C. Ett stort grattis till dig Stina! Motiveringen lyder: &#8221;M\u00e5nadens Roggeelev \u00e4r en elev som alltid \u00e4r engagerad, tar ansvar och har en positiv inst\u00e4llning till skolans alla utmaningar. Med glimten i \u00f6gat och&hellip;","_links":{"self":[{"href":"https:\/\/www.europaskolan.se\/rogge\/wp-json\/wp\/v2\/posts\/11515","targetHints":{"allow":["GET"]}}],"collection":[{"href":"https:\/\/www.europaskolan.se\/rogge\/wp-json\/wp\/v2\/posts"}],"about":[{"href":"https:\/\/www.europaskolan.se\/rogge\/wp-json\/wp\/v2\/types\/post"}],"author":[{"embeddable":true,"href":"https:\/\/www.europaskolan.se\/rogge\/wp-json\/wp\/v2\/users\/2"}],"replies":[{"embeddable":true,"href":"https:\/\/www.europaskolan.se\/rogge\/wp-json\/wp\/v2\/comments?post=11515"}],"version-history":[{"count":0,"href":"https:\/\/www.europaskolan.se\/rogge\/wp-json\/wp\/v2\/posts\/11515\/revisions"}],"wp:featuredmedia":[{"embeddable":true,"href":"https:\/\/www.europaskolan.se\/rogge\/wp-json\/wp\/v2\/media\/11524"}],"wp:attachment":[{"href":"https:\/\/www.europaskolan.se\/rogge\/wp-json\/wp\/v2\/media?parent=11515"}],"wp:term":[{"taxonomy":"category","embeddable":true,"href":"https:\/\/www.europaskolan.se\/rogge\/wp-json\/wp\/v2\/categories?post=11515"},{"taxonomy":"post_tag","embeddable":true,"href":"https:\/\/www.europaskolan.se\/rogge\/wp-json\/wp\/v2\/tags?post=11515"}],"curies":[{"name":"wp","href":"https:\/\/api.w.org\/{rel}","templated":true}]}}