{"id":11462,"date":"2024-10-04T12:24:08","date_gmt":"2024-10-04T10:24:08","guid":{"rendered":"https:\/\/www.europaskolan.se\/rogge\/?p=11462"},"modified":"2025-01-31T10:54:08","modified_gmt":"2025-01-31T09:54:08","slug":"manadens-roggeelev-september-2024-alice-palmer","status":"publish","type":"post","link":"https:\/\/www.europaskolan.se\/rogge\/manadens-roggeelev-september-2024-alice-palmer\/","title":{"rendered":"M\u00e5nadens Roggeelev, september 2024 \u2013 Alice Palm\u00e9r"},"content":{"rendered":"<p><em><img fetchpriority=\"high\" decoding=\"async\" class=\"alignnone size-large wp-image-11464\" src=\"https:\/\/www.europaskolan.se\/rogge\/wp-content\/uploads\/sites\/3\/2024\/11\/ESR-_Alice-September-2024-1024x984.jpg\" alt=\"\" width=\"1024\" height=\"984\" srcset=\"https:\/\/www.europaskolan.se\/rogge\/wp-content\/uploads\/sites\/3\/2024\/11\/ESR-_Alice-September-2024-1024x984.jpg 1024w, https:\/\/www.europaskolan.se\/rogge\/wp-content\/uploads\/sites\/3\/2024\/11\/ESR-_Alice-September-2024-312x300.jpg 312w, https:\/\/www.europaskolan.se\/rogge\/wp-content\/uploads\/sites\/3\/2024\/11\/ESR-_Alice-September-2024-156x150.jpg 156w, https:\/\/www.europaskolan.se\/rogge\/wp-content\/uploads\/sites\/3\/2024\/11\/ESR-_Alice-September-2024-768x738.jpg 768w, https:\/\/www.europaskolan.se\/rogge\/wp-content\/uploads\/sites\/3\/2024\/11\/ESR-_Alice-September-2024.jpg 1440w\" sizes=\"(max-width: 1024px) 100vw, 1024px\" \/><\/em><\/p>\n<p><em>Nu har vi utsett M\u00e5nadens Roggeelev f\u00f6r september m\u00e5nad. Den h\u00e4r g\u00e5ngen g\u00e5r utm\u00e4rkelsen till Alice Palm\u00e9r som g\u00e5r i klass 9A. Ett varmt grattis till dig Alice!<\/em><\/p>\n<p><strong>Motiveringen lyder:<\/strong><\/p>\n<p>&#8221;Du \u00e4r en positiv och omt\u00e4nksam person som bidrar till att skapa trygghet och gl\u00e4dje. Du tar skolan p\u00e5 allvar och \u00e4r m\u00e5n om att g\u00f6ra ditt b\u00e4sta. Genom ditt engagemang och din inst\u00e4llning bidrar du till en god och trygg studiemilj\u00f6. Du \u00e4r ocks\u00e5 en mycket god kamrat som bidrar till att skapa trygghet. Genom din omt\u00e4nksamhet och stora hj\u00e4rta ser och uppm\u00e4rksammar du alla som finns p\u00e5 v\u00e5r skola. Du visar sann Roggeanda och f\u00f6r allt detta \u00e4r det v\u00e5r gl\u00e4dje att f\u00e5 utse dig till m\u00e5nadens Roggeelev&#8221;.<\/p>\n<p><strong>Grunden till M\u00e5nadens Roggeelev \u00e4r enk\u00e4ten om trygghet och studiero<\/strong>\u00a0som g\u00f6rs varje \u00e5r p\u00e5 Europaskolan Rogge. I enk\u00e4tsvaren har trygghetsgruppen analyserat fram \u00f6nskningar fr\u00e5n eleverna hur de vill att de ska vara mot varandra. Det h\u00e4r \u00e4r de definitioner vi utg\u00e5r ifr\u00e5n n\u00e4r vi ska utse M\u00e5nadens Roggeelev:<\/p>\n<p><strong>En sann Roggeelev<\/strong><\/p>\n<ul>\n<li>har ett v\u00e5rdat spr\u00e5k och talar juste till elever och personal<\/li>\n<li>\u00e4r en f\u00f6rebild f\u00f6r andra elever<\/li>\n<li>\u00e4r en bra kompis och uppmuntrar och ser andra elever<\/li>\n<li>har en positiv inst\u00e4llning och sprider den till andra<\/li>\n<li>s\u00e4ger hej till andra elever och personal p\u00e5 skolan<\/li>\n<li>sk\u00f6ter sina studier efter b\u00e4sta f\u00f6rm\u00e5ga och har med r\u00e4tt material till lektionerna.<\/li>\n<\/ul>\n<p><em>Ett stort grattis, Alice \u2013 du visar sann Roggeanda och \u00e4r en s\u00e5dan fin f\u00f6rebild!<\/em><\/p>\n","protected":false},"excerpt":{"rendered":"<p>Nu har vi utsett M\u00e5nadens Roggeelev f\u00f6r september m\u00e5nad. Den h\u00e4r g\u00e5ngen g\u00e5r utm\u00e4rkelsen till Alice Palm\u00e9r som g\u00e5r i klass 9A. Ett varmt grattis till dig Alice! Motiveringen lyder: &#8221;Du \u00e4r en positiv och omt\u00e4nksam person som bidrar till att skapa trygghet och gl\u00e4dje. Du tar skolan p\u00e5 allvar och \u00e4r m\u00e5n om att [&hellip;]<\/p>\n","protected":false},"author":2,"featured_media":11465,"comment_status":"closed","ping_status":"closed","sticky":false,"template":"","format":"standard","meta":{"footnotes":""},"categories":[5],"tags":[],"class_list":["post-11462","post","type-post","status-publish","format-standard","has-post-thumbnail","hentry","category-manadens-roggeelev"],"blocksy_meta":[],"rttpg_featured_image_url":{"full":["https:\/\/www.europaskolan.se\/rogge\/wp-content\/uploads\/sites\/3\/2024\/11\/ESR-_Alice-September-2024-U.jpg",500,380,false],"landscape":["https:\/\/www.europaskolan.se\/rogge\/wp-content\/uploads\/sites\/3\/2024\/11\/ESR-_Alice-September-2024-U.jpg",500,380,false],"portraits":["https:\/\/www.europaskolan.se\/rogge\/wp-content\/uploads\/sites\/3\/2024\/11\/ESR-_Alice-September-2024-U.jpg",500,380,false],"thumbnail":["https:\/\/www.europaskolan.se\/rogge\/wp-content\/uploads\/sites\/3\/2024\/11\/ESR-_Alice-September-2024-U-197x150.jpg",197,150,true],"medium":["https:\/\/www.europaskolan.se\/rogge\/wp-content\/uploads\/sites\/3\/2024\/11\/ESR-_Alice-September-2024-U-395x300.jpg",395,300,true],"large":["https:\/\/www.europaskolan.se\/rogge\/wp-content\/uploads\/sites\/3\/2024\/11\/ESR-_Alice-September-2024-U.jpg",500,380,false],"1536x1536":["https:\/\/www.europaskolan.se\/rogge\/wp-content\/uploads\/sites\/3\/2024\/11\/ESR-_Alice-September-2024-U.jpg",500,380,false],"2048x2048":["https:\/\/www.europaskolan.se\/rogge\/wp-content\/uploads\/sites\/3\/2024\/11\/ESR-_Alice-September-2024-U.jpg",500,380,false],"sow-carousel-default":["https:\/\/www.europaskolan.se\/rogge\/wp-content\/uploads\/sites\/3\/2024\/11\/ESR-_Alice-September-2024-U-272x182.jpg",272,182,true]},"rttpg_author":{"display_name":"camilla","author_link":"https:\/\/www.europaskolan.se\/rogge\/author\/camilla\/"},"rttpg_comment":0,"rttpg_category":"<a href=\"https:\/\/www.europaskolan.se\/rogge\/category\/manadens-roggeelev\/\" rel=\"category tag\">M\u00e5nadens Roggeelev<\/a>","rttpg_excerpt":"Nu har vi utsett M\u00e5nadens Roggeelev f\u00f6r september m\u00e5nad. Den h\u00e4r g\u00e5ngen g\u00e5r utm\u00e4rkelsen till Alice Palm\u00e9r som g\u00e5r i klass 9A. Ett varmt grattis till dig Alice! Motiveringen lyder: &#8221;Du \u00e4r en positiv och omt\u00e4nksam person som bidrar till att skapa trygghet och gl\u00e4dje. Du tar skolan p\u00e5 allvar och \u00e4r m\u00e5n om att&hellip;","_links":{"self":[{"href":"https:\/\/www.europaskolan.se\/rogge\/wp-json\/wp\/v2\/posts\/11462","targetHints":{"allow":["GET"]}}],"collection":[{"href":"https:\/\/www.europaskolan.se\/rogge\/wp-json\/wp\/v2\/posts"}],"about":[{"href":"https:\/\/www.europaskolan.se\/rogge\/wp-json\/wp\/v2\/types\/post"}],"author":[{"embeddable":true,"href":"https:\/\/www.europaskolan.se\/rogge\/wp-json\/wp\/v2\/users\/2"}],"replies":[{"embeddable":true,"href":"https:\/\/www.europaskolan.se\/rogge\/wp-json\/wp\/v2\/comments?post=11462"}],"version-history":[{"count":0,"href":"https:\/\/www.europaskolan.se\/rogge\/wp-json\/wp\/v2\/posts\/11462\/revisions"}],"wp:featuredmedia":[{"embeddable":true,"href":"https:\/\/www.europaskolan.se\/rogge\/wp-json\/wp\/v2\/media\/11465"}],"wp:attachment":[{"href":"https:\/\/www.europaskolan.se\/rogge\/wp-json\/wp\/v2\/media?parent=11462"}],"wp:term":[{"taxonomy":"category","embeddable":true,"href":"https:\/\/www.europaskolan.se\/rogge\/wp-json\/wp\/v2\/categories?post=11462"},{"taxonomy":"post_tag","embeddable":true,"href":"https:\/\/www.europaskolan.se\/rogge\/wp-json\/wp\/v2\/tags?post=11462"}],"curies":[{"name":"wp","href":"https:\/\/api.w.org\/{rel}","templated":true}]}}