{"id":11321,"date":"2024-04-11T11:45:41","date_gmt":"2024-04-11T09:45:41","guid":{"rendered":"https:\/\/www.europaskolan.se\/rogge\/?p=11321"},"modified":"2024-11-28T12:36:57","modified_gmt":"2024-11-28T11:36:57","slug":"manadens-roggeelev-februari-2024-malva-larsson","status":"publish","type":"post","link":"https:\/\/www.europaskolan.se\/rogge\/manadens-roggeelev-februari-2024-malva-larsson\/","title":{"rendered":"M\u00e5nadens Roggeelev, februari 2024 \u2013 Malva Larsson"},"content":{"rendered":"<p><img fetchpriority=\"high\" decoding=\"async\" class=\"alignnone size-full wp-image-11323\" src=\"https:\/\/www.europaskolan.se\/rogge\/wp-content\/uploads\/sites\/3\/2024\/05\/ESR_Manadens_Roggeelev_Februari_Malva.jpg\" alt=\"\" width=\"1032\" height=\"950\" srcset=\"https:\/\/www.europaskolan.se\/rogge\/wp-content\/uploads\/sites\/3\/2024\/05\/ESR_Manadens_Roggeelev_Februari_Malva.jpg 1032w, https:\/\/www.europaskolan.se\/rogge\/wp-content\/uploads\/sites\/3\/2024\/05\/ESR_Manadens_Roggeelev_Februari_Malva-326x300.jpg 326w, https:\/\/www.europaskolan.se\/rogge\/wp-content\/uploads\/sites\/3\/2024\/05\/ESR_Manadens_Roggeelev_Februari_Malva-1024x943.jpg 1024w, https:\/\/www.europaskolan.se\/rogge\/wp-content\/uploads\/sites\/3\/2024\/05\/ESR_Manadens_Roggeelev_Februari_Malva-163x150.jpg 163w, https:\/\/www.europaskolan.se\/rogge\/wp-content\/uploads\/sites\/3\/2024\/05\/ESR_Manadens_Roggeelev_Februari_Malva-768x707.jpg 768w\" sizes=\"(max-width: 1032px) 100vw, 1032px\" \/><\/p>\n<p><em>Nu har vi utsett M\u00e5nadens Roggeelev f\u00f6r februari m\u00e5nad. Den h\u00e4r g\u00e5ngen g\u00e5r utm\u00e4rkelsen till Malva Larsson som g\u00e5r i klass 8B. Ett varmt grattis till dig Malva!<\/em><\/p>\n<p><strong>Motiveringen lyder:<\/strong><\/p>\n<p>\u201dDu visar en genuin vilja att g\u00f6ra ditt b\u00e4sta. Du \u00e4r engagerad p\u00e5 lektionerna och g\u00f6r allt f\u00f6r att andra ska v\u00e4xa. F\u00f6rutom att du \u00e4r positiv, glad, rolig och hj\u00e4lpsam s\u00e5 st\u00f6ttar du alltid dina klasskamrater n\u00e4r de beh\u00f6ver det som mest \u2013 inte minst n\u00e4r klassen tagit emot nya elever har du funnits d\u00e4r och hj\u00e4lpt till med stort som sm\u00e5tt. F\u00f6r allt detta \u00e4r du v\u00e4rd att vara m\u00e5nadens Roggeelev.\u201d<\/p>\n<p><strong>Grunden till M\u00e5nadens Roggeelev \u00e4r enk\u00e4ten om trygghet och studiero<\/strong>\u00a0som g\u00f6rs varje \u00e5r p\u00e5 Europaskolan Rogge. I enk\u00e4tsvaren har trygghetsgruppen analyserat fram \u00f6nskningar fr\u00e5n eleverna hur de vill att de ska vara mot varandra. Det h\u00e4r \u00e4r de definitioner vi utg\u00e5r ifr\u00e5n n\u00e4r vi ska utse M\u00e5nadens Roggeelev:<\/p>\n<p><strong>En sann Roggeelev<\/strong><\/p>\n<ul>\n<li>har ett v\u00e5rdat spr\u00e5k och talar juste till elever och personal<\/li>\n<li>\u00e4r en f\u00f6rebild f\u00f6r andra elever<\/li>\n<li>\u00e4r en bra kompis och uppmuntrar och ser andra elever<\/li>\n<li>har en positiv inst\u00e4llning och sprider den till andra<\/li>\n<li>s\u00e4ger hej till andra elever och personal p\u00e5 skolan<\/li>\n<li>sk\u00f6ter sina studier efter b\u00e4sta f\u00f6rm\u00e5ga och har med r\u00e4tt material till lektionerna.<\/li>\n<\/ul>\n<p><em>Ett stort grattis, Malva \u2013 du visar sann Roggeanda och \u00e4r en s\u00e5dan fin f\u00f6rebild!<\/em><\/p>\n","protected":false},"excerpt":{"rendered":"<p>Nu har vi utsett M\u00e5nadens Roggeelev f\u00f6r februari m\u00e5nad. Den h\u00e4r g\u00e5ngen g\u00e5r utm\u00e4rkelsen till Malva Larsson som g\u00e5r i klass 8B. Ett varmt grattis till dig Malva! Motiveringen lyder: \u201dDu visar en genuin vilja att g\u00f6ra ditt b\u00e4sta. Du \u00e4r engagerad p\u00e5 lektionerna och g\u00f6r allt f\u00f6r att andra ska v\u00e4xa. F\u00f6rutom att du [&hellip;]<\/p>\n","protected":false},"author":1,"featured_media":11322,"comment_status":"closed","ping_status":"closed","sticky":false,"template":"","format":"standard","meta":{"footnotes":""},"categories":[5],"tags":[],"class_list":["post-11321","post","type-post","status-publish","format-standard","has-post-thumbnail","hentry","category-manadens-roggeelev"],"blocksy_meta":[],"rttpg_featured_image_url":{"full":["https:\/\/www.europaskolan.se\/rogge\/wp-content\/uploads\/sites\/3\/2024\/05\/ESR_Manadens_Roggeelev_Februari_MalvaU.jpg",500,380,false],"landscape":["https:\/\/www.europaskolan.se\/rogge\/wp-content\/uploads\/sites\/3\/2024\/05\/ESR_Manadens_Roggeelev_Februari_MalvaU.jpg",500,380,false],"portraits":["https:\/\/www.europaskolan.se\/rogge\/wp-content\/uploads\/sites\/3\/2024\/05\/ESR_Manadens_Roggeelev_Februari_MalvaU.jpg",500,380,false],"thumbnail":["https:\/\/www.europaskolan.se\/rogge\/wp-content\/uploads\/sites\/3\/2024\/05\/ESR_Manadens_Roggeelev_Februari_MalvaU-197x150.jpg",197,150,true],"medium":["https:\/\/www.europaskolan.se\/rogge\/wp-content\/uploads\/sites\/3\/2024\/05\/ESR_Manadens_Roggeelev_Februari_MalvaU-395x300.jpg",395,300,true],"large":["https:\/\/www.europaskolan.se\/rogge\/wp-content\/uploads\/sites\/3\/2024\/05\/ESR_Manadens_Roggeelev_Februari_MalvaU.jpg",500,380,false],"1536x1536":["https:\/\/www.europaskolan.se\/rogge\/wp-content\/uploads\/sites\/3\/2024\/05\/ESR_Manadens_Roggeelev_Februari_MalvaU.jpg",500,380,false],"2048x2048":["https:\/\/www.europaskolan.se\/rogge\/wp-content\/uploads\/sites\/3\/2024\/05\/ESR_Manadens_Roggeelev_Februari_MalvaU.jpg",500,380,false],"sow-carousel-default":["https:\/\/www.europaskolan.se\/rogge\/wp-content\/uploads\/sites\/3\/2024\/05\/ESR_Manadens_Roggeelev_Februari_MalvaU-272x182.jpg",272,182,true]},"rttpg_author":{"display_name":"admin","author_link":"https:\/\/www.europaskolan.se\/rogge\/author\/admin\/"},"rttpg_comment":0,"rttpg_category":"<a href=\"https:\/\/www.europaskolan.se\/rogge\/category\/manadens-roggeelev\/\" rel=\"category tag\">M\u00e5nadens Roggeelev<\/a>","rttpg_excerpt":"Nu har vi utsett M\u00e5nadens Roggeelev f\u00f6r februari m\u00e5nad. Den h\u00e4r g\u00e5ngen g\u00e5r utm\u00e4rkelsen till Malva Larsson som g\u00e5r i klass 8B. Ett varmt grattis till dig Malva! Motiveringen lyder: \u201dDu visar en genuin vilja att g\u00f6ra ditt b\u00e4sta. Du \u00e4r engagerad p\u00e5 lektionerna och g\u00f6r allt f\u00f6r att andra ska v\u00e4xa. F\u00f6rutom att du&hellip;","_links":{"self":[{"href":"https:\/\/www.europaskolan.se\/rogge\/wp-json\/wp\/v2\/posts\/11321","targetHints":{"allow":["GET"]}}],"collection":[{"href":"https:\/\/www.europaskolan.se\/rogge\/wp-json\/wp\/v2\/posts"}],"about":[{"href":"https:\/\/www.europaskolan.se\/rogge\/wp-json\/wp\/v2\/types\/post"}],"author":[{"embeddable":true,"href":"https:\/\/www.europaskolan.se\/rogge\/wp-json\/wp\/v2\/users\/1"}],"replies":[{"embeddable":true,"href":"https:\/\/www.europaskolan.se\/rogge\/wp-json\/wp\/v2\/comments?post=11321"}],"version-history":[{"count":0,"href":"https:\/\/www.europaskolan.se\/rogge\/wp-json\/wp\/v2\/posts\/11321\/revisions"}],"wp:featuredmedia":[{"embeddable":true,"href":"https:\/\/www.europaskolan.se\/rogge\/wp-json\/wp\/v2\/media\/11322"}],"wp:attachment":[{"href":"https:\/\/www.europaskolan.se\/rogge\/wp-json\/wp\/v2\/media?parent=11321"}],"wp:term":[{"taxonomy":"category","embeddable":true,"href":"https:\/\/www.europaskolan.se\/rogge\/wp-json\/wp\/v2\/categories?post=11321"},{"taxonomy":"post_tag","embeddable":true,"href":"https:\/\/www.europaskolan.se\/rogge\/wp-json\/wp\/v2\/tags?post=11321"}],"curies":[{"name":"wp","href":"https:\/\/api.w.org\/{rel}","templated":true}]}}