{"id":11304,"date":"2024-05-02T13:49:59","date_gmt":"2024-05-02T11:49:59","guid":{"rendered":"https:\/\/www.europaskolan.se\/rogge\/?p=11304"},"modified":"2024-11-28T12:36:29","modified_gmt":"2024-11-28T11:36:29","slug":"manadens-roggeelev-mars-2024-alex-nordenbjork","status":"publish","type":"post","link":"https:\/\/www.europaskolan.se\/rogge\/manadens-roggeelev-mars-2024-alex-nordenbjork\/","title":{"rendered":"M\u00e5nadens Roggeelev, mars 2024 \u2013 Alex Nordenbj\u00f6rk,"},"content":{"rendered":"<p><img fetchpriority=\"high\" decoding=\"async\" class=\"alignnone size-full wp-image-11306\" src=\"https:\/\/www.europaskolan.se\/rogge\/wp-content\/uploads\/sites\/3\/2024\/05\/ESR-Manadens_Roggeelev-Mars-2024.jpg\" alt=\"\" width=\"1386\" height=\"1488\" srcset=\"https:\/\/www.europaskolan.se\/rogge\/wp-content\/uploads\/sites\/3\/2024\/05\/ESR-Manadens_Roggeelev-Mars-2024.jpg 1386w, https:\/\/www.europaskolan.se\/rogge\/wp-content\/uploads\/sites\/3\/2024\/05\/ESR-Manadens_Roggeelev-Mars-2024-279x300.jpg 279w, https:\/\/www.europaskolan.se\/rogge\/wp-content\/uploads\/sites\/3\/2024\/05\/ESR-Manadens_Roggeelev-Mars-2024-954x1024.jpg 954w, https:\/\/www.europaskolan.se\/rogge\/wp-content\/uploads\/sites\/3\/2024\/05\/ESR-Manadens_Roggeelev-Mars-2024-140x150.jpg 140w, https:\/\/www.europaskolan.se\/rogge\/wp-content\/uploads\/sites\/3\/2024\/05\/ESR-Manadens_Roggeelev-Mars-2024-768x825.jpg 768w\" sizes=\"(max-width: 1386px) 100vw, 1386px\" \/><\/p>\n<p><em>Nu har vi utsett M\u00e5nadens Roggeelev f\u00f6r mars m\u00e5nad. Den h\u00e4r g\u00e5ngen g\u00e5r utm\u00e4rkelsen till Alex Nordenbj\u00f6rk, som g\u00e5r i klass 9b. Ett varmt grattis till dig Alex!<\/em><\/p>\n<p><strong>Motiveringen lyder:<\/strong><\/p>\n<p>\u201dDu \u00e4r alltid glad och positiv samt bidrar till att sprida gl\u00e4dje, b\u00e5de i klassrummet och utanf\u00f6r. Du tar dina studier p\u00e5 allvar och du \u00e4r m\u00e5n om att alltid g\u00f6ra ditt b\u00e4sta. Genom ditt engagemang och din positiva inst\u00e4llning bidrar du till en god studiemilj\u00f6 i skolan. Du \u00e4r en mycket god kamrat som st\u00f6ttar och peppar dina klasskamrater i v\u00e5tt och torrt. Genom din omt\u00e4nksamhet och ditt stora hj\u00e4rta ser och uppm\u00e4rksammar du alla som finns p\u00e5 skolan. F\u00f6r allt detta \u00e4r det v\u00e5r gl\u00e4dje att utse dig till m\u00e5nadens Roggeelev. \u202fDu visar sann Roggeanda!<br \/>\nGrattis Alex!\u202f\u202f\u201d<\/p>\n<p><strong>Grunden till M\u00e5nadens Roggeelev \u00e4r enk\u00e4ten om trygghet och studiero<\/strong>\u00a0som g\u00f6rs varje \u00e5r p\u00e5 Europaskolan Rogge. I enk\u00e4tsvaren har trygghetsgruppen analyserat fram \u00f6nskningar fr\u00e5n eleverna hur de vill att de ska vara mot varandra. Det h\u00e4r \u00e4r de definitioner vi utg\u00e5r ifr\u00e5n n\u00e4r vi ska utse M\u00e5nadens Roggeelev:<\/p>\n<p><strong>En sann Roggeelev<\/strong><\/p>\n<ul>\n<li>har ett v\u00e5rdat spr\u00e5k och talar juste till elever och personal<\/li>\n<li>\u00e4r en f\u00f6rebild f\u00f6r andra elever<\/li>\n<li>\u00e4r en bra kompis och uppmuntrar och ser andra elever<\/li>\n<li>har en positiv inst\u00e4llning och sprider den till andra<\/li>\n<li>s\u00e4ger hej till andra elever och personal p\u00e5 skolan<\/li>\n<li>sk\u00f6ter sina studier efter b\u00e4sta f\u00f6rm\u00e5ga och har med r\u00e4tt material till lektionerna.<\/li>\n<\/ul>\n<p><em>Ett stort grattis, Havanna \u2013 och \u00e5ter igen, tack f\u00f6r att du \u00e4r en s\u00e5dan fin f\u00f6rebild!<\/em><\/p>\n","protected":false},"excerpt":{"rendered":"<p>Nu har vi utsett M\u00e5nadens Roggeelev f\u00f6r mars m\u00e5nad. Den h\u00e4r g\u00e5ngen g\u00e5r utm\u00e4rkelsen till Alex Nordenbj\u00f6rk, som g\u00e5r i klass 9b. Ett varmt grattis till dig Alex! Motiveringen lyder: \u201dDu \u00e4r alltid glad och positiv samt bidrar till att sprida gl\u00e4dje, b\u00e5de i klassrummet och utanf\u00f6r. Du tar dina studier p\u00e5 allvar och du [&hellip;]<\/p>\n","protected":false},"author":1,"featured_media":11307,"comment_status":"closed","ping_status":"closed","sticky":false,"template":"","format":"standard","meta":{"footnotes":""},"categories":[5],"tags":[],"class_list":["post-11304","post","type-post","status-publish","format-standard","has-post-thumbnail","hentry","category-manadens-roggeelev"],"blocksy_meta":[],"rttpg_featured_image_url":{"full":["https:\/\/www.europaskolan.se\/rogge\/wp-content\/uploads\/sites\/3\/2024\/05\/ESR-Manadens_Roggeelev-Mars-2024-U.jpg",500,380,false],"landscape":["https:\/\/www.europaskolan.se\/rogge\/wp-content\/uploads\/sites\/3\/2024\/05\/ESR-Manadens_Roggeelev-Mars-2024-U.jpg",500,380,false],"portraits":["https:\/\/www.europaskolan.se\/rogge\/wp-content\/uploads\/sites\/3\/2024\/05\/ESR-Manadens_Roggeelev-Mars-2024-U.jpg",500,380,false],"thumbnail":["https:\/\/www.europaskolan.se\/rogge\/wp-content\/uploads\/sites\/3\/2024\/05\/ESR-Manadens_Roggeelev-Mars-2024-U-197x150.jpg",197,150,true],"medium":["https:\/\/www.europaskolan.se\/rogge\/wp-content\/uploads\/sites\/3\/2024\/05\/ESR-Manadens_Roggeelev-Mars-2024-U-395x300.jpg",395,300,true],"large":["https:\/\/www.europaskolan.se\/rogge\/wp-content\/uploads\/sites\/3\/2024\/05\/ESR-Manadens_Roggeelev-Mars-2024-U.jpg",500,380,false],"1536x1536":["https:\/\/www.europaskolan.se\/rogge\/wp-content\/uploads\/sites\/3\/2024\/05\/ESR-Manadens_Roggeelev-Mars-2024-U.jpg",500,380,false],"2048x2048":["https:\/\/www.europaskolan.se\/rogge\/wp-content\/uploads\/sites\/3\/2024\/05\/ESR-Manadens_Roggeelev-Mars-2024-U.jpg",500,380,false],"sow-carousel-default":["https:\/\/www.europaskolan.se\/rogge\/wp-content\/uploads\/sites\/3\/2024\/05\/ESR-Manadens_Roggeelev-Mars-2024-U-272x182.jpg",272,182,true]},"rttpg_author":{"display_name":"admin","author_link":"https:\/\/www.europaskolan.se\/rogge\/author\/admin\/"},"rttpg_comment":0,"rttpg_category":"<a href=\"https:\/\/www.europaskolan.se\/rogge\/category\/manadens-roggeelev\/\" rel=\"category tag\">M\u00e5nadens Roggeelev<\/a>","rttpg_excerpt":"Nu har vi utsett M\u00e5nadens Roggeelev f\u00f6r mars m\u00e5nad. Den h\u00e4r g\u00e5ngen g\u00e5r utm\u00e4rkelsen till Alex Nordenbj\u00f6rk, som g\u00e5r i klass 9b. Ett varmt grattis till dig Alex! Motiveringen lyder: \u201dDu \u00e4r alltid glad och positiv samt bidrar till att sprida gl\u00e4dje, b\u00e5de i klassrummet och utanf\u00f6r. Du tar dina studier p\u00e5 allvar och du&hellip;","_links":{"self":[{"href":"https:\/\/www.europaskolan.se\/rogge\/wp-json\/wp\/v2\/posts\/11304","targetHints":{"allow":["GET"]}}],"collection":[{"href":"https:\/\/www.europaskolan.se\/rogge\/wp-json\/wp\/v2\/posts"}],"about":[{"href":"https:\/\/www.europaskolan.se\/rogge\/wp-json\/wp\/v2\/types\/post"}],"author":[{"embeddable":true,"href":"https:\/\/www.europaskolan.se\/rogge\/wp-json\/wp\/v2\/users\/1"}],"replies":[{"embeddable":true,"href":"https:\/\/www.europaskolan.se\/rogge\/wp-json\/wp\/v2\/comments?post=11304"}],"version-history":[{"count":0,"href":"https:\/\/www.europaskolan.se\/rogge\/wp-json\/wp\/v2\/posts\/11304\/revisions"}],"wp:featuredmedia":[{"embeddable":true,"href":"https:\/\/www.europaskolan.se\/rogge\/wp-json\/wp\/v2\/media\/11307"}],"wp:attachment":[{"href":"https:\/\/www.europaskolan.se\/rogge\/wp-json\/wp\/v2\/media?parent=11304"}],"wp:term":[{"taxonomy":"category","embeddable":true,"href":"https:\/\/www.europaskolan.se\/rogge\/wp-json\/wp\/v2\/categories?post=11304"},{"taxonomy":"post_tag","embeddable":true,"href":"https:\/\/www.europaskolan.se\/rogge\/wp-json\/wp\/v2\/tags?post=11304"}],"curies":[{"name":"wp","href":"https:\/\/api.w.org\/{rel}","templated":true}]}}