{"id":11264,"date":"2024-03-15T10:51:58","date_gmt":"2024-03-15T09:51:58","guid":{"rendered":"https:\/\/www.europaskolan.se\/rogge\/?p=11264"},"modified":"2024-05-02T13:50:26","modified_gmt":"2024-05-02T11:50:26","slug":"manadens-roggeelev-januari-2024-lina-myrnas","status":"publish","type":"post","link":"https:\/\/www.europaskolan.se\/rogge\/manadens-roggeelev-januari-2024-lina-myrnas\/","title":{"rendered":"M\u00e5nadens Roggeelev, januari 2024 \u2013 Lina Myrn\u00e4s"},"content":{"rendered":"<p><img fetchpriority=\"high\" decoding=\"async\" class=\"alignnone size-full wp-image-11268\" src=\"https:\/\/www.europaskolan.se\/rogge\/wp-content\/uploads\/sites\/3\/2024\/03\/ESR_Roggeelev-januari-2024.jpg\" alt=\"\" width=\"828\" height=\"932\" srcset=\"https:\/\/www.europaskolan.se\/rogge\/wp-content\/uploads\/sites\/3\/2024\/03\/ESR_Roggeelev-januari-2024.jpg 828w, https:\/\/www.europaskolan.se\/rogge\/wp-content\/uploads\/sites\/3\/2024\/03\/ESR_Roggeelev-januari-2024-267x300.jpg 267w, https:\/\/www.europaskolan.se\/rogge\/wp-content\/uploads\/sites\/3\/2024\/03\/ESR_Roggeelev-januari-2024-133x150.jpg 133w, https:\/\/www.europaskolan.se\/rogge\/wp-content\/uploads\/sites\/3\/2024\/03\/ESR_Roggeelev-januari-2024-768x864.jpg 768w\" sizes=\"(max-width: 828px) 100vw, 828px\" \/><\/p>\n<p><em>Nu har vi utsett M\u00e5nadens Roggeelev f\u00f6r januari m\u00e5nad. Den h\u00e4r g\u00e5ngen g\u00e5r utm\u00e4rkelsen till Lina Myrn\u00e4s som g\u00e5r i klass 4B. Ett stort grattis till dig Lina!<\/em><\/p>\n<p><strong>Motiveringen lyder:<\/strong><\/p>\n<p style=\"text-align: left;\" align=\"center\">&#8221;Du tar stort ansvar f\u00f6r dina studier och finns alltid som en hj\u00e4lpande hand f\u00f6r dina klasskamrater. Du hj\u00e4lper b\u00e5de dina klasskamrater och dig sj\u00e4lv fram\u00e5t i l\u00e4randet genom att vara b\u00e5de lyh\u00f6rd och vetgirig. Du \u00e4r m\u00e5n om att allt g\u00e5r r\u00e4tt till och att ingen \u00e4r ensam. D\u00e4rf\u00f6r \u00e4r du m\u00e5nadens Roggeelev.&#8221;<\/p>\n<p><strong>Grunden till M\u00e5nadens Roggeelev \u00e4r enk\u00e4ten om trygghet och studiero<\/strong>\u00a0som g\u00f6rs varje \u00e5r p\u00e5 Europaskolan Rogge. I enk\u00e4tsvaren har trygghetsgruppen analyserat fram \u00f6nskningar fr\u00e5n eleverna hur de vill att de ska vara mot varandra. Det h\u00e4r \u00e4r de definitioner vi utg\u00e5r ifr\u00e5n n\u00e4r vi ska utse M\u00e5nadens Roggeelev:<\/p>\n<p><strong>En sann Roggeelev<\/strong><\/p>\n<ul>\n<li>har ett v\u00e5rdat spr\u00e5k och talar juste till elever och personal<\/li>\n<li>\u00e4r en f\u00f6rebild f\u00f6r andra elever<\/li>\n<li>\u00e4r en bra kompis och uppmuntrar och ser andra elever<\/li>\n<li>har en positiv inst\u00e4llning och sprider den till andra<\/li>\n<li>s\u00e4ger hej till andra elever och personal p\u00e5 skolan<\/li>\n<li>sk\u00f6ter sina studier efter b\u00e4sta f\u00f6rm\u00e5ga och har med r\u00e4tt material till lektionerna.<\/li>\n<\/ul>\n<p><em>Ett vart grattis, Lina \u2013 du visar sann Roggeanda och \u00e4r en s\u00e5dan fin f\u00f6rebild!<\/em><\/p>\n","protected":false},"excerpt":{"rendered":"<p>Nu har vi utsett M\u00e5nadens Roggeelev f\u00f6r januari m\u00e5nad. Den h\u00e4r g\u00e5ngen g\u00e5r utm\u00e4rkelsen till Lina Myrn\u00e4s som g\u00e5r i klass 4B. Ett stort grattis till dig Lina! Motiveringen lyder: &#8221;Du tar stort ansvar f\u00f6r dina studier och finns alltid som en hj\u00e4lpande hand f\u00f6r dina klasskamrater. Du hj\u00e4lper b\u00e5de dina klasskamrater och dig sj\u00e4lv [&hellip;]<\/p>\n","protected":false},"author":1,"featured_media":11267,"comment_status":"closed","ping_status":"closed","sticky":false,"template":"","format":"standard","meta":{"footnotes":""},"categories":[5],"tags":[],"class_list":["post-11264","post","type-post","status-publish","format-standard","has-post-thumbnail","hentry","category-manadens-roggeelev"],"blocksy_meta":[],"rttpg_featured_image_url":{"full":["https:\/\/www.europaskolan.se\/rogge\/wp-content\/uploads\/sites\/3\/2024\/03\/ESR_Roggeelev-januari-2024U.jpg",500,380,false],"landscape":["https:\/\/www.europaskolan.se\/rogge\/wp-content\/uploads\/sites\/3\/2024\/03\/ESR_Roggeelev-januari-2024U.jpg",500,380,false],"portraits":["https:\/\/www.europaskolan.se\/rogge\/wp-content\/uploads\/sites\/3\/2024\/03\/ESR_Roggeelev-januari-2024U.jpg",500,380,false],"thumbnail":["https:\/\/www.europaskolan.se\/rogge\/wp-content\/uploads\/sites\/3\/2024\/03\/ESR_Roggeelev-januari-2024U-197x150.jpg",197,150,true],"medium":["https:\/\/www.europaskolan.se\/rogge\/wp-content\/uploads\/sites\/3\/2024\/03\/ESR_Roggeelev-januari-2024U-395x300.jpg",395,300,true],"large":["https:\/\/www.europaskolan.se\/rogge\/wp-content\/uploads\/sites\/3\/2024\/03\/ESR_Roggeelev-januari-2024U.jpg",500,380,false],"1536x1536":["https:\/\/www.europaskolan.se\/rogge\/wp-content\/uploads\/sites\/3\/2024\/03\/ESR_Roggeelev-januari-2024U.jpg",500,380,false],"2048x2048":["https:\/\/www.europaskolan.se\/rogge\/wp-content\/uploads\/sites\/3\/2024\/03\/ESR_Roggeelev-januari-2024U.jpg",500,380,false],"sow-carousel-default":["https:\/\/www.europaskolan.se\/rogge\/wp-content\/uploads\/sites\/3\/2024\/03\/ESR_Roggeelev-januari-2024U-272x182.jpg",272,182,true]},"rttpg_author":{"display_name":"admin","author_link":"https:\/\/www.europaskolan.se\/rogge\/author\/admin\/"},"rttpg_comment":0,"rttpg_category":"<a href=\"https:\/\/www.europaskolan.se\/rogge\/category\/manadens-roggeelev\/\" rel=\"category tag\">M\u00e5nadens Roggeelev<\/a>","rttpg_excerpt":"Nu har vi utsett M\u00e5nadens Roggeelev f\u00f6r januari m\u00e5nad. Den h\u00e4r g\u00e5ngen g\u00e5r utm\u00e4rkelsen till Lina Myrn\u00e4s som g\u00e5r i klass 4B. Ett stort grattis till dig Lina! Motiveringen lyder: &#8221;Du tar stort ansvar f\u00f6r dina studier och finns alltid som en hj\u00e4lpande hand f\u00f6r dina klasskamrater. Du hj\u00e4lper b\u00e5de dina klasskamrater och dig sj\u00e4lv&hellip;","_links":{"self":[{"href":"https:\/\/www.europaskolan.se\/rogge\/wp-json\/wp\/v2\/posts\/11264","targetHints":{"allow":["GET"]}}],"collection":[{"href":"https:\/\/www.europaskolan.se\/rogge\/wp-json\/wp\/v2\/posts"}],"about":[{"href":"https:\/\/www.europaskolan.se\/rogge\/wp-json\/wp\/v2\/types\/post"}],"author":[{"embeddable":true,"href":"https:\/\/www.europaskolan.se\/rogge\/wp-json\/wp\/v2\/users\/1"}],"replies":[{"embeddable":true,"href":"https:\/\/www.europaskolan.se\/rogge\/wp-json\/wp\/v2\/comments?post=11264"}],"version-history":[{"count":0,"href":"https:\/\/www.europaskolan.se\/rogge\/wp-json\/wp\/v2\/posts\/11264\/revisions"}],"wp:featuredmedia":[{"embeddable":true,"href":"https:\/\/www.europaskolan.se\/rogge\/wp-json\/wp\/v2\/media\/11267"}],"wp:attachment":[{"href":"https:\/\/www.europaskolan.se\/rogge\/wp-json\/wp\/v2\/media?parent=11264"}],"wp:term":[{"taxonomy":"category","embeddable":true,"href":"https:\/\/www.europaskolan.se\/rogge\/wp-json\/wp\/v2\/categories?post=11264"},{"taxonomy":"post_tag","embeddable":true,"href":"https:\/\/www.europaskolan.se\/rogge\/wp-json\/wp\/v2\/tags?post=11264"}],"curies":[{"name":"wp","href":"https:\/\/api.w.org\/{rel}","templated":true}]}}