{"id":10250,"date":"2022-12-21T10:41:48","date_gmt":"2022-12-21T09:41:48","guid":{"rendered":"https:\/\/www.europaskolan.se\/rogge\/?p=10250"},"modified":"2023-02-08T13:20:29","modified_gmt":"2023-02-08T12:20:29","slug":"grattis-till-manadens-roggeelever-for-oktober-och-november","status":"publish","type":"post","link":"https:\/\/www.europaskolan.se\/rogge\/grattis-till-manadens-roggeelever-for-oktober-och-november\/","title":{"rendered":"Grattis till m\u00e5nadens Roggeelever f\u00f6r oktober och november"},"content":{"rendered":"<p>Nu har vi korat m\u00e5nadens Roggeelev igen. Denna g\u00e5ng passar vi p\u00e5 att dela ut utm\u00e4rkelsen f\u00f6r b\u00e5de oktober och november m\u00e5nad p\u00e5 samma g\u00e5ng. Utm\u00e4rkelsen i oktober g\u00e5r till Hugo Lindquist, i klass 9b och utm\u00e4rkelsen f\u00f6r november g\u00e5r till Ebba Svanberg, som g\u00e5r i klass 8a. Stort grattis till er!<\/p>\n<p><strong>Se motiveringarna nedan:<\/strong><\/p>\n<p><img fetchpriority=\"high\" decoding=\"async\" class=\"alignnone size-full wp-image-10253\" src=\"https:\/\/www.europaskolan.se\/rogge\/wp-content\/uploads\/sites\/3\/2022\/12\/ESR_Elev-2.jpg\" alt=\"\" width=\"480\" height=\"640\" srcset=\"https:\/\/www.europaskolan.se\/rogge\/wp-content\/uploads\/sites\/3\/2022\/12\/ESR_Elev-2.jpg 480w, https:\/\/www.europaskolan.se\/rogge\/wp-content\/uploads\/sites\/3\/2022\/12\/ESR_Elev-2-225x300.jpg 225w, https:\/\/www.europaskolan.se\/rogge\/wp-content\/uploads\/sites\/3\/2022\/12\/ESR_Elev-2-113x150.jpg 113w\" sizes=\"(max-width: 480px) 100vw, 480px\" \/><\/p>\n<p><strong>M\u00e5nadens Roggeelev f\u00f6r oktober 2022 \u00e4r Hugo Lindquist,<\/strong> <strong>i klass 9b.<\/strong><br \/>\nS\u00e5 h\u00e4r lyder v\u00e5r motivering:<\/p>\n<p><em>\u201dHugo bidrar varje dag till att g\u00f6ra andra skolkamraters skoldag till en positiv upplevelse. Detta har Hugo gjort med stort hj\u00e4rta, omt\u00e4nksamhet och gott kamratskap. Under h\u00f6stterminen har Hugo bidragit till att andra elever vuxit mycket b\u00e5de socialt och kunskapsm\u00e4ssigt.\u201d<\/em><\/p>\n<p><img decoding=\"async\" class=\"alignnone size-full wp-image-10254\" src=\"https:\/\/www.europaskolan.se\/rogge\/wp-content\/uploads\/sites\/3\/2022\/12\/ESR_Elev-1.jpg\" alt=\"\" width=\"636\" height=\"640\" srcset=\"https:\/\/www.europaskolan.se\/rogge\/wp-content\/uploads\/sites\/3\/2022\/12\/ESR_Elev-1.jpg 636w, https:\/\/www.europaskolan.se\/rogge\/wp-content\/uploads\/sites\/3\/2022\/12\/ESR_Elev-1-298x300.jpg 298w, https:\/\/www.europaskolan.se\/rogge\/wp-content\/uploads\/sites\/3\/2022\/12\/ESR_Elev-1-149x150.jpg 149w\" sizes=\"(max-width: 636px) 100vw, 636px\" \/><\/p>\n<p><strong>M\u00e5nadens Roggeelev f\u00f6r november 2022 \u00e4r Ebba Svanberg, i klass 8a.<\/strong><br \/>\nS\u00e5 h\u00e4r lyder v\u00e5r motivering:<\/p>\n<p><em>\u201d <\/em><em>F\u00f6r stort ansvarstagande under entrepren\u00f6rsveckan d\u00e4r du \u00e5terigen visade vilken fin klasskamrat du \u00e4r. Du \u00e4r alltid trevlig mot b\u00e5de klasskamrater och vuxna p\u00e5 skolan. Du besitter en imponerande f\u00f6rm\u00e5ga att sakligt och moget analysera komplexa situationer. Du framf\u00f6r synpunkter och ger \u00e4ven skolledningen viktig feedback.\u201d<\/em><\/p>\n<hr \/>\n<p><strong>Grunden till M\u00e5nadens Roggeelev \u00e4r enk\u00e4ten om trygghet och studiero<\/strong>\u00a0som g\u00f6rs varje \u00e5r p\u00e5 Europaskolan Rogge. I enk\u00e4tsvaren har trygghetsgruppen analyserat fram \u00f6nskningar fr\u00e5n eleverna hur de vill att de ska vara mot varandra. Det h\u00e4r \u00e4r de definitioner vi utg\u00e5r ifr\u00e5n n\u00e4r vi ska utse M\u00e5nadens Roggeelev:<\/p>\n<p><strong>En sann Roggeelev<\/strong><\/p>\n<ul>\n<li>har ett v\u00e5rdat spr\u00e5k och talar juste till elever och personal<\/li>\n<li>\u00e4r en f\u00f6rebild f\u00f6r andra elever<\/li>\n<li>\u00e4r en bra kompis och uppmuntrar och ser andra elever<\/li>\n<li>har en positiv inst\u00e4llning och sprider den till andra<\/li>\n<li>s\u00e4ger hej till andra elever och personal p\u00e5 skolan<\/li>\n<li>sk\u00f6ter sina studier efter b\u00e4sta f\u00f6rm\u00e5ga och har med r\u00e4tt material till lektionerna.<\/li>\n<\/ul>\n<p><strong>Stort grattis till er <\/strong>\u2013 och tack f\u00f6r att ni \u00e4r en s\u00e5 fina f\u00f6rebilder!<\/p>\n","protected":false},"excerpt":{"rendered":"<p>Nu har vi korat m\u00e5nadens Roggeelev igen. Denna g\u00e5ng passar vi p\u00e5 att dela ut utm\u00e4rkelsen f\u00f6r b\u00e5de oktober och november m\u00e5nad p\u00e5 samma g\u00e5ng. Utm\u00e4rkelsen i oktober g\u00e5r till Hugo Lindquist, i klass 9b och utm\u00e4rkelsen f\u00f6r november g\u00e5r till Ebba Svanberg, som g\u00e5r i klass 8a. Stort grattis till er! Se motiveringarna nedan: [&hellip;]<\/p>\n","protected":false},"author":1,"featured_media":10261,"comment_status":"closed","ping_status":"closed","sticky":false,"template":"","format":"standard","meta":{"footnotes":""},"categories":[5],"tags":[],"class_list":["post-10250","post","type-post","status-publish","format-standard","has-post-thumbnail","hentry","category-manadens-roggeelev"],"blocksy_meta":[],"rttpg_featured_image_url":{"full":["https:\/\/www.europaskolan.se\/rogge\/wp-content\/uploads\/sites\/3\/2022\/12\/ESR_Elev-3.jpg",636,518,false],"landscape":["https:\/\/www.europaskolan.se\/rogge\/wp-content\/uploads\/sites\/3\/2022\/12\/ESR_Elev-3.jpg",636,518,false],"portraits":["https:\/\/www.europaskolan.se\/rogge\/wp-content\/uploads\/sites\/3\/2022\/12\/ESR_Elev-3.jpg",636,518,false],"thumbnail":["https:\/\/www.europaskolan.se\/rogge\/wp-content\/uploads\/sites\/3\/2022\/12\/ESR_Elev-3-184x150.jpg",184,150,true],"medium":["https:\/\/www.europaskolan.se\/rogge\/wp-content\/uploads\/sites\/3\/2022\/12\/ESR_Elev-3-368x300.jpg",368,300,true],"large":["https:\/\/www.europaskolan.se\/rogge\/wp-content\/uploads\/sites\/3\/2022\/12\/ESR_Elev-3.jpg",636,518,false],"1536x1536":["https:\/\/www.europaskolan.se\/rogge\/wp-content\/uploads\/sites\/3\/2022\/12\/ESR_Elev-3.jpg",636,518,false],"2048x2048":["https:\/\/www.europaskolan.se\/rogge\/wp-content\/uploads\/sites\/3\/2022\/12\/ESR_Elev-3.jpg",636,518,false],"sow-carousel-default":["https:\/\/www.europaskolan.se\/rogge\/wp-content\/uploads\/sites\/3\/2022\/12\/ESR_Elev-3-272x182.jpg",272,182,true]},"rttpg_author":{"display_name":"admin","author_link":"https:\/\/www.europaskolan.se\/rogge\/author\/admin\/"},"rttpg_comment":0,"rttpg_category":"<a href=\"https:\/\/www.europaskolan.se\/rogge\/category\/manadens-roggeelev\/\" rel=\"category tag\">M\u00e5nadens Roggeelev<\/a>","rttpg_excerpt":"Nu har vi korat m\u00e5nadens Roggeelev igen. Denna g\u00e5ng passar vi p\u00e5 att dela ut utm\u00e4rkelsen f\u00f6r b\u00e5de oktober och november m\u00e5nad p\u00e5 samma g\u00e5ng. Utm\u00e4rkelsen i oktober g\u00e5r till Hugo Lindquist, i klass 9b och utm\u00e4rkelsen f\u00f6r november g\u00e5r till Ebba Svanberg, som g\u00e5r i klass 8a. Stort grattis till er! Se motiveringarna nedan:&hellip;","_links":{"self":[{"href":"https:\/\/www.europaskolan.se\/rogge\/wp-json\/wp\/v2\/posts\/10250","targetHints":{"allow":["GET"]}}],"collection":[{"href":"https:\/\/www.europaskolan.se\/rogge\/wp-json\/wp\/v2\/posts"}],"about":[{"href":"https:\/\/www.europaskolan.se\/rogge\/wp-json\/wp\/v2\/types\/post"}],"author":[{"embeddable":true,"href":"https:\/\/www.europaskolan.se\/rogge\/wp-json\/wp\/v2\/users\/1"}],"replies":[{"embeddable":true,"href":"https:\/\/www.europaskolan.se\/rogge\/wp-json\/wp\/v2\/comments?post=10250"}],"version-history":[{"count":0,"href":"https:\/\/www.europaskolan.se\/rogge\/wp-json\/wp\/v2\/posts\/10250\/revisions"}],"wp:featuredmedia":[{"embeddable":true,"href":"https:\/\/www.europaskolan.se\/rogge\/wp-json\/wp\/v2\/media\/10261"}],"wp:attachment":[{"href":"https:\/\/www.europaskolan.se\/rogge\/wp-json\/wp\/v2\/media?parent=10250"}],"wp:term":[{"taxonomy":"category","embeddable":true,"href":"https:\/\/www.europaskolan.se\/rogge\/wp-json\/wp\/v2\/categories?post=10250"},{"taxonomy":"post_tag","embeddable":true,"href":"https:\/\/www.europaskolan.se\/rogge\/wp-json\/wp\/v2\/tags?post=10250"}],"curies":[{"name":"wp","href":"https:\/\/api.w.org\/{rel}","templated":true}]}}