{"id":10183,"date":"2022-10-26T16:26:26","date_gmt":"2022-10-26T14:26:26","guid":{"rendered":"https:\/\/www.europaskolan.se\/rogge\/?p=10183"},"modified":"2022-10-26T16:28:48","modified_gmt":"2022-10-26T14:28:48","slug":"manadens-roggeelev-september-2022-mantas-aleksejunas","status":"publish","type":"post","link":"https:\/\/www.europaskolan.se\/rogge\/manadens-roggeelev-september-2022-mantas-aleksejunas\/","title":{"rendered":"M\u00e5nadens Roggeelev, september 2022 \u2013 Mantas Aleksejunas"},"content":{"rendered":"<p><img fetchpriority=\"high\" decoding=\"async\" class=\"alignnone size-full wp-image-10185\" src=\"https:\/\/www.europaskolan.se\/rogge\/wp-content\/uploads\/sites\/3\/2022\/10\/ESR_ManadsElev_Sep.jpg\" alt=\"\" width=\"1440\" height=\"1800\" srcset=\"https:\/\/www.europaskolan.se\/rogge\/wp-content\/uploads\/sites\/3\/2022\/10\/ESR_ManadsElev_Sep.jpg 1440w, https:\/\/www.europaskolan.se\/rogge\/wp-content\/uploads\/sites\/3\/2022\/10\/ESR_ManadsElev_Sep-240x300.jpg 240w, https:\/\/www.europaskolan.se\/rogge\/wp-content\/uploads\/sites\/3\/2022\/10\/ESR_ManadsElev_Sep-819x1024.jpg 819w, https:\/\/www.europaskolan.se\/rogge\/wp-content\/uploads\/sites\/3\/2022\/10\/ESR_ManadsElev_Sep-120x150.jpg 120w, https:\/\/www.europaskolan.se\/rogge\/wp-content\/uploads\/sites\/3\/2022\/10\/ESR_ManadsElev_Sep-768x960.jpg 768w, https:\/\/www.europaskolan.se\/rogge\/wp-content\/uploads\/sites\/3\/2022\/10\/ESR_ManadsElev_Sep-1229x1536.jpg 1229w\" sizes=\"(max-width: 1440px) 100vw, 1440px\" \/><\/p>\n<p><em>Nu har vi korat m\u00e5nadens Roggeelev igen. Den h\u00e4r m\u00e5naden g\u00e5r utm\u00e4rkelsen till en elev i \u00e5rskurs 5, som verkligen upp till skolans f\u00f6rv\u00e4ntningar \u2013 genom sitt s\u00e4tt att ta ansvar och sitt s\u00e4tt att sprida trygghet i sin omgivning. Varmt grattis Mantas!<\/em><\/p>\n<p><strong>M\u00e5nadens Roggeelev i september 2022 \u00e4r Mantas Aleksejunas,<\/strong> klass 5b.<br \/>\nS\u00e5 h\u00e4r lyder v\u00e5r motivering:<\/p>\n<p><em>\u02dd<\/em><em>M\u00e5nadens Roggeelev \u00e4r en elev som verkligen besitter f\u00f6rm\u00e5gan att<strong> se<\/strong> andra elever och personal. Fr\u00e5n de sm\u00e5 sakerna som n\u00e4r du l\u00e4gger m\u00e4rke till vilka i klassrummet som f\u00e5r solen i \u00f6gonen n\u00e4r persiennerna \u00e4r uppe, till de st\u00f6rre stunderna n\u00e4r du inkluderar klasskompisar i aktiviteter p\u00e5 raster och i skolarbete.\u00a0 Du \u00e4r en f\u00f6rbild i och utanf\u00f6r klassrummet som alltid hj\u00e4lper och st\u00f6ttar.\u02dd<\/em><\/p>\n<p><strong>Grunden till M\u00e5nadens Roggeelev \u00e4r enk\u00e4ten om trygghet och studiero<\/strong>\u00a0som g\u00f6rs varje \u00e5r p\u00e5 Europaskolan Rogge. I enk\u00e4tsvaren har trygghetsgruppen analyserat fram \u00f6nskningar fr\u00e5n eleverna hur de vill att de ska vara mot varandra. Det h\u00e4r \u00e4r de definitioner vi utg\u00e5r ifr\u00e5n n\u00e4r vi ska utse M\u00e5nadens Roggeelev:<\/p>\n<p><strong>En sann Roggeelev<\/strong><\/p>\n<ul>\n<li>har ett v\u00e5rdat spr\u00e5k och talar juste till elever och personal<\/li>\n<li>\u00e4r en f\u00f6rebild f\u00f6r andra elever<\/li>\n<li>\u00e4r en bra kompis och uppmuntrar och ser andra elever<\/li>\n<li>har en positiv inst\u00e4llning och sprider den till andra<\/li>\n<li>s\u00e4ger hej till andra elever och personal p\u00e5 skolan<\/li>\n<li>sk\u00f6ter sina studier efter b\u00e4sta f\u00f6rm\u00e5ga och har med r\u00e4tt material till lektionerna.<\/li>\n<\/ul>\n<p><strong>Stort grattis till dig, Matas <\/strong>\u2013 och tack f\u00f6r att du \u00e4r en s\u00e5dan bra f\u00f6rebild!<\/p>\n","protected":false},"excerpt":{"rendered":"<p>Nu har vi korat m\u00e5nadens Roggeelev igen. Den h\u00e4r m\u00e5naden g\u00e5r utm\u00e4rkelsen till en elev i \u00e5rskurs 5, som verkligen upp till skolans f\u00f6rv\u00e4ntningar \u2013 genom sitt s\u00e4tt att ta ansvar och sitt s\u00e4tt att sprida trygghet i sin omgivning. Varmt grattis Mantas! M\u00e5nadens Roggeelev i september 2022 \u00e4r Mantas Aleksejunas, klass 5b. S\u00e5 h\u00e4r [&hellip;]<\/p>\n","protected":false},"author":1,"featured_media":10188,"comment_status":"closed","ping_status":"closed","sticky":false,"template":"","format":"standard","meta":{"footnotes":""},"categories":[5],"tags":[],"class_list":["post-10183","post","type-post","status-publish","format-standard","has-post-thumbnail","hentry","category-manadens-roggeelev"],"blocksy_meta":[],"rttpg_featured_image_url":{"full":["https:\/\/www.europaskolan.se\/rogge\/wp-content\/uploads\/sites\/3\/2022\/10\/ESR_ManadsElev_Sep-1-1.jpg",1440,1264,false],"landscape":["https:\/\/www.europaskolan.se\/rogge\/wp-content\/uploads\/sites\/3\/2022\/10\/ESR_ManadsElev_Sep-1-1.jpg",1440,1264,false],"portraits":["https:\/\/www.europaskolan.se\/rogge\/wp-content\/uploads\/sites\/3\/2022\/10\/ESR_ManadsElev_Sep-1-1.jpg",1440,1264,false],"thumbnail":["https:\/\/www.europaskolan.se\/rogge\/wp-content\/uploads\/sites\/3\/2022\/10\/ESR_ManadsElev_Sep-1-1-171x150.jpg",171,150,true],"medium":["https:\/\/www.europaskolan.se\/rogge\/wp-content\/uploads\/sites\/3\/2022\/10\/ESR_ManadsElev_Sep-1-1-342x300.jpg",342,300,true],"large":["https:\/\/www.europaskolan.se\/rogge\/wp-content\/uploads\/sites\/3\/2022\/10\/ESR_ManadsElev_Sep-1-1-1024x899.jpg",1024,899,true],"1536x1536":["https:\/\/www.europaskolan.se\/rogge\/wp-content\/uploads\/sites\/3\/2022\/10\/ESR_ManadsElev_Sep-1-1.jpg",1440,1264,false],"2048x2048":["https:\/\/www.europaskolan.se\/rogge\/wp-content\/uploads\/sites\/3\/2022\/10\/ESR_ManadsElev_Sep-1-1.jpg",1440,1264,false],"sow-carousel-default":["https:\/\/www.europaskolan.se\/rogge\/wp-content\/uploads\/sites\/3\/2022\/10\/ESR_ManadsElev_Sep-1-1-272x182.jpg",272,182,true]},"rttpg_author":{"display_name":"admin","author_link":"https:\/\/www.europaskolan.se\/rogge\/author\/admin\/"},"rttpg_comment":0,"rttpg_category":"<a href=\"https:\/\/www.europaskolan.se\/rogge\/category\/manadens-roggeelev\/\" rel=\"category tag\">M\u00e5nadens Roggeelev<\/a>","rttpg_excerpt":"Nu har vi korat m\u00e5nadens Roggeelev igen. Den h\u00e4r m\u00e5naden g\u00e5r utm\u00e4rkelsen till en elev i \u00e5rskurs 5, som verkligen upp till skolans f\u00f6rv\u00e4ntningar \u2013 genom sitt s\u00e4tt att ta ansvar och sitt s\u00e4tt att sprida trygghet i sin omgivning. Varmt grattis Mantas! M\u00e5nadens Roggeelev i september 2022 \u00e4r Mantas Aleksejunas, klass 5b. S\u00e5 h\u00e4r&hellip;","_links":{"self":[{"href":"https:\/\/www.europaskolan.se\/rogge\/wp-json\/wp\/v2\/posts\/10183","targetHints":{"allow":["GET"]}}],"collection":[{"href":"https:\/\/www.europaskolan.se\/rogge\/wp-json\/wp\/v2\/posts"}],"about":[{"href":"https:\/\/www.europaskolan.se\/rogge\/wp-json\/wp\/v2\/types\/post"}],"author":[{"embeddable":true,"href":"https:\/\/www.europaskolan.se\/rogge\/wp-json\/wp\/v2\/users\/1"}],"replies":[{"embeddable":true,"href":"https:\/\/www.europaskolan.se\/rogge\/wp-json\/wp\/v2\/comments?post=10183"}],"version-history":[{"count":0,"href":"https:\/\/www.europaskolan.se\/rogge\/wp-json\/wp\/v2\/posts\/10183\/revisions"}],"wp:featuredmedia":[{"embeddable":true,"href":"https:\/\/www.europaskolan.se\/rogge\/wp-json\/wp\/v2\/media\/10188"}],"wp:attachment":[{"href":"https:\/\/www.europaskolan.se\/rogge\/wp-json\/wp\/v2\/media?parent=10183"}],"wp:term":[{"taxonomy":"category","embeddable":true,"href":"https:\/\/www.europaskolan.se\/rogge\/wp-json\/wp\/v2\/categories?post=10183"},{"taxonomy":"post_tag","embeddable":true,"href":"https:\/\/www.europaskolan.se\/rogge\/wp-json\/wp\/v2\/tags?post=10183"}],"curies":[{"name":"wp","href":"https:\/\/api.w.org\/{rel}","templated":true}]}}