{"id":10143,"date":"2022-09-12T12:00:54","date_gmt":"2022-09-12T10:00:54","guid":{"rendered":"https:\/\/www.europaskolan.se\/rogge\/?p=10143"},"modified":"2022-10-26T16:08:14","modified_gmt":"2022-10-26T14:08:14","slug":"manadens-roggeelev-augusti-2022-vidar-jongren","status":"publish","type":"post","link":"https:\/\/www.europaskolan.se\/rogge\/manadens-roggeelev-augusti-2022-vidar-jongren\/","title":{"rendered":"M\u00e5nadens Roggeelev, augusti 2022 \u2013 Vidar J\u00f6ngren"},"content":{"rendered":"<p><img fetchpriority=\"high\" decoding=\"async\" class=\"alignnone wp-image-10146 size-full\" src=\"https:\/\/www.europaskolan.se\/rogge\/wp-content\/uploads\/sites\/3\/2022\/10\/Vidar-Jongren.jpg\" alt=\"\" width=\"843\" height=\"771\" srcset=\"https:\/\/www.europaskolan.se\/rogge\/wp-content\/uploads\/sites\/3\/2022\/10\/Vidar-Jongren.jpg 843w, https:\/\/www.europaskolan.se\/rogge\/wp-content\/uploads\/sites\/3\/2022\/10\/Vidar-Jongren-328x300.jpg 328w, https:\/\/www.europaskolan.se\/rogge\/wp-content\/uploads\/sites\/3\/2022\/10\/Vidar-Jongren-164x150.jpg 164w, https:\/\/www.europaskolan.se\/rogge\/wp-content\/uploads\/sites\/3\/2022\/10\/Vidar-Jongren-768x702.jpg 768w\" sizes=\"(max-width: 843px) 100vw, 843px\" \/><\/p>\n<p><em>Efter en tids uppeh\u00e5ll p\u00e5 grund av pandemin med mera, \u00e4r vi nu \u00e4ntligen ig\u00e5ng med M\u00e5nadens Roggeelev igen. Den h\u00e4r g\u00e5ngen g\u00e5r utm\u00e4rkelsen till en elev i \u00e5rskurs 8, som verkligen upp till skolans f\u00f6rv\u00e4ntningar \u2013 genom sitt s\u00e4tt att ta ansvar och sitt s\u00e4tt att sprida trygghet i sin omgivning. Varmt grattis Vidar!<\/em><\/p>\n<p><strong>M\u00e5nadens Roggeelev i september 2022 \u00e4r Vidar J\u00f6ngren,<\/strong> klass 8c.<br \/>\nS\u00e5 h\u00e4r lyder v\u00e5r motivering:<\/p>\n<p><em>\u02dd<\/em><em>F\u00f6r sitt stora ansvarstagande i skolans idrottsf\u00f6rening och f\u00f6r att han \u00e4r en s\u00e5 fin kompis som sprider trygghet och gl\u00e4dje omkring sig. Vi \u00e4r stolta att ha dig som elev. Grattis Vidar!<\/em><em>!\u201d<\/em><\/p>\n<p><strong>Grunden till M\u00e5nadens Roggeelev \u00e4r enk\u00e4ten om trygghet och studiero<\/strong>\u00a0som g\u00f6rs varje \u00e5r p\u00e5 Europaskolan Rogge. I enk\u00e4tsvaren har trygghetsgruppen analyserat fram \u00f6nskningar fr\u00e5n eleverna hur de vill att de ska vara mot varandra. Det h\u00e4r \u00e4r de definitioner vi utg\u00e5r ifr\u00e5n n\u00e4r vi ska utse M\u00e5nadens Roggeelev:<\/p>\n<p><strong>En sann Roggeelev<\/strong><\/p>\n<ul>\n<li>har ett v\u00e5rdat spr\u00e5k och talar juste till elever och personal<\/li>\n<li>\u00e4r en f\u00f6rebild f\u00f6r andra elever<\/li>\n<li>\u00e4r en bra kompis och uppmuntrar och ser andra elever<\/li>\n<li>har en positiv inst\u00e4llning och sprider den till andra<\/li>\n<li>s\u00e4ger hej till andra elever och personal p\u00e5 skolan<\/li>\n<li>sk\u00f6ter sina studier efter b\u00e4sta f\u00f6rm\u00e5ga och har med r\u00e4tt material till lektionerna.<\/li>\n<\/ul>\n<p><strong>Stort grattis till dig, Vidar <\/strong>\u2013 och tack f\u00f6r att du \u00e4r en s\u00e5dan bra f\u00f6rebild!<\/p>\n","protected":false},"excerpt":{"rendered":"<p>Efter en tids uppeh\u00e5ll p\u00e5 grund av pandemin med mera, \u00e4r vi nu \u00e4ntligen ig\u00e5ng med M\u00e5nadens Roggeelev igen. Den h\u00e4r g\u00e5ngen g\u00e5r utm\u00e4rkelsen till en elev i \u00e5rskurs 8, som verkligen upp till skolans f\u00f6rv\u00e4ntningar \u2013 genom sitt s\u00e4tt att ta ansvar och sitt s\u00e4tt att sprida trygghet i sin omgivning. Varmt grattis Vidar! [&hellip;]<\/p>\n","protected":false},"author":1,"featured_media":10146,"comment_status":"closed","ping_status":"closed","sticky":false,"template":"","format":"standard","meta":{"footnotes":""},"categories":[5],"tags":[],"class_list":["post-10143","post","type-post","status-publish","format-standard","has-post-thumbnail","hentry","category-manadens-roggeelev"],"blocksy_meta":[],"rttpg_featured_image_url":{"full":["https:\/\/www.europaskolan.se\/rogge\/wp-content\/uploads\/sites\/3\/2022\/10\/Vidar-Jongren.jpg",843,771,false],"landscape":["https:\/\/www.europaskolan.se\/rogge\/wp-content\/uploads\/sites\/3\/2022\/10\/Vidar-Jongren.jpg",843,771,false],"portraits":["https:\/\/www.europaskolan.se\/rogge\/wp-content\/uploads\/sites\/3\/2022\/10\/Vidar-Jongren.jpg",843,771,false],"thumbnail":["https:\/\/www.europaskolan.se\/rogge\/wp-content\/uploads\/sites\/3\/2022\/10\/Vidar-Jongren-164x150.jpg",164,150,true],"medium":["https:\/\/www.europaskolan.se\/rogge\/wp-content\/uploads\/sites\/3\/2022\/10\/Vidar-Jongren-328x300.jpg",328,300,true],"large":["https:\/\/www.europaskolan.se\/rogge\/wp-content\/uploads\/sites\/3\/2022\/10\/Vidar-Jongren.jpg",843,771,false],"1536x1536":["https:\/\/www.europaskolan.se\/rogge\/wp-content\/uploads\/sites\/3\/2022\/10\/Vidar-Jongren.jpg",843,771,false],"2048x2048":["https:\/\/www.europaskolan.se\/rogge\/wp-content\/uploads\/sites\/3\/2022\/10\/Vidar-Jongren.jpg",843,771,false],"sow-carousel-default":["https:\/\/www.europaskolan.se\/rogge\/wp-content\/uploads\/sites\/3\/2022\/10\/Vidar-Jongren-272x182.jpg",272,182,true]},"rttpg_author":{"display_name":"admin","author_link":"https:\/\/www.europaskolan.se\/rogge\/author\/admin\/"},"rttpg_comment":0,"rttpg_category":"<a href=\"https:\/\/www.europaskolan.se\/rogge\/category\/manadens-roggeelev\/\" rel=\"category tag\">M\u00e5nadens Roggeelev<\/a>","rttpg_excerpt":"Efter en tids uppeh\u00e5ll p\u00e5 grund av pandemin med mera, \u00e4r vi nu \u00e4ntligen ig\u00e5ng med M\u00e5nadens Roggeelev igen. Den h\u00e4r g\u00e5ngen g\u00e5r utm\u00e4rkelsen till en elev i \u00e5rskurs 8, som verkligen upp till skolans f\u00f6rv\u00e4ntningar \u2013 genom sitt s\u00e4tt att ta ansvar och sitt s\u00e4tt att sprida trygghet i sin omgivning. Varmt grattis Vidar!&hellip;","_links":{"self":[{"href":"https:\/\/www.europaskolan.se\/rogge\/wp-json\/wp\/v2\/posts\/10143","targetHints":{"allow":["GET"]}}],"collection":[{"href":"https:\/\/www.europaskolan.se\/rogge\/wp-json\/wp\/v2\/posts"}],"about":[{"href":"https:\/\/www.europaskolan.se\/rogge\/wp-json\/wp\/v2\/types\/post"}],"author":[{"embeddable":true,"href":"https:\/\/www.europaskolan.se\/rogge\/wp-json\/wp\/v2\/users\/1"}],"replies":[{"embeddable":true,"href":"https:\/\/www.europaskolan.se\/rogge\/wp-json\/wp\/v2\/comments?post=10143"}],"version-history":[{"count":0,"href":"https:\/\/www.europaskolan.se\/rogge\/wp-json\/wp\/v2\/posts\/10143\/revisions"}],"wp:featuredmedia":[{"embeddable":true,"href":"https:\/\/www.europaskolan.se\/rogge\/wp-json\/wp\/v2\/media\/10146"}],"wp:attachment":[{"href":"https:\/\/www.europaskolan.se\/rogge\/wp-json\/wp\/v2\/media?parent=10143"}],"wp:term":[{"taxonomy":"category","embeddable":true,"href":"https:\/\/www.europaskolan.se\/rogge\/wp-json\/wp\/v2\/categories?post=10143"},{"taxonomy":"post_tag","embeddable":true,"href":"https:\/\/www.europaskolan.se\/rogge\/wp-json\/wp\/v2\/tags?post=10143"}],"curies":[{"name":"wp","href":"https:\/\/api.w.org\/{rel}","templated":true}]}}